{"id":16675,"date":"2020-01-11T15:48:16","date_gmt":"2020-01-11T14:48:16","guid":{"rendered":"http:\/\/agora.xtec.cat\/esc-la-cabana\/?p=16675"},"modified":"2020-01-11T15:48:16","modified_gmt":"2020-01-11T14:48:16","slug":"sortida-a-barcelona-a-veure-el-superordinador","status":"publish","type":"post","link":"https:\/\/agora.xtec.cat\/esc-la-cabana\/general\/sortida-a-barcelona-a-veure-el-superordinador\/","title":{"rendered":"SORTIDA A BARCELONA A VEURE EL SUPERORDINADOR"},"content":{"rendered":"<p>.El dimecres 4 de desembre l&#8217;alumnat de cicle mitj\u00e0 i cicle superior vam anar d&#8217;excursi\u00f3 a Barcelona per visitar el superordinador MareNostrum 4.<\/p>\n<p>El superordinador MareNostrum 4, del Barcelona Supercomputing Center-Centro Nacional de Supercomputaci\u00f3n (BSC-CNS), est\u00e0 en producci\u00f3 des del juliol al recinte de la capella de Torre Girona. Ha comen\u00e7at a executar aplicacions destinades a la recerca cient\u00edfica. <strong>\u00c9s 12 vegades m\u00e9s potent que l\u2019anterior<\/strong>, el MareNostrum 3, i la seva arquitectura computacional l\u2019ha portat a ser denominat el superordinador \u201cm\u00e9s divers i interessant del m\u00f3n\u201d. El supercomputador, t\u00e9 un cost total de 34 milions d\u2019euros.<\/p>\n<p>L\u2019escola forma part del projecte pilot de la UPC: <em>Aqu\u00edSTEAM<\/em> \u00a0(Science, Technology, Engineering and Mathematics). \u00c9s un nou model d\u2019innovaci\u00f3 pedag\u00f2gica i metodol\u00f2gica que vol aproximar les carreres t\u00e8cniques de les universitats, visualitzar la dona com a enginyera i identificar problemes reals, per trobar solucions realistes i acompanyar i conduir el seu propi proc\u00e9s d\u2019aprenentatge, per donar eines a l\u2019alumnat per enfrontar-se a la realitat incerta i canviant del seu futur laboral. Aquest model encaixa amb la l\u00ednia educativa de l\u2019escola, donat que treballa per crear persones investigadores i utilitza par\u00e0metres com la creativitat, el foment de la curiositat, l\u2019an\u00e0lisi, l\u2019intercanvi d\u2019idees, el treball en equip i el m\u00e8tode assaig-error.<\/p>\n<p>A la sortida ens van rebre dues enginyeres que treballen amb el superordinador. Primerament, ens van posar el v\u00eddeo i la can\u00e7\u00f3 \u201cMarenostrum\u201d del grup \u201cMaced\u00f2nia\u201d per entendre millor que era el que an\u00e0vem a veure. Despr\u00e9s, per grups, vam fer una visita guiada on se\u2019ns va explicar totes les caracter\u00edstiques d\u2019aquesta m\u00e0quina tant interessant i vam al\u00b7lucinar amb la quantitat de cables i xips que tenia. Finalment, vam fer diversos jocs per entendre com funciona i per a qu\u00e8 serveix. Va ser una experi\u00e8ncia inoblidable i que segur que recordarem quan siguem m\u00e9s grans. Aix\u00f2 s\u00ed, llavors ja hi haur\u00e0 el Marenostrum 10!<\/p>\n<p>Podeu verue les imatges de <a href=\"https:\/\/photos.app.goo.gl\/pZbTVitSzLbFYJvV9\" target=\"_blank\" rel=\"noopener noreferrer\">cicle mitj\u00e0<\/a> i <a href=\"https:\/\/photos.app.goo.gl\/PizK4agKy6jccY2R6\" target=\"_blank\" rel=\"noopener noreferrer\">cicle superior.<\/a><\/p>\n<p style=\"text-align: center;\"><a href=\"https:\/\/agora.xtec.cat\/esc-la-cabana\/wp-content\/uploads\/usu849\/2020\/01\/IMG_20191204_101225_opt.jpg\"><img loading=\"lazy\" decoding=\"async\" class=\"alignnone size-full wp-image-16678\" src=\"https:\/\/agora.xtec.cat\/esc-la-cabana\/wp-content\/uploads\/usu849\/2020\/01\/IMG_20191204_101225_opt.jpg\" alt=\"\" width=\"400\" height=\"300\" srcset=\"https:\/\/agora.xtec.cat\/esc-la-cabana\/wp-content\/uploads\/usu849\/2020\/01\/IMG_20191204_101225_opt.jpg 400w, https:\/\/agora.xtec.cat\/esc-la-cabana\/wp-content\/uploads\/usu849\/2020\/01\/IMG_20191204_101225_opt-300x225.jpg 300w, https:\/\/agora.xtec.cat\/esc-la-cabana\/wp-content\/uploads\/usu849\/2020\/01\/IMG_20191204_101225_opt-200x150.jpg 200w\" sizes=\"auto, (max-width: 400px) 100vw, 400px\" \/><\/a><\/p>\n","protected":false},"excerpt":{"rendered":"<p>El dimecres 4 de desembre l&#8217;alumnat de cicle mitj\u00e0 i cicle superior vam anar d&#8217;excursi\u00f3 a Barcelona per visitar el superordinador MareNostrum 4.<\/p>\n","protected":false},"author":25,"featured_media":16677,"comment_status":"open","ping_status":"closed","sticky":false,"template":"","format":"standard","meta":{"_bbp_topic_count":0,"_bbp_reply_count":0,"_bbp_total_topic_count":0,"_bbp_total_reply_count":0,"_bbp_voice_count":0,"_bbp_anonymous_reply_count":0,"_bbp_topic_count_hidden":0,"_bbp_reply_count_hidden":0,"_bbp_forum_subforum_count":0,"site-sidebar-layout":"default","site-content-layout":"","ast-site-content-layout":"","site-content-style":"default","site-sidebar-style":"default","ast-global-header-display":"","ast-banner-title-visibility":"","ast-main-header-display":"","ast-hfb-above-header-display":"","ast-hfb-below-header-display":"","ast-hfb-mobile-header-display":"","site-post-title":"","ast-breadcrumbs-content":"","ast-featured-img":"","footer-sml-layout":"","theme-transparent-header-meta":"","adv-header-id-meta":"","stick-header-meta":"","header-above-stick-meta":"","header-main-stick-meta":"","header-below-stick-meta":"","astra-migrate-meta-layouts":"default","ast-page-background-enabled":"default","ast-page-background-meta":{"desktop":{"background-color":"var(--ast-global-color-4)","background-image":"","background-repeat":"repeat","background-position":"center center","background-size":"auto","background-attachment":"scroll","background-type":"","background-media":"","overlay-type":"","overlay-color":"","overlay-opacity":"","overlay-gradient":""},"tablet":{"background-color":"","background-image":"","background-repeat":"repeat","background-position":"center center","background-size":"auto","background-attachment":"scroll","background-type":"","background-media":"","overlay-type":"","overlay-color":"","overlay-opacity":"","overlay-gradient":""},"mobile":{"background-color":"","background-image":"","background-repeat":"repeat","background-position":"center center","background-size":"auto","background-attachment":"scroll","background-type":"","background-media":"","overlay-type":"","overlay-color":"","overlay-opacity":"","overlay-gradient":""}},"ast-content-background-meta":{"desktop":{"background-color":"var(--ast-global-color-5)","background-image":"","background-repeat":"repeat","background-position":"center center","background-size":"auto","background-attachment":"scroll","background-type":"","background-media":"","overlay-type":"","overlay-color":"","overlay-opacity":"","overlay-gradient":""},"tablet":{"background-color":"var(--ast-global-color-5)","background-image":"","background-repeat":"repeat","background-position":"center center","background-size":"auto","background-attachment":"scroll","background-type":"","background-media":"","overlay-type":"","overlay-color":"","overlay-opacity":"","overlay-gradient":""},"mobile":{"background-color":"var(--ast-global-color-5)","background-image":"","background-repeat":"repeat","background-position":"center center","background-size":"auto","background-attachment":"scroll","background-type":"","background-media":"","overlay-type":"","overlay-color":"","overlay-opacity":"","overlay-gradient":""}},"footnotes":""},"categories":[12,14,1,4],"tags":[106,74,216,16,223],"class_list":["post-16675","post","type-post","status-publish","format-standard","has-post-thumbnail","hentry","category-c-m","category-c-s","category-general","category-portada","tag-cicle-mitja","tag-cicle-superior","tag-curs-2019-2020","tag-sortides","tag-steam"],"post_mailing_queue_ids":[],"_links":{"self":[{"href":"https:\/\/agora.xtec.cat\/esc-la-cabana\/wp-json\/wp\/v2\/posts\/16675","targetHints":{"allow":["GET"]}}],"collection":[{"href":"https:\/\/agora.xtec.cat\/esc-la-cabana\/wp-json\/wp\/v2\/posts"}],"about":[{"href":"https:\/\/agora.xtec.cat\/esc-la-cabana\/wp-json\/wp\/v2\/types\/post"}],"author":[{"embeddable":true,"href":"https:\/\/agora.xtec.cat\/esc-la-cabana\/wp-json\/wp\/v2\/users\/25"}],"replies":[{"embeddable":true,"href":"https:\/\/agora.xtec.cat\/esc-la-cabana\/wp-json\/wp\/v2\/comments?post=16675"}],"version-history":[{"count":3,"href":"https:\/\/agora.xtec.cat\/esc-la-cabana\/wp-json\/wp\/v2\/posts\/16675\/revisions"}],"predecessor-version":[{"id":16680,"href":"https:\/\/agora.xtec.cat\/esc-la-cabana\/wp-json\/wp\/v2\/posts\/16675\/revisions\/16680"}],"wp:featuredmedia":[{"embeddable":true,"href":"https:\/\/agora.xtec.cat\/esc-la-cabana\/wp-json\/wp\/v2\/media\/16677"}],"wp:attachment":[{"href":"https:\/\/agora.xtec.cat\/esc-la-cabana\/wp-json\/wp\/v2\/media?parent=16675"}],"wp:term":[{"taxonomy":"category","embeddable":true,"href":"https:\/\/agora.xtec.cat\/esc-la-cabana\/wp-json\/wp\/v2\/categories?post=16675"},{"taxonomy":"post_tag","embeddable":true,"href":"https:\/\/agora.xtec.cat\/esc-la-cabana\/wp-json\/wp\/v2\/tags?post=16675"}],"curies":[{"name":"wp","href":"https:\/\/api.w.org\/{rel}","templated":true}]}}