{"id":16639,"date":"2019-12-20T12:48:43","date_gmt":"2019-12-20T11:48:43","guid":{"rendered":"http:\/\/agora.xtec.cat\/esc-la-cabana\/?p=16639"},"modified":"2019-12-20T12:48:43","modified_gmt":"2019-12-20T11:48:43","slug":"arriba-el-nadal","status":"publish","type":"post","link":"https:\/\/agora.xtec.cat\/esc-la-cabana\/portada\/arriba-el-nadal\/","title":{"rendered":"ARRIBA EL NADAL"},"content":{"rendered":"<p>Aquest any hem fet la festa de Nadal al centre Cultural i L\u00fadic de les Cabanyes perqu\u00e8 la nostra escola continua creixent. En 10 anys hem passat de tenir 27 alumnes a 120 alumnes. Enguany \u00e9s un  any molt especial, ens trobem en el des\u00e8 any escolar i el proper setembre far\u00e0 10 anys que l\u2019escola va obrir les portes per primera vegada. Per aix\u00f2 aquest any el fil conductor de tots els noms de la classe ha estat l\u2019ART:<br \/>\n\u2022\tA Ed Infantil: classe de la m\u00fasica, de  les pel\u2022l\u00edcules i classe dels pastissers.<br \/>\n\u2022\tA CI: la classe dels mags i dels cuiners.<br \/>\n\u2022\tA CM: la classe de la cer\u00e0mica i la del hip hop.<br \/>\n\u2022\tA CS: la classe dels mims.<br \/>\nEstem molt contents i contentes i volem continuar creixent. Ens fa il\u2022lusi\u00f3 continuar amb un projecte educatiu que generi confian\u00e7a,  il\u2022lusi\u00f3 i, sobretot, aprenentatge. Tenim molt clar que l\u2019escola la forma tota la comunitat educativa: Fam\u00edlies, AMPA, tots els professionals que intervenen d\u2019alguna manera en el bon funcionament del centre (neteja, brigada, cuina, aquest any el conserge, la  Marta  de pr\u00e0ctiques de l\u2019IFE,&#8230;) l\u2019Ajuntament, i els protagonistes: els nens i nenes.<br \/>\nEls mestres i les mestres  continuem reflexionant i en formaci\u00f3 continua per tal de seguir sent una escola activa i implicada en continu proc\u00e9s de transformaci\u00f3. Estem amb molts projectes nous que podeu anar seguint des de la p\u00e0gina Web de l\u2019escola i amb el treball dels vostres fills.<br \/>\nUs desitgem unes Bones Festes de Nadal! <\/p>\n<p><img loading=\"lazy\" decoding=\"async\" src=\"https:\/\/agora.xtec.cat\/esc-la-cabana\/wp-content\/uploads\/usu849\/2019\/12\/INFANTIL_opt.jpg\" alt=\"\" width=\"400\" height=\"300\" class=\"alignnone size-full wp-image-16652\" srcset=\"https:\/\/agora.xtec.cat\/esc-la-cabana\/wp-content\/uploads\/usu849\/2019\/12\/INFANTIL_opt.jpg 400w, https:\/\/agora.xtec.cat\/esc-la-cabana\/wp-content\/uploads\/usu849\/2019\/12\/INFANTIL_opt-300x225.jpg 300w, https:\/\/agora.xtec.cat\/esc-la-cabana\/wp-content\/uploads\/usu849\/2019\/12\/INFANTIL_opt-200x150.jpg 200w\" sizes=\"auto, (max-width: 400px) 100vw, 400px\" \/><\/p>\n<p><img loading=\"lazy\" decoding=\"async\" src=\"https:\/\/agora.xtec.cat\/esc-la-cabana\/wp-content\/uploads\/usu849\/2019\/12\/tapa-infantil_opt.jpg\" alt=\"\" width=\"400\" height=\"300\" class=\"alignnone size-full wp-image-16650\" srcset=\"https:\/\/agora.xtec.cat\/esc-la-cabana\/wp-content\/uploads\/usu849\/2019\/12\/tapa-infantil_opt.jpg 400w, https:\/\/agora.xtec.cat\/esc-la-cabana\/wp-content\/uploads\/usu849\/2019\/12\/tapa-infantil_opt-300x225.jpg 300w, https:\/\/agora.xtec.cat\/esc-la-cabana\/wp-content\/uploads\/usu849\/2019\/12\/tapa-infantil_opt-200x150.jpg 200w\" sizes=\"auto, (max-width: 400px) 100vw, 400px\" \/><\/p>\n<p><img loading=\"lazy\" decoding=\"async\" src=\"https:\/\/agora.xtec.cat\/esc-la-cabana\/wp-content\/uploads\/usu849\/2019\/12\/CI_opt.jpg\" alt=\"\" width=\"400\" height=\"300\" class=\"alignnone size-full wp-image-16647\" srcset=\"https:\/\/agora.xtec.cat\/esc-la-cabana\/wp-content\/uploads\/usu849\/2019\/12\/CI_opt.jpg 400w, https:\/\/agora.xtec.cat\/esc-la-cabana\/wp-content\/uploads\/usu849\/2019\/12\/CI_opt-300x225.jpg 300w, https:\/\/agora.xtec.cat\/esc-la-cabana\/wp-content\/uploads\/usu849\/2019\/12\/CI_opt-200x150.jpg 200w\" sizes=\"auto, (max-width: 400px) 100vw, 400px\" \/><\/p>\n<p><img loading=\"lazy\" decoding=\"async\" src=\"https:\/\/agora.xtec.cat\/esc-la-cabana\/wp-content\/uploads\/usu849\/2019\/12\/English-CI_opt.jpg\" alt=\"\" width=\"400\" height=\"300\" class=\"alignnone size-full wp-image-16654\" srcset=\"https:\/\/agora.xtec.cat\/esc-la-cabana\/wp-content\/uploads\/usu849\/2019\/12\/English-CI_opt.jpg 400w, https:\/\/agora.xtec.cat\/esc-la-cabana\/wp-content\/uploads\/usu849\/2019\/12\/English-CI_opt-300x225.jpg 300w, https:\/\/agora.xtec.cat\/esc-la-cabana\/wp-content\/uploads\/usu849\/2019\/12\/English-CI_opt-200x150.jpg 200w\" sizes=\"auto, (max-width: 400px) 100vw, 400px\" \/><\/p>\n<p><img loading=\"lazy\" decoding=\"async\" src=\"https:\/\/agora.xtec.cat\/esc-la-cabana\/wp-content\/uploads\/usu849\/2019\/12\/CM_opt.jpg\" alt=\"\" width=\"400\" height=\"300\" class=\"alignnone size-full wp-image-16648\" srcset=\"https:\/\/agora.xtec.cat\/esc-la-cabana\/wp-content\/uploads\/usu849\/2019\/12\/CM_opt.jpg 400w, https:\/\/agora.xtec.cat\/esc-la-cabana\/wp-content\/uploads\/usu849\/2019\/12\/CM_opt-300x225.jpg 300w, https:\/\/agora.xtec.cat\/esc-la-cabana\/wp-content\/uploads\/usu849\/2019\/12\/CM_opt-200x150.jpg 200w\" sizes=\"auto, (max-width: 400px) 100vw, 400px\" \/><\/p>\n<p><img loading=\"lazy\" decoding=\"async\" src=\"https:\/\/agora.xtec.cat\/esc-la-cabana\/wp-content\/uploads\/usu849\/2019\/12\/Taller-art\u00edstic-dangl\u00e8s_opt.jpg\" alt=\"\" width=\"400\" height=\"467\" class=\"alignnone size-full wp-image-16655\" srcset=\"https:\/\/agora.xtec.cat\/esc-la-cabana\/wp-content\/uploads\/usu849\/2019\/12\/Taller-art\u00edstic-dangl\u00e8s_opt.jpg 400w, https:\/\/agora.xtec.cat\/esc-la-cabana\/wp-content\/uploads\/usu849\/2019\/12\/Taller-art\u00edstic-dangl\u00e8s_opt-257x300.jpg 257w\" sizes=\"auto, (max-width: 400px) 100vw, 400px\" \/><\/p>\n<p><img loading=\"lazy\" decoding=\"async\" src=\"https:\/\/agora.xtec.cat\/esc-la-cabana\/wp-content\/uploads\/usu849\/2019\/12\/CS_opt.jpg\" alt=\"\" width=\"400\" height=\"300\" class=\"alignnone size-full wp-image-16649\" srcset=\"https:\/\/agora.xtec.cat\/esc-la-cabana\/wp-content\/uploads\/usu849\/2019\/12\/CS_opt.jpg 400w, https:\/\/agora.xtec.cat\/esc-la-cabana\/wp-content\/uploads\/usu849\/2019\/12\/CS_opt-300x225.jpg 300w, https:\/\/agora.xtec.cat\/esc-la-cabana\/wp-content\/uploads\/usu849\/2019\/12\/CS_opt-200x150.jpg 200w\" sizes=\"auto, (max-width: 400px) 100vw, 400px\" \/><\/p>\n","protected":false},"excerpt":{"rendered":"<p>Aquest any hem fet la festa de Nadal al centre Cultural i L\u00fadic de les Cabanyes perqu\u00e8 la nostra escola continua creixent. En 10 anys hem passat de tenir 27 alumnes a 120 alumnes. Enguany \u00e9s un any molt especial, ens trobem en el des\u00e8 any escolar i el proper setembre far\u00e0 10 anys que [&hellip;]<\/p>\n","protected":false},"author":1,"featured_media":16643,"comment_status":"open","ping_status":"closed","sticky":false,"template":"","format":"standard","meta":{"_bbp_topic_count":0,"_bbp_reply_count":0,"_bbp_total_topic_count":0,"_bbp_total_reply_count":0,"_bbp_voice_count":0,"_bbp_anonymous_reply_count":0,"_bbp_topic_count_hidden":0,"_bbp_reply_count_hidden":0,"_bbp_forum_subforum_count":0,"site-sidebar-layout":"default","site-content-layout":"","ast-site-content-layout":"","site-content-style":"default","site-sidebar-style":"default","ast-global-header-display":"","ast-banner-title-visibility":"","ast-main-header-display":"","ast-hfb-above-header-display":"","ast-hfb-below-header-display":"","ast-hfb-mobile-header-display":"","site-post-title":"","ast-breadcrumbs-content":"","ast-featured-img":"","footer-sml-layout":"","theme-transparent-header-meta":"","adv-header-id-meta":"","stick-header-meta":"","header-above-stick-meta":"","header-main-stick-meta":"","header-below-stick-meta":"","astra-migrate-meta-layouts":"default","ast-page-background-enabled":"default","ast-page-background-meta":{"desktop":{"background-color":"var(--ast-global-color-4)","background-image":"","background-repeat":"repeat","background-position":"center center","background-size":"auto","background-attachment":"scroll","background-type":"","background-media":"","overlay-type":"","overlay-color":"","overlay-opacity":"","overlay-gradient":""},"tablet":{"background-color":"","background-image":"","background-repeat":"repeat","background-position":"center center","background-size":"auto","background-attachment":"scroll","background-type":"","background-media":"","overlay-type":"","overlay-color":"","overlay-opacity":"","overlay-gradient":""},"mobile":{"background-color":"","background-image":"","background-repeat":"repeat","background-position":"center center","background-size":"auto","background-attachment":"scroll","background-type":"","background-media":"","overlay-type":"","overlay-color":"","overlay-opacity":"","overlay-gradient":""}},"ast-content-background-meta":{"desktop":{"background-color":"var(--ast-global-color-5)","background-image":"","background-repeat":"repeat","background-position":"center center","background-size":"auto","background-attachment":"scroll","background-type":"","background-media":"","overlay-type":"","overlay-color":"","overlay-opacity":"","overlay-gradient":""},"tablet":{"background-color":"var(--ast-global-color-5)","background-image":"","background-repeat":"repeat","background-position":"center center","background-size":"auto","background-attachment":"scroll","background-type":"","background-media":"","overlay-type":"","overlay-color":"","overlay-opacity":"","overlay-gradient":""},"mobile":{"background-color":"var(--ast-global-color-5)","background-image":"","background-repeat":"repeat","background-position":"center center","background-size":"auto","background-attachment":"scroll","background-type":"","background-media":"","overlay-type":"","overlay-color":"","overlay-opacity":"","overlay-gradient":""}},"footnotes":""},"categories":[23,33,4,5],"tags":[129,70,86,102],"class_list":["post-16639","post","type-post","status-publish","format-standard","has-post-thumbnail","hentry","category-angles","category-e-i","category-portada","category-primaria","tag-angles","tag-educacio-infantil","tag-nadal","tag-primaria"],"post_mailing_queue_ids":[],"_links":{"self":[{"href":"https:\/\/agora.xtec.cat\/esc-la-cabana\/wp-json\/wp\/v2\/posts\/16639","targetHints":{"allow":["GET"]}}],"collection":[{"href":"https:\/\/agora.xtec.cat\/esc-la-cabana\/wp-json\/wp\/v2\/posts"}],"about":[{"href":"https:\/\/agora.xtec.cat\/esc-la-cabana\/wp-json\/wp\/v2\/types\/post"}],"author":[{"embeddable":true,"href":"https:\/\/agora.xtec.cat\/esc-la-cabana\/wp-json\/wp\/v2\/users\/1"}],"replies":[{"embeddable":true,"href":"https:\/\/agora.xtec.cat\/esc-la-cabana\/wp-json\/wp\/v2\/comments?post=16639"}],"version-history":[{"count":2,"href":"https:\/\/agora.xtec.cat\/esc-la-cabana\/wp-json\/wp\/v2\/posts\/16639\/revisions"}],"predecessor-version":[{"id":16656,"href":"https:\/\/agora.xtec.cat\/esc-la-cabana\/wp-json\/wp\/v2\/posts\/16639\/revisions\/16656"}],"wp:featuredmedia":[{"embeddable":true,"href":"https:\/\/agora.xtec.cat\/esc-la-cabana\/wp-json\/wp\/v2\/media\/16643"}],"wp:attachment":[{"href":"https:\/\/agora.xtec.cat\/esc-la-cabana\/wp-json\/wp\/v2\/media?parent=16639"}],"wp:term":[{"taxonomy":"category","embeddable":true,"href":"https:\/\/agora.xtec.cat\/esc-la-cabana\/wp-json\/wp\/v2\/categories?post=16639"},{"taxonomy":"post_tag","embeddable":true,"href":"https:\/\/agora.xtec.cat\/esc-la-cabana\/wp-json\/wp\/v2\/tags?post=16639"}],"curies":[{"name":"wp","href":"https:\/\/api.w.org\/{rel}","templated":true}]}}