{"id":16634,"date":"2019-12-18T16:07:13","date_gmt":"2019-12-18T15:07:13","guid":{"rendered":"http:\/\/agora.xtec.cat\/esc-la-cabana\/?p=16634"},"modified":"2019-12-18T16:11:58","modified_gmt":"2019-12-18T15:11:58","slug":"festival-de-nadal","status":"publish","type":"post","link":"https:\/\/agora.xtec.cat\/esc-la-cabana\/general\/festival-de-nadal\/","title":{"rendered":"FESTIVAL DE NADAL"},"content":{"rendered":"<p>Un any m\u00e9s, us convidem al festival de Nadal que hem preparat amb molta il\u00b7lusi\u00f3.<\/p>\n<p style=\"text-align: center;\"><strong>Ser\u00e0 el dia 19 de desembre a les 15:15h al Centre L\u00fadic de Les Cabanyes.<\/strong><\/p>\n<p>No cal que us diguem que esteu totes i tots convidats.<\/p>\n<p>Ah! a m\u00e9s a m\u00e9s enguany tindrem m\u00fasics en directe:<\/p>\n<p>Joan Solana: teclats<\/p>\n<p>Xavi Carb\u00f3: baix<\/p>\n<p>Ricard Parera: bateria<\/p>\n<p>&nbsp;<\/p>\n<p>I com cada any, en acabar les actuacions, l&#8217;AMPA ens convidar\u00e0 a una xocolatada i sortejar\u00e0 paneres de Nadal .<\/p>\n<p>No us ho podeu perdre:<\/p>\n<p style=\"text-align: center;\"><strong>19\/12\/19 a les 15:15 al Centre L\u00fadic de Les Cabanyes.<\/strong><\/p>\n<p>&nbsp;<\/p>\n<p>Si voleu descarregar-vos el programa de l&#8217;actuaci\u00f3, cliqueu aqu\u00ed: <a href=\"https:\/\/agora.xtec.cat\/esc-la-cabana\/wp-content\/uploads\/usu849\/2019\/12\/Festival-de-Nadal-2019-20-.pdf\" target=\"_blank\" rel=\"noopener noreferrer\">Festival de Nadal 2019-20<\/a><\/p>\n<p>&nbsp;<\/p>\n<p style=\"text-align: center;\"><strong>Molt bones festes a tothom i feli\u00e7 any nou 2020.<a href=\"https:\/\/agora.xtec.cat\/esc-la-cabana\/wp-content\/uploads\/usu849\/2019\/12\/concert-nadal.png\"><img loading=\"lazy\" decoding=\"async\" class=\"alignnone size-full wp-image-16636\" src=\"https:\/\/agora.xtec.cat\/esc-la-cabana\/wp-content\/uploads\/usu849\/2019\/12\/concert-nadal.png\" alt=\"\" width=\"595\" height=\"283\" srcset=\"https:\/\/agora.xtec.cat\/esc-la-cabana\/wp-content\/uploads\/usu849\/2019\/12\/concert-nadal.png 595w, https:\/\/agora.xtec.cat\/esc-la-cabana\/wp-content\/uploads\/usu849\/2019\/12\/concert-nadal-300x143.png 300w\" sizes=\"auto, (max-width: 595px) 100vw, 595px\" \/><\/a><\/strong><\/p>\n","protected":false},"excerpt":{"rendered":"<p>Festival de Nadal 2019-2020<\/p>\n","protected":false},"author":3,"featured_media":16636,"comment_status":"open","ping_status":"closed","sticky":false,"template":"","format":"standard","meta":{"_bbp_topic_count":0,"_bbp_reply_count":0,"_bbp_total_topic_count":0,"_bbp_total_reply_count":0,"_bbp_voice_count":0,"_bbp_anonymous_reply_count":0,"_bbp_topic_count_hidden":0,"_bbp_reply_count_hidden":0,"_bbp_forum_subforum_count":0,"site-sidebar-layout":"default","site-content-layout":"","ast-site-content-layout":"","site-content-style":"default","site-sidebar-style":"default","ast-global-header-display":"","ast-banner-title-visibility":"","ast-main-header-display":"","ast-hfb-above-header-display":"","ast-hfb-below-header-display":"","ast-hfb-mobile-header-display":"","site-post-title":"","ast-breadcrumbs-content":"","ast-featured-img":"","footer-sml-layout":"","theme-transparent-header-meta":"","adv-header-id-meta":"","stick-header-meta":"","header-above-stick-meta":"","header-main-stick-meta":"","header-below-stick-meta":"","astra-migrate-meta-layouts":"default","ast-page-background-enabled":"default","ast-page-background-meta":{"desktop":{"background-color":"var(--ast-global-color-4)","background-image":"","background-repeat":"repeat","background-position":"center center","background-size":"auto","background-attachment":"scroll","background-type":"","background-media":"","overlay-type":"","overlay-color":"","overlay-opacity":"","overlay-gradient":""},"tablet":{"background-color":"","background-image":"","background-repeat":"repeat","background-position":"center center","background-size":"auto","background-attachment":"scroll","background-type":"","background-media":"","overlay-type":"","overlay-color":"","overlay-opacity":"","overlay-gradient":""},"mobile":{"background-color":"","background-image":"","background-repeat":"repeat","background-position":"center center","background-size":"auto","background-attachment":"scroll","background-type":"","background-media":"","overlay-type":"","overlay-color":"","overlay-opacity":"","overlay-gradient":""}},"ast-content-background-meta":{"desktop":{"background-color":"var(--ast-global-color-5)","background-image":"","background-repeat":"repeat","background-position":"center center","background-size":"auto","background-attachment":"scroll","background-type":"","background-media":"","overlay-type":"","overlay-color":"","overlay-opacity":"","overlay-gradient":""},"tablet":{"background-color":"var(--ast-global-color-5)","background-image":"","background-repeat":"repeat","background-position":"center center","background-size":"auto","background-attachment":"scroll","background-type":"","background-media":"","overlay-type":"","overlay-color":"","overlay-opacity":"","overlay-gradient":""},"mobile":{"background-color":"var(--ast-global-color-5)","background-image":"","background-repeat":"repeat","background-position":"center center","background-size":"auto","background-attachment":"scroll","background-type":"","background-media":"","overlay-type":"","overlay-color":"","overlay-opacity":"","overlay-gradient":""}},"footnotes":""},"categories":[7,1,25,4],"tags":[78,85,86,224],"class_list":["post-16634","post","type-post","status-publish","format-standard","has-post-thumbnail","hentry","category-ampa","category-general","category-musica","category-portada","tag-ampa","tag-festival","tag-nadal","tag-xocolatada"],"post_mailing_queue_ids":[],"_links":{"self":[{"href":"https:\/\/agora.xtec.cat\/esc-la-cabana\/wp-json\/wp\/v2\/posts\/16634","targetHints":{"allow":["GET"]}}],"collection":[{"href":"https:\/\/agora.xtec.cat\/esc-la-cabana\/wp-json\/wp\/v2\/posts"}],"about":[{"href":"https:\/\/agora.xtec.cat\/esc-la-cabana\/wp-json\/wp\/v2\/types\/post"}],"author":[{"embeddable":true,"href":"https:\/\/agora.xtec.cat\/esc-la-cabana\/wp-json\/wp\/v2\/users\/3"}],"replies":[{"embeddable":true,"href":"https:\/\/agora.xtec.cat\/esc-la-cabana\/wp-json\/wp\/v2\/comments?post=16634"}],"version-history":[{"count":2,"href":"https:\/\/agora.xtec.cat\/esc-la-cabana\/wp-json\/wp\/v2\/posts\/16634\/revisions"}],"predecessor-version":[{"id":16638,"href":"https:\/\/agora.xtec.cat\/esc-la-cabana\/wp-json\/wp\/v2\/posts\/16634\/revisions\/16638"}],"wp:featuredmedia":[{"embeddable":true,"href":"https:\/\/agora.xtec.cat\/esc-la-cabana\/wp-json\/wp\/v2\/media\/16636"}],"wp:attachment":[{"href":"https:\/\/agora.xtec.cat\/esc-la-cabana\/wp-json\/wp\/v2\/media?parent=16634"}],"wp:term":[{"taxonomy":"category","embeddable":true,"href":"https:\/\/agora.xtec.cat\/esc-la-cabana\/wp-json\/wp\/v2\/categories?post=16634"},{"taxonomy":"post_tag","embeddable":true,"href":"https:\/\/agora.xtec.cat\/esc-la-cabana\/wp-json\/wp\/v2\/tags?post=16634"}],"curies":[{"name":"wp","href":"https:\/\/api.w.org\/{rel}","templated":true}]}}