{"id":16615,"date":"2019-11-27T13:54:17","date_gmt":"2019-11-27T12:54:17","guid":{"rendered":"http:\/\/agora.xtec.cat\/esc-la-cabana\/?p=16615"},"modified":"2019-11-27T13:54:17","modified_gmt":"2019-11-27T12:54:17","slug":"entrevistes-del-taller-audiovisual","status":"publish","type":"post","link":"https:\/\/agora.xtec.cat\/esc-la-cabana\/general\/entrevistes-del-taller-audiovisual\/","title":{"rendered":"Entrevistes del taller audiovisual"},"content":{"rendered":"<p>Com cada curs, a l&#8217;escola La Cabana, i m\u00e9s concretament a 4rt, 5\u00e8 i 6\u00e8 de prim\u00e0ria, es realitzen diferents tallers art\u00edstics. Cada any varien, per\u00f2 la tem\u00e0tica est\u00e0 relacionada amb la m\u00fasica, la pintura i les noves tecnologies. En aquest \u00faltim, els nens i les nenes han d\u2019escollir una persona per a fer-li una entrevista i despr\u00e9s, mitjan\u00e7ant un editor de v\u00eddeos, modificar-la per a deixar-la ben maca.<\/p>\n<p>Aquest primer trimestre han estat escollits\/des per a ser entrevistats\/es:<\/p>\n<p>&#8211; En Joan Planes, pare de l\u2019escola i gran expert en la vinya.<\/p>\n<p>&#8211; La Puri, \u00e0via de l\u2019escola i la persona que ens ho deixa tot n\u00e9t i polit.<\/p>\n<p>&#8211; i La Fina, que juntament amb l\u2019Elisenda formen un gran t\u00e0ndem a la cuina.<\/p>\n<p><a href=\"https:\/\/photos.app.goo.gl\/xshFBptjWWHSy72J6\">AQU\u00cd TENIU EL RESULTAT!<\/a><\/p>\n<p>Esperem que us agradin i que doneu la vostra opini\u00f3 contestant aquest article!<\/p>\n","protected":false},"excerpt":{"rendered":"<p>Com cada curs, a l&#8217;escola La Cabana, i m\u00e9s concretament a 4rt, 5\u00e8 i 6\u00e8 de prim\u00e0ria, es realitzen diferents tallers art\u00edstics. Cada any varien, per\u00f2 la tem\u00e0tica est\u00e0 relacionada amb la m\u00fasica, la pintura i les noves tecnologies. En aquest \u00faltim, els nens i les nenes han d\u2019escollir una persona per a fer-li una [&hellip;]<\/p>\n","protected":false},"author":1,"featured_media":16616,"comment_status":"open","ping_status":"closed","sticky":false,"template":"","format":"standard","meta":{"_bbp_topic_count":0,"_bbp_reply_count":0,"_bbp_total_topic_count":0,"_bbp_total_reply_count":0,"_bbp_voice_count":0,"_bbp_anonymous_reply_count":0,"_bbp_topic_count_hidden":0,"_bbp_reply_count_hidden":0,"_bbp_forum_subforum_count":0,"site-sidebar-layout":"default","site-content-layout":"","ast-site-content-layout":"","site-content-style":"default","site-sidebar-style":"default","ast-global-header-display":"","ast-banner-title-visibility":"","ast-main-header-display":"","ast-hfb-above-header-display":"","ast-hfb-below-header-display":"","ast-hfb-mobile-header-display":"","site-post-title":"","ast-breadcrumbs-content":"","ast-featured-img":"","footer-sml-layout":"","theme-transparent-header-meta":"","adv-header-id-meta":"","stick-header-meta":"","header-above-stick-meta":"","header-main-stick-meta":"","header-below-stick-meta":"","astra-migrate-meta-layouts":"default","ast-page-background-enabled":"default","ast-page-background-meta":{"desktop":{"background-color":"var(--ast-global-color-4)","background-image":"","background-repeat":"repeat","background-position":"center center","background-size":"auto","background-attachment":"scroll","background-type":"","background-media":"","overlay-type":"","overlay-color":"","overlay-opacity":"","overlay-gradient":""},"tablet":{"background-color":"","background-image":"","background-repeat":"repeat","background-position":"center center","background-size":"auto","background-attachment":"scroll","background-type":"","background-media":"","overlay-type":"","overlay-color":"","overlay-opacity":"","overlay-gradient":""},"mobile":{"background-color":"","background-image":"","background-repeat":"repeat","background-position":"center center","background-size":"auto","background-attachment":"scroll","background-type":"","background-media":"","overlay-type":"","overlay-color":"","overlay-opacity":"","overlay-gradient":""}},"ast-content-background-meta":{"desktop":{"background-color":"var(--ast-global-color-5)","background-image":"","background-repeat":"repeat","background-position":"center center","background-size":"auto","background-attachment":"scroll","background-type":"","background-media":"","overlay-type":"","overlay-color":"","overlay-opacity":"","overlay-gradient":""},"tablet":{"background-color":"var(--ast-global-color-5)","background-image":"","background-repeat":"repeat","background-position":"center center","background-size":"auto","background-attachment":"scroll","background-type":"","background-media":"","overlay-type":"","overlay-color":"","overlay-opacity":"","overlay-gradient":""},"mobile":{"background-color":"var(--ast-global-color-5)","background-image":"","background-repeat":"repeat","background-position":"center center","background-size":"auto","background-attachment":"scroll","background-type":"","background-media":"","overlay-type":"","overlay-color":"","overlay-opacity":"","overlay-gradient":""}},"footnotes":""},"categories":[12,14,1,4,44],"tags":[19,106,74,208],"class_list":["post-16615","post","type-post","status-publish","format-standard","has-post-thumbnail","hentry","category-c-m","category-c-s","category-general","category-portada","category-audiovisuals","tag-audiovisuals","tag-cicle-mitja","tag-cicle-superior","tag-tallers-deducacio-artistica"],"post_mailing_queue_ids":[],"_links":{"self":[{"href":"https:\/\/agora.xtec.cat\/esc-la-cabana\/wp-json\/wp\/v2\/posts\/16615","targetHints":{"allow":["GET"]}}],"collection":[{"href":"https:\/\/agora.xtec.cat\/esc-la-cabana\/wp-json\/wp\/v2\/posts"}],"about":[{"href":"https:\/\/agora.xtec.cat\/esc-la-cabana\/wp-json\/wp\/v2\/types\/post"}],"author":[{"embeddable":true,"href":"https:\/\/agora.xtec.cat\/esc-la-cabana\/wp-json\/wp\/v2\/users\/1"}],"replies":[{"embeddable":true,"href":"https:\/\/agora.xtec.cat\/esc-la-cabana\/wp-json\/wp\/v2\/comments?post=16615"}],"version-history":[{"count":1,"href":"https:\/\/agora.xtec.cat\/esc-la-cabana\/wp-json\/wp\/v2\/posts\/16615\/revisions"}],"predecessor-version":[{"id":16617,"href":"https:\/\/agora.xtec.cat\/esc-la-cabana\/wp-json\/wp\/v2\/posts\/16615\/revisions\/16617"}],"wp:featuredmedia":[{"embeddable":true,"href":"https:\/\/agora.xtec.cat\/esc-la-cabana\/wp-json\/wp\/v2\/media\/16616"}],"wp:attachment":[{"href":"https:\/\/agora.xtec.cat\/esc-la-cabana\/wp-json\/wp\/v2\/media?parent=16615"}],"wp:term":[{"taxonomy":"category","embeddable":true,"href":"https:\/\/agora.xtec.cat\/esc-la-cabana\/wp-json\/wp\/v2\/categories?post=16615"},{"taxonomy":"post_tag","embeddable":true,"href":"https:\/\/agora.xtec.cat\/esc-la-cabana\/wp-json\/wp\/v2\/tags?post=16615"}],"curies":[{"name":"wp","href":"https:\/\/api.w.org\/{rel}","templated":true}]}}