{"id":1657,"date":"2018-02-16T17:10:52","date_gmt":"2018-02-16T16:10:52","guid":{"rendered":"http:\/\/agora.xtec.cat\/esc-la-cabana\/?p=1657"},"modified":"2018-02-16T17:15:02","modified_gmt":"2018-02-16T16:15:02","slug":"xiv-certamen-lva-curs-2017-2018","status":"publish","type":"post","link":"https:\/\/agora.xtec.cat\/esc-la-cabana\/portada\/xiv-certamen-lva-curs-2017-2018\/","title":{"rendered":"XIV CERTAMEN LVA \u20132017-2018"},"content":{"rendered":"<p>El Certamen Nacional Infantil i Juvenil de Lectura en Veu Alta \u00e9s una iniciativa de la Fundaci\u00f3 Enciclop\u00e8dia Catalana, l\u2019entitat cultural que encap\u00e7ala el Grup format per diferents empreses editorials, l\u2019objectiu de les quals \u00e9s promocionar la llengua i la cultura catalanes especialment mitjan\u00e7ant l\u2019edici\u00f3 d\u2019enciclop\u00e8dies, llibres de consulta, diccionaris, llibres infantils i juvenils, llibres de text i obres de literatura catalana i universal.<\/p>\n<p>Cada centre escolar pot participar en el Certamen amb <span class=\"highlight1\"><strong>un alumne per categoria.<\/strong>\u00a0La nostra escola participa: <\/span><\/p>\n<ul>\n<li>\n<div>\n<h2>GRUMETS VERMELLS<\/h2>\n<p><img loading=\"lazy\" decoding=\"async\" class=\"check_path alignleft\" src=\"http:\/\/www.lecturaenveualta.cat\/wp-content\/themes\/bigbangwp\/images\/icons\/grumets-vermells.jpg\" alt=\"GRUMETS VERMELLS\" width=\"65\" height=\"97\" \/><\/p>\n<p style=\"text-align: left;\">Pensada per a lectors i lectores d\u2019entre 8 i 10 anys (cicle mitj\u00e0 de prim\u00e0ria) que llegeixen individualment.<\/p>\n<p style=\"text-align: left;\">La guanyadora \u00e9s Emma Peralta Mench\u00f3n\u00a0 i la substituta \u00e9s Emma Canals Marcos.<\/p>\n<p style=\"text-align: left;\">\n<\/div>\n<\/li>\n<li>\n<div>\n<h2>GRUMETS VERDS<\/h2>\n<p><img loading=\"lazy\" decoding=\"async\" class=\"check_path alignleft\" src=\"http:\/\/www.lecturaenveualta.cat\/wp-content\/themes\/bigbangwp\/images\/icons\/grumets-verds.jpg\" alt=\"GRUMETS VERDS\" width=\"65\" height=\"97\" \/>Concebuda per a lectors i lectores d\u2019entre 10 i 12 anys (cicle superior de prim\u00e0ria) que llegeixen individualment.<\/p>\n<\/div>\n<\/li>\n<\/ul>\n<p>La guanyadora \u00e9s Janna Picas Via i la substituta \u00e9s Ona Curto Pons.<\/p>\n<p>&nbsp;<\/p>\n<p><a href=\"http:\/\/agora.xtec.cat\/esc-la-cabana\/wp-content\/uploads\/usu849\/2018\/02\/DSCN0374_opt.jpg\"><img loading=\"lazy\" decoding=\"async\" class=\" wp-image-1658 alignleft\" src=\"http:\/\/agora.xtec.cat\/esc-la-cabana\/wp-content\/uploads\/usu849\/2018\/02\/DSCN0374_opt.jpg\" alt=\"\" width=\"322\" height=\"241\" srcset=\"https:\/\/agora.xtec.cat\/esc-la-cabana\/wp-content\/uploads\/usu849\/2018\/02\/DSCN0374_opt.jpg 400w, https:\/\/agora.xtec.cat\/esc-la-cabana\/wp-content\/uploads\/usu849\/2018\/02\/DSCN0374_opt-300x225.jpg 300w, https:\/\/agora.xtec.cat\/esc-la-cabana\/wp-content\/uploads\/usu849\/2018\/02\/DSCN0374_opt-200x150.jpg 200w\" sizes=\"auto, (max-width: 322px) 100vw, 322px\" \/><\/a>La biblioteca organitza un concurs intern, que va tenir lloc el passat dijous 15 de febrer, on tot l&#8217;alumnat de 4t a 6\u00e8 es podia presentar de forma volunt\u00e0ria. El jurat estava format per: Quima Ricart, Maria Aviny\u00f3 i Leo Tejedor. Aquest curs ha estat molt dif\u00edcil la selecci\u00f3 perqu\u00e8 cada cop m\u00e9s els i les alumnes llegeixen millor.<\/p>\n<p>El proper dimecres 21 de mar\u00e7 de 2018, a l&#8217;Auditori Municipal de Vilafranca del Pened\u00e8s, tindr\u00e0 lloc els quarts de final. Per m\u00e9s informaci\u00f3 consulteu: <a href=\"http:\/\/www.lecturaenveualta.cat\/\" target=\"_blank\" rel=\"noopener noreferrer\">http:\/\/www.lecturaenveualta.cat\/<\/a><\/p>\n<p>Podreu veure totes les fotos al web del centre properament.<\/p>\n<p>Moltes felicitats a les guanyadores i a tots els i les participants!!<\/p>\n","protected":false},"excerpt":{"rendered":"<p>Certamen de Lectura en Veu alta.<br \/>\nEls resultats de l&#8217;escola. <\/p>\n","protected":false},"author":1,"featured_media":864,"comment_status":"open","ping_status":"closed","sticky":false,"template":"","format":"standard","meta":{"_bbp_topic_count":0,"_bbp_reply_count":0,"_bbp_total_topic_count":0,"_bbp_total_reply_count":0,"_bbp_voice_count":0,"_bbp_anonymous_reply_count":0,"_bbp_topic_count_hidden":0,"_bbp_reply_count_hidden":0,"_bbp_forum_subforum_count":0,"site-sidebar-layout":"default","site-content-layout":"","ast-site-content-layout":"","site-content-style":"default","site-sidebar-style":"default","ast-global-header-display":"","ast-banner-title-visibility":"","ast-main-header-display":"","ast-hfb-above-header-display":"","ast-hfb-below-header-display":"","ast-hfb-mobile-header-display":"","site-post-title":"","ast-breadcrumbs-content":"","ast-featured-img":"","footer-sml-layout":"","theme-transparent-header-meta":"","adv-header-id-meta":"","stick-header-meta":"","header-above-stick-meta":"","header-main-stick-meta":"","header-below-stick-meta":"","astra-migrate-meta-layouts":"default","ast-page-background-enabled":"default","ast-page-background-meta":{"desktop":{"background-color":"var(--ast-global-color-4)","background-image":"","background-repeat":"repeat","background-position":"center center","background-size":"auto","background-attachment":"scroll","background-type":"","background-media":"","overlay-type":"","overlay-color":"","overlay-opacity":"","overlay-gradient":""},"tablet":{"background-color":"","background-image":"","background-repeat":"repeat","background-position":"center center","background-size":"auto","background-attachment":"scroll","background-type":"","background-media":"","overlay-type":"","overlay-color":"","overlay-opacity":"","overlay-gradient":""},"mobile":{"background-color":"","background-image":"","background-repeat":"repeat","background-position":"center center","background-size":"auto","background-attachment":"scroll","background-type":"","background-media":"","overlay-type":"","overlay-color":"","overlay-opacity":"","overlay-gradient":""}},"ast-content-background-meta":{"desktop":{"background-color":"var(--ast-global-color-5)","background-image":"","background-repeat":"repeat","background-position":"center center","background-size":"auto","background-attachment":"scroll","background-type":"","background-media":"","overlay-type":"","overlay-color":"","overlay-opacity":"","overlay-gradient":""},"tablet":{"background-color":"var(--ast-global-color-5)","background-image":"","background-repeat":"repeat","background-position":"center center","background-size":"auto","background-attachment":"scroll","background-type":"","background-media":"","overlay-type":"","overlay-color":"","overlay-opacity":"","overlay-gradient":""},"mobile":{"background-color":"var(--ast-global-color-5)","background-image":"","background-repeat":"repeat","background-position":"center center","background-size":"auto","background-attachment":"scroll","background-type":"","background-media":"","overlay-type":"","overlay-color":"","overlay-opacity":"","overlay-gradient":""}},"footnotes":""},"categories":[34,4,5],"tags":[97,170,110],"class_list":["post-1657","post","type-post","status-publish","format-standard","has-post-thumbnail","hentry","category-biblioteca","category-portada","category-primaria","tag-biblioteca","tag-cm","tag-cs"],"post_mailing_queue_ids":[],"_links":{"self":[{"href":"https:\/\/agora.xtec.cat\/esc-la-cabana\/wp-json\/wp\/v2\/posts\/1657","targetHints":{"allow":["GET"]}}],"collection":[{"href":"https:\/\/agora.xtec.cat\/esc-la-cabana\/wp-json\/wp\/v2\/posts"}],"about":[{"href":"https:\/\/agora.xtec.cat\/esc-la-cabana\/wp-json\/wp\/v2\/types\/post"}],"author":[{"embeddable":true,"href":"https:\/\/agora.xtec.cat\/esc-la-cabana\/wp-json\/wp\/v2\/users\/1"}],"replies":[{"embeddable":true,"href":"https:\/\/agora.xtec.cat\/esc-la-cabana\/wp-json\/wp\/v2\/comments?post=1657"}],"version-history":[{"count":3,"href":"https:\/\/agora.xtec.cat\/esc-la-cabana\/wp-json\/wp\/v2\/posts\/1657\/revisions"}],"predecessor-version":[{"id":1663,"href":"https:\/\/agora.xtec.cat\/esc-la-cabana\/wp-json\/wp\/v2\/posts\/1657\/revisions\/1663"}],"wp:featuredmedia":[{"embeddable":true,"href":"https:\/\/agora.xtec.cat\/esc-la-cabana\/wp-json\/wp\/v2\/media\/864"}],"wp:attachment":[{"href":"https:\/\/agora.xtec.cat\/esc-la-cabana\/wp-json\/wp\/v2\/media?parent=1657"}],"wp:term":[{"taxonomy":"category","embeddable":true,"href":"https:\/\/agora.xtec.cat\/esc-la-cabana\/wp-json\/wp\/v2\/categories?post=1657"},{"taxonomy":"post_tag","embeddable":true,"href":"https:\/\/agora.xtec.cat\/esc-la-cabana\/wp-json\/wp\/v2\/tags?post=1657"}],"curies":[{"name":"wp","href":"https:\/\/api.w.org\/{rel}","templated":true}]}}