{"id":16527,"date":"2019-11-07T12:19:40","date_gmt":"2019-11-07T11:19:40","guid":{"rendered":"http:\/\/agora.xtec.cat\/esc-la-cabana\/?p=16527"},"modified":"2019-11-07T12:19:40","modified_gmt":"2019-11-07T11:19:40","slug":"taller-frida-kahlo","status":"publish","type":"post","link":"https:\/\/agora.xtec.cat\/esc-la-cabana\/general\/taller-frida-kahlo\/","title":{"rendered":"TALLER FRIDA KAHLO"},"content":{"rendered":"<p>El dia 9 d\u2019octubre els alumnes de tercer i quart de l\u2019escola La Cabana vam fer un taller sobre la Frida Kahlo a la biblioteca de l\u2019escola.<\/p>\n<p>Ens van explicar la seva vida, com es sentia ella i el que pintava.<\/p>\n<p>Tamb\u00e9 ens van explicar que fan el dia dels morts a M\u00e8xic i vam fer una carraca amb una calavera. Per fer-la vam utilitzar pasta secada a l\u2019aire, cartr\u00f3, cartolina, pintures, retoladors, cola, purpurina i feltre.<\/p>\n<p>Vam aprendre moltes coses sobre la Frida Kahlo i sobre M\u00e8xic.<\/p>\n<p>La Frida de petita va tenir una malaltia a la cama, que es deia poliomielitis, quan va tenir 18 anys va tenir un accident i per aix\u00f2 va estar molt de temps al llit. Des del llit va comen\u00e7ar a dibuixar parts del seu cos i autoretrats, era molt especial perqu\u00e8 sempre seguia endavant i dibuixava molt b\u00e9.<\/p>\n<p>Ella tenia les celles juntes i bigoti perqu\u00e8 volia ensenyar el seu aspecte f\u00edsic de veritat.<\/p>\n<p>Es va casar dues vegades amb Diego Rivera, que era el pintor de murals m\u00e9s important de M\u00e8xic.<\/p>\n<p>Ens va agradar molt fer el taller perqu\u00e8 ens van ensenyar com era la vida de la Magdalena Carmen Frida Kahlo Calder\u00f3n i la vida a M\u00e8xic.<\/p>\n<p><a href=\"https:\/\/agora.xtec.cat\/esc-la-cabana\/wp-content\/uploads\/usu849\/2019\/10\/IMG_1219.jpg\"><img loading=\"lazy\" decoding=\"async\" class=\"wp-image-16529 size-medium aligncenter\" src=\"https:\/\/agora.xtec.cat\/esc-la-cabana\/wp-content\/uploads\/usu849\/2019\/10\/IMG_1219-300x225.jpg\" alt=\"\" width=\"300\" height=\"225\" srcset=\"https:\/\/agora.xtec.cat\/esc-la-cabana\/wp-content\/uploads\/usu849\/2019\/10\/IMG_1219-300x225.jpg 300w, https:\/\/agora.xtec.cat\/esc-la-cabana\/wp-content\/uploads\/usu849\/2019\/10\/IMG_1219-768x576.jpg 768w, https:\/\/agora.xtec.cat\/esc-la-cabana\/wp-content\/uploads\/usu849\/2019\/10\/IMG_1219-1024x768.jpg 1024w, https:\/\/agora.xtec.cat\/esc-la-cabana\/wp-content\/uploads\/usu849\/2019\/10\/IMG_1219-200x150.jpg 200w\" sizes=\"auto, (max-width: 300px) 100vw, 300px\" \/><\/a><\/p>\n","protected":false},"excerpt":{"rendered":"<p>Taller sobre la Frida Khalo que hem realitzat l&#8217;alumnat de cicle mitj\u00e0 a la biblioteca de l&#8217;escola.<\/p>\n","protected":false},"author":25,"featured_media":16537,"comment_status":"open","ping_status":"closed","sticky":false,"template":"","format":"standard","meta":{"_bbp_topic_count":0,"_bbp_reply_count":0,"_bbp_total_topic_count":0,"_bbp_total_reply_count":0,"_bbp_voice_count":0,"_bbp_anonymous_reply_count":0,"_bbp_topic_count_hidden":0,"_bbp_reply_count_hidden":0,"_bbp_forum_subforum_count":0,"site-sidebar-layout":"default","site-content-layout":"","ast-site-content-layout":"","site-content-style":"default","site-sidebar-style":"default","ast-global-header-display":"","ast-banner-title-visibility":"","ast-main-header-display":"","ast-hfb-above-header-display":"","ast-hfb-below-header-display":"","ast-hfb-mobile-header-display":"","site-post-title":"","ast-breadcrumbs-content":"","ast-featured-img":"","footer-sml-layout":"","theme-transparent-header-meta":"","adv-header-id-meta":"","stick-header-meta":"","header-above-stick-meta":"","header-main-stick-meta":"","header-below-stick-meta":"","astra-migrate-meta-layouts":"default","ast-page-background-enabled":"default","ast-page-background-meta":{"desktop":{"background-color":"var(--ast-global-color-4)","background-image":"","background-repeat":"repeat","background-position":"center center","background-size":"auto","background-attachment":"scroll","background-type":"","background-media":"","overlay-type":"","overlay-color":"","overlay-opacity":"","overlay-gradient":""},"tablet":{"background-color":"","background-image":"","background-repeat":"repeat","background-position":"center center","background-size":"auto","background-attachment":"scroll","background-type":"","background-media":"","overlay-type":"","overlay-color":"","overlay-opacity":"","overlay-gradient":""},"mobile":{"background-color":"","background-image":"","background-repeat":"repeat","background-position":"center center","background-size":"auto","background-attachment":"scroll","background-type":"","background-media":"","overlay-type":"","overlay-color":"","overlay-opacity":"","overlay-gradient":""}},"ast-content-background-meta":{"desktop":{"background-color":"var(--ast-global-color-5)","background-image":"","background-repeat":"repeat","background-position":"center center","background-size":"auto","background-attachment":"scroll","background-type":"","background-media":"","overlay-type":"","overlay-color":"","overlay-opacity":"","overlay-gradient":""},"tablet":{"background-color":"var(--ast-global-color-5)","background-image":"","background-repeat":"repeat","background-position":"center center","background-size":"auto","background-attachment":"scroll","background-type":"","background-media":"","overlay-type":"","overlay-color":"","overlay-opacity":"","overlay-gradient":""},"mobile":{"background-color":"var(--ast-global-color-5)","background-image":"","background-repeat":"repeat","background-position":"center center","background-size":"auto","background-attachment":"scroll","background-type":"","background-media":"","overlay-type":"","overlay-color":"","overlay-opacity":"","overlay-gradient":""}},"footnotes":""},"categories":[34,12,1,4],"tags":[97,106,216,75],"class_list":["post-16527","post","type-post","status-publish","format-standard","has-post-thumbnail","hentry","category-biblioteca","category-c-m","category-general","category-portada","tag-biblioteca","tag-cicle-mitja","tag-curs-2019-2020","tag-tallers"],"post_mailing_queue_ids":[],"_links":{"self":[{"href":"https:\/\/agora.xtec.cat\/esc-la-cabana\/wp-json\/wp\/v2\/posts\/16527","targetHints":{"allow":["GET"]}}],"collection":[{"href":"https:\/\/agora.xtec.cat\/esc-la-cabana\/wp-json\/wp\/v2\/posts"}],"about":[{"href":"https:\/\/agora.xtec.cat\/esc-la-cabana\/wp-json\/wp\/v2\/types\/post"}],"author":[{"embeddable":true,"href":"https:\/\/agora.xtec.cat\/esc-la-cabana\/wp-json\/wp\/v2\/users\/25"}],"replies":[{"embeddable":true,"href":"https:\/\/agora.xtec.cat\/esc-la-cabana\/wp-json\/wp\/v2\/comments?post=16527"}],"version-history":[{"count":3,"href":"https:\/\/agora.xtec.cat\/esc-la-cabana\/wp-json\/wp\/v2\/posts\/16527\/revisions"}],"predecessor-version":[{"id":16541,"href":"https:\/\/agora.xtec.cat\/esc-la-cabana\/wp-json\/wp\/v2\/posts\/16527\/revisions\/16541"}],"wp:featuredmedia":[{"embeddable":true,"href":"https:\/\/agora.xtec.cat\/esc-la-cabana\/wp-json\/wp\/v2\/media\/16537"}],"wp:attachment":[{"href":"https:\/\/agora.xtec.cat\/esc-la-cabana\/wp-json\/wp\/v2\/media?parent=16527"}],"wp:term":[{"taxonomy":"category","embeddable":true,"href":"https:\/\/agora.xtec.cat\/esc-la-cabana\/wp-json\/wp\/v2\/categories?post=16527"},{"taxonomy":"post_tag","embeddable":true,"href":"https:\/\/agora.xtec.cat\/esc-la-cabana\/wp-json\/wp\/v2\/tags?post=16527"}],"curies":[{"name":"wp","href":"https:\/\/api.w.org\/{rel}","templated":true}]}}