{"id":16446,"date":"2019-09-05T18:03:29","date_gmt":"2019-09-05T16:03:29","guid":{"rendered":"http:\/\/agora.xtec.cat\/esc-la-cabana\/?p=16446"},"modified":"2019-09-24T15:06:18","modified_gmt":"2019-09-24T13:06:18","slug":"reunions-dinici-de-curs-2019-2020","status":"publish","type":"post","link":"https:\/\/agora.xtec.cat\/esc-la-cabana\/general\/reunions-dinici-de-curs-2019-2020\/","title":{"rendered":"CALENDARI ESCOLAR I REUNIONS D&#8217;INICI DE CURS 2019-2020"},"content":{"rendered":"<p>Clicant el seg\u00fcent enlla\u00e7 us podeu descarregar el calendari escolar del curs 2019-2020: <a href=\"https:\/\/agora.xtec.cat\/esc-la-cabana\/wp-content\/uploads\/usu849\/2019\/09\/CALENDARI-PER-A-FAM\u00cdLIES-2019-20.pdf\" target=\"_blank\" rel=\"noopener noreferrer\">CALENDARI PER A FAM\u00cdLIES 2019-20<\/a><\/p>\n<p>Les reunions d&#8217;inici de curs per a les fam\u00edlies es faran els seg\u00fcents dies:<\/p>\n<ul>\n<li>5 de setembre, E.Infantil (18:00h)<\/li>\n<li>24 de setembre CI (17:00h)<\/li>\n<li>25 de setembre CM (17:00h)<\/li>\n<li>26 de setembre CS (17:00h)<\/li>\n<\/ul>\n<p>A continuaci\u00f3 podeu veure els tr\u00edptics i guions de les reunions.<\/p>\n<p style=\"text-align: center;\"><a href=\"https:\/\/agora.xtec.cat\/esc-la-cabana\/wp-content\/uploads\/usu849\/2019\/09\/triptic-reuni\u00f3-inici-de-curs-CI-2019-20.pdf\" target=\"_blank\" rel=\"noopener noreferrer\">Triptic de la reuni\u00f3 d&#8217;inici de curs de Cicle Inicial 2019-20<\/a><\/p>\n<p><a href=\"https:\/\/agora.xtec.cat\/esc-la-cabana\/wp-content\/uploads\/usu849\/2019\/09\/1-1.jpg\"><img loading=\"lazy\" decoding=\"async\" class=\"size-large wp-image-16479 aligncenter\" src=\"https:\/\/agora.xtec.cat\/esc-la-cabana\/wp-content\/uploads\/usu849\/2019\/09\/1-1-1024x724.jpg\" alt=\"\" width=\"1024\" height=\"724\" srcset=\"https:\/\/agora.xtec.cat\/esc-la-cabana\/wp-content\/uploads\/usu849\/2019\/09\/1-1-1024x724.jpg 1024w, https:\/\/agora.xtec.cat\/esc-la-cabana\/wp-content\/uploads\/usu849\/2019\/09\/1-1-300x212.jpg 300w, https:\/\/agora.xtec.cat\/esc-la-cabana\/wp-content\/uploads\/usu849\/2019\/09\/1-1-768x543.jpg 768w, https:\/\/agora.xtec.cat\/esc-la-cabana\/wp-content\/uploads\/usu849\/2019\/09\/1-1.jpg 1123w\" sizes=\"auto, (max-width: 1024px) 100vw, 1024px\" \/><\/a><\/p>\n<p>&nbsp;<\/p>\n<p><a href=\"https:\/\/agora.xtec.cat\/esc-la-cabana\/wp-content\/uploads\/usu849\/2019\/09\/2-1.jpg\"><img loading=\"lazy\" decoding=\"async\" class=\"size-large wp-image-16480 aligncenter\" src=\"https:\/\/agora.xtec.cat\/esc-la-cabana\/wp-content\/uploads\/usu849\/2019\/09\/2-1-1024x724.jpg\" alt=\"\" width=\"1024\" height=\"724\" srcset=\"https:\/\/agora.xtec.cat\/esc-la-cabana\/wp-content\/uploads\/usu849\/2019\/09\/2-1-1024x724.jpg 1024w, https:\/\/agora.xtec.cat\/esc-la-cabana\/wp-content\/uploads\/usu849\/2019\/09\/2-1-300x212.jpg 300w, https:\/\/agora.xtec.cat\/esc-la-cabana\/wp-content\/uploads\/usu849\/2019\/09\/2-1-768x543.jpg 768w, https:\/\/agora.xtec.cat\/esc-la-cabana\/wp-content\/uploads\/usu849\/2019\/09\/2-1.jpg 1123w\" sizes=\"auto, (max-width: 1024px) 100vw, 1024px\" \/><\/a><\/p>\n<p>&nbsp;<\/p>\n<p>&nbsp;<\/p>\n<p style=\"text-align: center;\"><a href=\"https:\/\/agora.xtec.cat\/esc-la-cabana\/wp-content\/uploads\/usu849\/2019\/09\/tr\u00edptic-reuni\u00f3-inici-de-curs-CM-2019-20.pdf\" target=\"_blank\" rel=\"noopener noreferrer\">Tr\u00edptic de la reuni\u00f3 d&#8217;inici de curs de Cicle Mitj\u00e0 2019-2020<\/a><\/p>\n<p>&nbsp;<\/p>\n<p style=\"text-align: center;\"><a href=\"https:\/\/agora.xtec.cat\/esc-la-cabana\/wp-content\/uploads\/usu849\/2019\/09\/Triptic-inici-curs-CM-2019-2020.jpg\"><img loading=\"lazy\" decoding=\"async\" class=\"alignnone size-large wp-image-16485\" src=\"https:\/\/agora.xtec.cat\/esc-la-cabana\/wp-content\/uploads\/usu849\/2019\/09\/Triptic-inici-curs-CM-2019-2020-1024x725.jpg\" alt=\"\" width=\"1024\" height=\"725\" srcset=\"https:\/\/agora.xtec.cat\/esc-la-cabana\/wp-content\/uploads\/usu849\/2019\/09\/Triptic-inici-curs-CM-2019-2020-1024x725.jpg 1024w, https:\/\/agora.xtec.cat\/esc-la-cabana\/wp-content\/uploads\/usu849\/2019\/09\/Triptic-inici-curs-CM-2019-2020-300x212.jpg 300w, https:\/\/agora.xtec.cat\/esc-la-cabana\/wp-content\/uploads\/usu849\/2019\/09\/Triptic-inici-curs-CM-2019-2020-768x543.jpg 768w\" sizes=\"auto, (max-width: 1024px) 100vw, 1024px\" \/><\/a><\/p>\n<p style=\"text-align: center;\"><a href=\"https:\/\/agora.xtec.cat\/esc-la-cabana\/wp-content\/uploads\/usu849\/2019\/09\/Triptic-CM-inici-curs-2019-2020-2.jpg\"><img loading=\"lazy\" decoding=\"async\" class=\"alignnone size-large wp-image-16486\" src=\"https:\/\/agora.xtec.cat\/esc-la-cabana\/wp-content\/uploads\/usu849\/2019\/09\/Triptic-CM-inici-curs-2019-2020-2-1024x725.jpg\" alt=\"\" width=\"1024\" height=\"725\" srcset=\"https:\/\/agora.xtec.cat\/esc-la-cabana\/wp-content\/uploads\/usu849\/2019\/09\/Triptic-CM-inici-curs-2019-2020-2-1024x725.jpg 1024w, https:\/\/agora.xtec.cat\/esc-la-cabana\/wp-content\/uploads\/usu849\/2019\/09\/Triptic-CM-inici-curs-2019-2020-2-300x212.jpg 300w, https:\/\/agora.xtec.cat\/esc-la-cabana\/wp-content\/uploads\/usu849\/2019\/09\/Triptic-CM-inici-curs-2019-2020-2-768x543.jpg 768w\" sizes=\"auto, (max-width: 1024px) 100vw, 1024px\" \/><\/a><\/p>\n<p>&nbsp;<\/p>\n<p style=\"text-align: center;\"><a href=\"https:\/\/agora.xtec.cat\/esc-la-cabana\/wp-content\/uploads\/usu849\/2019\/09\/tr\u00edptic-reuni\u00f3-inici-curs-CS-2019-20.pdf\" target=\"_blank\" rel=\"noopener noreferrer\">Tr\u00edptic de la reuni\u00f3 d&#8217;inici de curs de Cicle Superior 2019-2020<\/a><\/p>\n<p>&nbsp;<\/p>\n<p><a href=\"https:\/\/agora.xtec.cat\/esc-la-cabana\/wp-content\/uploads\/usu849\/2019\/09\/tr\u00edptic-reuni\u00f3-inici-curs-CS-2019-20-imatge-1.jpg\"><img loading=\"lazy\" decoding=\"async\" class=\"size-large wp-image-16482 aligncenter\" src=\"https:\/\/agora.xtec.cat\/esc-la-cabana\/wp-content\/uploads\/usu849\/2019\/09\/tr\u00edptic-reuni\u00f3-inici-curs-CS-2019-20-imatge-1-1024x724.jpg\" alt=\"\" width=\"1024\" height=\"724\" srcset=\"https:\/\/agora.xtec.cat\/esc-la-cabana\/wp-content\/uploads\/usu849\/2019\/09\/tr\u00edptic-reuni\u00f3-inici-curs-CS-2019-20-imatge-1-1024x724.jpg 1024w, https:\/\/agora.xtec.cat\/esc-la-cabana\/wp-content\/uploads\/usu849\/2019\/09\/tr\u00edptic-reuni\u00f3-inici-curs-CS-2019-20-imatge-1-300x212.jpg 300w, https:\/\/agora.xtec.cat\/esc-la-cabana\/wp-content\/uploads\/usu849\/2019\/09\/tr\u00edptic-reuni\u00f3-inici-curs-CS-2019-20-imatge-1-768x543.jpg 768w\" sizes=\"auto, (max-width: 1024px) 100vw, 1024px\" \/><\/a><\/p>\n<p>&nbsp;<\/p>\n<p><a href=\"https:\/\/agora.xtec.cat\/esc-la-cabana\/wp-content\/uploads\/usu849\/2019\/09\/tr\u00edptic-reuni\u00f3-inici-curs-CS-2019-20-imatge-2.jpg\"><img loading=\"lazy\" decoding=\"async\" class=\"size-large wp-image-16484 aligncenter\" src=\"https:\/\/agora.xtec.cat\/esc-la-cabana\/wp-content\/uploads\/usu849\/2019\/09\/tr\u00edptic-reuni\u00f3-inici-curs-CS-2019-20-imatge-2-1024x724.jpg\" alt=\"\" width=\"1024\" height=\"724\" srcset=\"https:\/\/agora.xtec.cat\/esc-la-cabana\/wp-content\/uploads\/usu849\/2019\/09\/tr\u00edptic-reuni\u00f3-inici-curs-CS-2019-20-imatge-2-1024x724.jpg 1024w, https:\/\/agora.xtec.cat\/esc-la-cabana\/wp-content\/uploads\/usu849\/2019\/09\/tr\u00edptic-reuni\u00f3-inici-curs-CS-2019-20-imatge-2-300x212.jpg 300w, https:\/\/agora.xtec.cat\/esc-la-cabana\/wp-content\/uploads\/usu849\/2019\/09\/tr\u00edptic-reuni\u00f3-inici-curs-CS-2019-20-imatge-2-768x543.jpg 768w\" sizes=\"auto, (max-width: 1024px) 100vw, 1024px\" \/><\/a><\/p>\n<p>&nbsp;<\/p>\n<p style=\"text-align: center;\"><a href=\"https:\/\/agora.xtec.cat\/esc-la-cabana\/wp-content\/uploads\/usu849\/2019\/09\/Triptic-reuni\u00f3-infantil-2019-2020.zip\">Triptic de la reuni\u00f3 d&#8217;inici de curs d&#8217;Educaci\u00f3 infantil 2019-2020<\/a><\/p>\n<p>&nbsp;<\/p>\n<p style=\"text-align: center;\"><img loading=\"lazy\" decoding=\"async\" class=\"size-large wp-image-16449 aligncenter\" src=\"https:\/\/agora.xtec.cat\/esc-la-cabana\/wp-content\/uploads\/usu849\/2019\/09\/1-1024x791.jpg\" alt=\"\" width=\"1024\" height=\"791\" srcset=\"https:\/\/agora.xtec.cat\/esc-la-cabana\/wp-content\/uploads\/usu849\/2019\/09\/1-1024x791.jpg 1024w, https:\/\/agora.xtec.cat\/esc-la-cabana\/wp-content\/uploads\/usu849\/2019\/09\/1-300x232.jpg 300w, https:\/\/agora.xtec.cat\/esc-la-cabana\/wp-content\/uploads\/usu849\/2019\/09\/1-768x593.jpg 768w, https:\/\/agora.xtec.cat\/esc-la-cabana\/wp-content\/uploads\/usu849\/2019\/09\/1.jpg 1056w\" sizes=\"auto, (max-width: 1024px) 100vw, 1024px\" \/> <img loading=\"lazy\" decoding=\"async\" class=\"size-large wp-image-16450 aligncenter\" src=\"https:\/\/agora.xtec.cat\/esc-la-cabana\/wp-content\/uploads\/usu849\/2019\/09\/2-1024x791.jpg\" alt=\"\" width=\"1024\" height=\"791\" srcset=\"https:\/\/agora.xtec.cat\/esc-la-cabana\/wp-content\/uploads\/usu849\/2019\/09\/2-1024x791.jpg 1024w, https:\/\/agora.xtec.cat\/esc-la-cabana\/wp-content\/uploads\/usu849\/2019\/09\/2-300x232.jpg 300w, https:\/\/agora.xtec.cat\/esc-la-cabana\/wp-content\/uploads\/usu849\/2019\/09\/2-768x593.jpg 768w, https:\/\/agora.xtec.cat\/esc-la-cabana\/wp-content\/uploads\/usu849\/2019\/09\/2.jpg 1056w\" sizes=\"auto, (max-width: 1024px) 100vw, 1024px\" \/><\/p>\n<p>&nbsp;<\/p>\n<p>&nbsp;<\/p>\n","protected":false},"excerpt":{"rendered":"<p>Calendari escolar i reunions d&#8217;inici de curs<\/p>\n","protected":false},"author":1,"featured_media":16459,"comment_status":"open","ping_status":"closed","sticky":false,"template":"","format":"standard","meta":{"_bbp_topic_count":0,"_bbp_reply_count":0,"_bbp_total_topic_count":0,"_bbp_total_reply_count":0,"_bbp_voice_count":0,"_bbp_anonymous_reply_count":0,"_bbp_topic_count_hidden":0,"_bbp_reply_count_hidden":0,"_bbp_forum_subforum_count":0,"site-sidebar-layout":"default","site-content-layout":"","ast-site-content-layout":"","site-content-style":"default","site-sidebar-style":"default","ast-global-header-display":"","ast-banner-title-visibility":"","ast-main-header-display":"","ast-hfb-above-header-display":"","ast-hfb-below-header-display":"","ast-hfb-mobile-header-display":"","site-post-title":"","ast-breadcrumbs-content":"","ast-featured-img":"","footer-sml-layout":"","theme-transparent-header-meta":"","adv-header-id-meta":"","stick-header-meta":"","header-above-stick-meta":"","header-main-stick-meta":"","header-below-stick-meta":"","astra-migrate-meta-layouts":"default","ast-page-background-enabled":"default","ast-page-background-meta":{"desktop":{"background-color":"var(--ast-global-color-4)","background-image":"","background-repeat":"repeat","background-position":"center center","background-size":"auto","background-attachment":"scroll","background-type":"","background-media":"","overlay-type":"","overlay-color":"","overlay-opacity":"","overlay-gradient":""},"tablet":{"background-color":"","background-image":"","background-repeat":"repeat","background-position":"center center","background-size":"auto","background-attachment":"scroll","background-type":"","background-media":"","overlay-type":"","overlay-color":"","overlay-opacity":"","overlay-gradient":""},"mobile":{"background-color":"","background-image":"","background-repeat":"repeat","background-position":"center center","background-size":"auto","background-attachment":"scroll","background-type":"","background-media":"","overlay-type":"","overlay-color":"","overlay-opacity":"","overlay-gradient":""}},"ast-content-background-meta":{"desktop":{"background-color":"var(--ast-global-color-5)","background-image":"","background-repeat":"repeat","background-position":"center center","background-size":"auto","background-attachment":"scroll","background-type":"","background-media":"","overlay-type":"","overlay-color":"","overlay-opacity":"","overlay-gradient":""},"tablet":{"background-color":"var(--ast-global-color-5)","background-image":"","background-repeat":"repeat","background-position":"center center","background-size":"auto","background-attachment":"scroll","background-type":"","background-media":"","overlay-type":"","overlay-color":"","overlay-opacity":"","overlay-gradient":""},"mobile":{"background-color":"var(--ast-global-color-5)","background-image":"","background-repeat":"repeat","background-position":"center center","background-size":"auto","background-attachment":"scroll","background-type":"","background-media":"","overlay-type":"","overlay-color":"","overlay-opacity":"","overlay-gradient":""}},"footnotes":""},"categories":[10,12,14,33,1,4],"tags":[210,211],"class_list":["post-16446","post","type-post","status-publish","format-standard","has-post-thumbnail","hentry","category-c-i","category-c-m","category-c-s","category-e-i","category-general","category-portada","tag-calendari-escolar","tag-reunions-dinici-de-curs"],"post_mailing_queue_ids":[],"_links":{"self":[{"href":"https:\/\/agora.xtec.cat\/esc-la-cabana\/wp-json\/wp\/v2\/posts\/16446","targetHints":{"allow":["GET"]}}],"collection":[{"href":"https:\/\/agora.xtec.cat\/esc-la-cabana\/wp-json\/wp\/v2\/posts"}],"about":[{"href":"https:\/\/agora.xtec.cat\/esc-la-cabana\/wp-json\/wp\/v2\/types\/post"}],"author":[{"embeddable":true,"href":"https:\/\/agora.xtec.cat\/esc-la-cabana\/wp-json\/wp\/v2\/users\/1"}],"replies":[{"embeddable":true,"href":"https:\/\/agora.xtec.cat\/esc-la-cabana\/wp-json\/wp\/v2\/comments?post=16446"}],"version-history":[{"count":3,"href":"https:\/\/agora.xtec.cat\/esc-la-cabana\/wp-json\/wp\/v2\/posts\/16446\/revisions"}],"predecessor-version":[{"id":16488,"href":"https:\/\/agora.xtec.cat\/esc-la-cabana\/wp-json\/wp\/v2\/posts\/16446\/revisions\/16488"}],"wp:featuredmedia":[{"embeddable":true,"href":"https:\/\/agora.xtec.cat\/esc-la-cabana\/wp-json\/wp\/v2\/media\/16459"}],"wp:attachment":[{"href":"https:\/\/agora.xtec.cat\/esc-la-cabana\/wp-json\/wp\/v2\/media?parent=16446"}],"wp:term":[{"taxonomy":"category","embeddable":true,"href":"https:\/\/agora.xtec.cat\/esc-la-cabana\/wp-json\/wp\/v2\/categories?post=16446"},{"taxonomy":"post_tag","embeddable":true,"href":"https:\/\/agora.xtec.cat\/esc-la-cabana\/wp-json\/wp\/v2\/tags?post=16446"}],"curies":[{"name":"wp","href":"https:\/\/api.w.org\/{rel}","templated":true}]}}