{"id":16341,"date":"2019-04-24T16:22:46","date_gmt":"2019-04-24T14:22:46","guid":{"rendered":"http:\/\/agora.xtec.cat\/esc-la-cabana\/?p=16341"},"modified":"2019-05-08T10:04:34","modified_gmt":"2019-05-08T08:04:34","slug":"concurs-matematic-i-certamen-de-lectura-en-veu-alta","status":"publish","type":"post","link":"https:\/\/agora.xtec.cat\/esc-la-cabana\/general\/concurs-matematic-i-certamen-de-lectura-en-veu-alta\/","title":{"rendered":"CONCURS MATEM\u00c0TIC I CERTAMEN DE LECTURA EN VEU ALTA"},"content":{"rendered":"<p><img loading=\"lazy\" decoding=\"async\" class=\" wp-image-16342 alignleft\" src=\"https:\/\/agora.xtec.cat\/esc-la-cabana\/wp-content\/uploads\/usu849\/2019\/04\/IMG_20190321_090848_opt.jpg\" alt=\"\" width=\"317\" height=\"238\" srcset=\"https:\/\/agora.xtec.cat\/esc-la-cabana\/wp-content\/uploads\/usu849\/2019\/04\/IMG_20190321_090848_opt.jpg 400w, https:\/\/agora.xtec.cat\/esc-la-cabana\/wp-content\/uploads\/usu849\/2019\/04\/IMG_20190321_090848_opt-300x225.jpg 300w, https:\/\/agora.xtec.cat\/esc-la-cabana\/wp-content\/uploads\/usu849\/2019\/04\/IMG_20190321_090848_opt-200x150.jpg 200w\" sizes=\"auto, (max-width: 317px) 100vw, 317px\" \/>L&#8217;alumnat de cicle superior, el passat mes de mar\u00e7, va participar en dos concursos: Proves cangur de matem\u00e0tiques i Certamen de Lectura en Veu Alta de llengua catalana.<\/p>\n<p>El dia 21 de mar\u00e7 tot l\u2019alumnat de cicle superior que de manera volunt\u00e0ria hi va voler participar, va realitzar les proves cangur de matem\u00e0tiques. Aquestes consisteixen en resoldre un conjunt d\u2019enigmes i jocs matem\u00e0tics en una hora. I sabeu qu\u00e8?<\/p>\n<ul>\n<li>La majoria de nens i nenes les tornarien a fer l\u2019any vinent.<\/li>\n<li>La majoria de nens i nenes no les van trobar dif\u00edcils, aix\u00f2 s\u00ed, diuen que van donar molts tombs \u00a0al cap abans de trobar la resposta. Les preguntes eren una mica enrevessades!<\/li>\n<\/ul>\n<p>El dia 27 de mar\u00e7 es va celebrar el Certamen de Lectura en Veu Alta a l\u2019Auditori de Vilafranca del Pened\u00e8s. El Marc Oc\u00f3n va representar la nostra escola, enmig d\u2019una mica de nervis,\u00a0 moltes\u00a0 emocions i una expressiva i fant\u00e0stica\u00a0 lectura en veu alta. Ho va fer molt b\u00e9! Si voleu veure el<a href=\"https:\/\/www.rtvvilafranca.cat\/programa\/lectura-veu-alta\/f\/182854-20190327\" target=\"_blank\" rel=\"noopener\"> v\u00eddeo&#8230;<\/a><\/p>\n<p>Aquest curs tamb\u00e9 van poder assistir a l&#8217;acte els finalistes del certamen intern de l&#8217;escola. Us deixem algunes imatges d&#8217;aquesta activitat<\/p>\n<p><img loading=\"lazy\" decoding=\"async\" class=\"alignnone size-full wp-image-16344\" src=\"https:\/\/agora.xtec.cat\/esc-la-cabana\/wp-content\/uploads\/usu849\/2019\/04\/IMG_20190212_093444_opt.jpg\" alt=\"\" width=\"400\" height=\"300\" srcset=\"https:\/\/agora.xtec.cat\/esc-la-cabana\/wp-content\/uploads\/usu849\/2019\/04\/IMG_20190212_093444_opt.jpg 400w, https:\/\/agora.xtec.cat\/esc-la-cabana\/wp-content\/uploads\/usu849\/2019\/04\/IMG_20190212_093444_opt-300x225.jpg 300w, https:\/\/agora.xtec.cat\/esc-la-cabana\/wp-content\/uploads\/usu849\/2019\/04\/IMG_20190212_093444_opt-200x150.jpg 200w\" sizes=\"auto, (max-width: 400px) 100vw, 400px\" \/> <img loading=\"lazy\" decoding=\"async\" class=\"alignnone size-full wp-image-16343\" src=\"https:\/\/agora.xtec.cat\/esc-la-cabana\/wp-content\/uploads\/usu849\/2019\/04\/IMG_20190212_094312_opt.jpg\" alt=\"\" width=\"400\" height=\"300\" srcset=\"https:\/\/agora.xtec.cat\/esc-la-cabana\/wp-content\/uploads\/usu849\/2019\/04\/IMG_20190212_094312_opt.jpg 400w, https:\/\/agora.xtec.cat\/esc-la-cabana\/wp-content\/uploads\/usu849\/2019\/04\/IMG_20190212_094312_opt-300x225.jpg 300w, https:\/\/agora.xtec.cat\/esc-la-cabana\/wp-content\/uploads\/usu849\/2019\/04\/IMG_20190212_094312_opt-200x150.jpg 200w\" sizes=\"auto, (max-width: 400px) 100vw, 400px\" \/><\/p>\n<p><img loading=\"lazy\" decoding=\"async\" class=\"alignnone size-full wp-image-16345\" src=\"https:\/\/agora.xtec.cat\/esc-la-cabana\/wp-content\/uploads\/usu849\/2019\/04\/Image-1_opt.jpg\" alt=\"\" width=\"400\" height=\"300\" srcset=\"https:\/\/agora.xtec.cat\/esc-la-cabana\/wp-content\/uploads\/usu849\/2019\/04\/Image-1_opt.jpg 400w, https:\/\/agora.xtec.cat\/esc-la-cabana\/wp-content\/uploads\/usu849\/2019\/04\/Image-1_opt-300x225.jpg 300w, https:\/\/agora.xtec.cat\/esc-la-cabana\/wp-content\/uploads\/usu849\/2019\/04\/Image-1_opt-200x150.jpg 200w\" sizes=\"auto, (max-width: 400px) 100vw, 400px\" \/><\/p>\n<p>&nbsp;<\/p>\n<p>&nbsp;<\/p>\n","protected":false},"excerpt":{"rendered":"<p>Participaci\u00f3 a concursos del Cicle Superior. <\/p>\n","protected":false},"author":1,"featured_media":16346,"comment_status":"open","ping_status":"closed","sticky":false,"template":"","format":"standard","meta":{"_bbp_topic_count":0,"_bbp_reply_count":0,"_bbp_total_topic_count":0,"_bbp_total_reply_count":0,"_bbp_voice_count":0,"_bbp_anonymous_reply_count":0,"_bbp_topic_count_hidden":0,"_bbp_reply_count_hidden":0,"_bbp_forum_subforum_count":0,"site-sidebar-layout":"default","site-content-layout":"","ast-site-content-layout":"","site-content-style":"default","site-sidebar-style":"default","ast-global-header-display":"","ast-banner-title-visibility":"","ast-main-header-display":"","ast-hfb-above-header-display":"","ast-hfb-below-header-display":"","ast-hfb-mobile-header-display":"","site-post-title":"","ast-breadcrumbs-content":"","ast-featured-img":"","footer-sml-layout":"","theme-transparent-header-meta":"","adv-header-id-meta":"","stick-header-meta":"","header-above-stick-meta":"","header-main-stick-meta":"","header-below-stick-meta":"","astra-migrate-meta-layouts":"default","ast-page-background-enabled":"default","ast-page-background-meta":{"desktop":{"background-color":"var(--ast-global-color-4)","background-image":"","background-repeat":"repeat","background-position":"center center","background-size":"auto","background-attachment":"scroll","background-type":"","background-media":"","overlay-type":"","overlay-color":"","overlay-opacity":"","overlay-gradient":""},"tablet":{"background-color":"","background-image":"","background-repeat":"repeat","background-position":"center center","background-size":"auto","background-attachment":"scroll","background-type":"","background-media":"","overlay-type":"","overlay-color":"","overlay-opacity":"","overlay-gradient":""},"mobile":{"background-color":"","background-image":"","background-repeat":"repeat","background-position":"center center","background-size":"auto","background-attachment":"scroll","background-type":"","background-media":"","overlay-type":"","overlay-color":"","overlay-opacity":"","overlay-gradient":""}},"ast-content-background-meta":{"desktop":{"background-color":"var(--ast-global-color-5)","background-image":"","background-repeat":"repeat","background-position":"center center","background-size":"auto","background-attachment":"scroll","background-type":"","background-media":"","overlay-type":"","overlay-color":"","overlay-opacity":"","overlay-gradient":""},"tablet":{"background-color":"var(--ast-global-color-5)","background-image":"","background-repeat":"repeat","background-position":"center center","background-size":"auto","background-attachment":"scroll","background-type":"","background-media":"","overlay-type":"","overlay-color":"","overlay-opacity":"","overlay-gradient":""},"mobile":{"background-color":"var(--ast-global-color-5)","background-image":"","background-repeat":"repeat","background-position":"center center","background-size":"auto","background-attachment":"scroll","background-type":"","background-media":"","overlay-type":"","overlay-color":"","overlay-opacity":"","overlay-gradient":""}},"footnotes":""},"categories":[34,14,1,4],"tags":[74,179,95,178,204],"class_list":["post-16341","post","type-post","status-publish","format-standard","has-post-thumbnail","hentry","category-biblioteca","category-c-s","category-general","category-portada","tag-cicle-superior","tag-clva","tag-concurs","tag-concurs-lectura","tag-proves-cangur"],"post_mailing_queue_ids":[],"_links":{"self":[{"href":"https:\/\/agora.xtec.cat\/esc-la-cabana\/wp-json\/wp\/v2\/posts\/16341","targetHints":{"allow":["GET"]}}],"collection":[{"href":"https:\/\/agora.xtec.cat\/esc-la-cabana\/wp-json\/wp\/v2\/posts"}],"about":[{"href":"https:\/\/agora.xtec.cat\/esc-la-cabana\/wp-json\/wp\/v2\/types\/post"}],"author":[{"embeddable":true,"href":"https:\/\/agora.xtec.cat\/esc-la-cabana\/wp-json\/wp\/v2\/users\/1"}],"replies":[{"embeddable":true,"href":"https:\/\/agora.xtec.cat\/esc-la-cabana\/wp-json\/wp\/v2\/comments?post=16341"}],"version-history":[{"count":3,"href":"https:\/\/agora.xtec.cat\/esc-la-cabana\/wp-json\/wp\/v2\/posts\/16341\/revisions"}],"predecessor-version":[{"id":16374,"href":"https:\/\/agora.xtec.cat\/esc-la-cabana\/wp-json\/wp\/v2\/posts\/16341\/revisions\/16374"}],"wp:featuredmedia":[{"embeddable":true,"href":"https:\/\/agora.xtec.cat\/esc-la-cabana\/wp-json\/wp\/v2\/media\/16346"}],"wp:attachment":[{"href":"https:\/\/agora.xtec.cat\/esc-la-cabana\/wp-json\/wp\/v2\/media?parent=16341"}],"wp:term":[{"taxonomy":"category","embeddable":true,"href":"https:\/\/agora.xtec.cat\/esc-la-cabana\/wp-json\/wp\/v2\/categories?post=16341"},{"taxonomy":"post_tag","embeddable":true,"href":"https:\/\/agora.xtec.cat\/esc-la-cabana\/wp-json\/wp\/v2\/tags?post=16341"}],"curies":[{"name":"wp","href":"https:\/\/api.w.org\/{rel}","templated":true}]}}