{"id":16110,"date":"2019-03-07T13:24:52","date_gmt":"2019-03-07T12:24:52","guid":{"rendered":"http:\/\/agora.xtec.cat\/esc-la-cabana\/?p=16110"},"modified":"2019-03-07T13:29:46","modified_gmt":"2019-03-07T12:29:46","slug":"projecte-interdisciplinari-de-l-alimentacio-a-la-biblioteca","status":"publish","type":"post","link":"https:\/\/agora.xtec.cat\/esc-la-cabana\/general\/projecte-interdisciplinari-de-l-alimentacio-a-la-biblioteca\/","title":{"rendered":"PROJECTE INTERDISCIPLINARI DE L&#8217; ALIMENTACI\u00d3 A LA BIBLIOTECA"},"content":{"rendered":"<p>Des de la Biblioteca de La Cabana, hem estat treballant el tema de <strong>L\u2019alimentaci\u00f3<\/strong>, englobat \u00a0dins del Projecte interdisciplinari que du a terme tota l\u2019escola.<\/p>\n<p>A Ed. Infantil s\u2019ha explicat el conte de <strong><em>La Marta i la xocolata<\/em><\/strong> de Lia Bertran. Ja heu vist els dibuixos que han fet els nens i nenes amb els dits i xocolata? S\u00ed, s\u00ed,\u2026no han fet servir ni colors i pintura, sin\u00f3 un material molt m\u00e9s llaminer: la XOCOLATA! Estan penjats al passad\u00eds del Parvulari.<\/p>\n<p>Els Inventors i els Minerals de Cicle Inicial han fet un treball audiovisual col\u00b7laboratiu\u00a0 des de la biblioteca i l&#8217;angl\u00e8s del conte\u00a0 <em><strong>Pop and Posy.\u00a0<\/strong><\/em> Us recomanem que observeu b\u00e9 els detalls dels dibuixos i\u00a0 que us fixeu en la bona pronunciaci\u00f3!<\/p>\n<div class=\"ast-oembed-container \" style=\"height: 100%;\"><iframe loading=\"lazy\" title=\"Pip and Posy CI BONA\" width=\"500\" height=\"375\" src=\"https:\/\/www.youtube.com\/embed\/wMxlOen_arM?feature=oembed\" frameborder=\"0\" allow=\"accelerometer; autoplay; clipboard-write; encrypted-media; gyroscope; picture-in-picture; web-share\" referrerpolicy=\"strict-origin-when-cross-origin\" allowfullscreen><\/iframe><\/div>\n<p>&nbsp;<\/p>\n<p><a href=\"https:\/\/agora.xtec.cat\/esc-la-cabana\/wp-content\/uploads\/usu849\/2019\/02\/IMG_0292_opt.jpg\"><img loading=\"lazy\" decoding=\"async\" class=\" wp-image-16132 alignleft\" src=\"https:\/\/agora.xtec.cat\/esc-la-cabana\/wp-content\/uploads\/usu849\/2019\/02\/IMG_0292_opt.jpg\" alt=\"\" width=\"299\" height=\"224\" srcset=\"https:\/\/agora.xtec.cat\/esc-la-cabana\/wp-content\/uploads\/usu849\/2019\/02\/IMG_0292_opt.jpg 400w, https:\/\/agora.xtec.cat\/esc-la-cabana\/wp-content\/uploads\/usu849\/2019\/02\/IMG_0292_opt-300x225.jpg 300w, https:\/\/agora.xtec.cat\/esc-la-cabana\/wp-content\/uploads\/usu849\/2019\/02\/IMG_0292_opt-200x150.jpg 200w\" sizes=\"auto, (max-width: 299px) 100vw, 299px\" \/><\/a><\/p>\n<p>A Cicle Mitj\u00e0 s\u2019ha treballat el conte \u00a0<strong><em>Zampalabras<\/em><\/strong>, de Javier Fonseca. Tracta d\u2019un monstre que t\u00e9 tanta gana que acaba menjant-se\u2026 Millor que ho descobriu vosaltres mateixos. El conte us espera a la biblioteca de l&#8217;escola.<\/p>\n<p>A Cicle Superior s\u2019ha fet conversa sobre quines s\u00f3n les malalties relacionades amb l\u2019alimentaci\u00f3, i hem llegit un receptari una mica diferent. Receptes de pollastre o de past\u00eds de formatge? Doncs no. Hem treballat <em><strong>Receptes de Pluja i Sucre<\/strong><\/em>, d\u2019Eva Manzano i M\u00f3nica Guti\u00e9rrez.\u00a0Un llibre de receptes molt especial que serveix per endolcir les emocions que ens acompanyen cada dia.\u00a0 Voleu veure\u2019n alguns exemples? Aqu\u00ed teniu les receptes de l\u2019estima, la culpa, el respecte i l\u2019enuig. Bon profit!<\/p>\n<p>&nbsp;<\/p>\n<p>Primer v\u00eddeo<\/p>\n<div class=\"ast-oembed-container \" style=\"height: 100%;\"><iframe loading=\"lazy\" title=\"MVI 0287\" width=\"500\" height=\"281\" src=\"https:\/\/www.youtube.com\/embed\/5TFAWA-6BFI?feature=oembed\" frameborder=\"0\" allow=\"accelerometer; autoplay; clipboard-write; encrypted-media; gyroscope; picture-in-picture; web-share\" referrerpolicy=\"strict-origin-when-cross-origin\" allowfullscreen><\/iframe><\/div>\n<p>Segon v\u00eddeo<\/p>\n<div class=\"ast-oembed-container \" style=\"height: 100%;\"><iframe loading=\"lazy\" title=\"MVI 0288\" width=\"500\" height=\"281\" src=\"https:\/\/www.youtube.com\/embed\/pOq9RvEbOh0?feature=oembed\" frameborder=\"0\" allow=\"accelerometer; autoplay; clipboard-write; encrypted-media; gyroscope; picture-in-picture; web-share\" referrerpolicy=\"strict-origin-when-cross-origin\" allowfullscreen><\/iframe><\/div>\n<p>Tercer v\u00eddeo<\/p>\n<p><a href=\"https:\/\/youtu.be\/ehH3kavGHdI\" target=\"_blank\" rel=\"noopener\">https:\/\/youtu.be\/ehH3kavGHdI<\/a><\/p>\n<p>&nbsp;<\/p>\n<p>Quart v\u00eddeo<\/p>\n<p><a href=\"https:\/\/youtu.be\/S8dG24fn2sg\" target=\"_blank\" rel=\"noopener\">https:\/\/youtu.be\/S8dG24fn2sg<\/a><\/p>\n<p>&nbsp;<\/p>\n<p>&nbsp;<\/p>\n<p>&nbsp;<\/p>\n","protected":false},"excerpt":{"rendered":"<p>ACTIVITATS DEL PROJECTE INTERDISCIPLINARI D&#8217;ALIMENTACI\u00d3  A LA BIBLIOTECA<\/p>\n","protected":false},"author":1,"featured_media":16131,"comment_status":"open","ping_status":"closed","sticky":false,"template":"","format":"standard","meta":{"_bbp_topic_count":0,"_bbp_reply_count":0,"_bbp_total_topic_count":0,"_bbp_total_reply_count":0,"_bbp_voice_count":0,"_bbp_anonymous_reply_count":0,"_bbp_topic_count_hidden":0,"_bbp_reply_count_hidden":0,"_bbp_forum_subforum_count":0,"site-sidebar-layout":"default","site-content-layout":"","ast-site-content-layout":"","site-content-style":"default","site-sidebar-style":"default","ast-global-header-display":"","ast-banner-title-visibility":"","ast-main-header-display":"","ast-hfb-above-header-display":"","ast-hfb-below-header-display":"","ast-hfb-mobile-header-display":"","site-post-title":"","ast-breadcrumbs-content":"","ast-featured-img":"","footer-sml-layout":"","theme-transparent-header-meta":"","adv-header-id-meta":"","stick-header-meta":"","header-above-stick-meta":"","header-main-stick-meta":"","header-below-stick-meta":"","astra-migrate-meta-layouts":"default","ast-page-background-enabled":"default","ast-page-background-meta":{"desktop":{"background-color":"var(--ast-global-color-4)","background-image":"","background-repeat":"repeat","background-position":"center center","background-size":"auto","background-attachment":"scroll","background-type":"","background-media":"","overlay-type":"","overlay-color":"","overlay-opacity":"","overlay-gradient":""},"tablet":{"background-color":"","background-image":"","background-repeat":"repeat","background-position":"center center","background-size":"auto","background-attachment":"scroll","background-type":"","background-media":"","overlay-type":"","overlay-color":"","overlay-opacity":"","overlay-gradient":""},"mobile":{"background-color":"","background-image":"","background-repeat":"repeat","background-position":"center center","background-size":"auto","background-attachment":"scroll","background-type":"","background-media":"","overlay-type":"","overlay-color":"","overlay-opacity":"","overlay-gradient":""}},"ast-content-background-meta":{"desktop":{"background-color":"var(--ast-global-color-5)","background-image":"","background-repeat":"repeat","background-position":"center center","background-size":"auto","background-attachment":"scroll","background-type":"","background-media":"","overlay-type":"","overlay-color":"","overlay-opacity":"","overlay-gradient":""},"tablet":{"background-color":"var(--ast-global-color-5)","background-image":"","background-repeat":"repeat","background-position":"center center","background-size":"auto","background-attachment":"scroll","background-type":"","background-media":"","overlay-type":"","overlay-color":"","overlay-opacity":"","overlay-gradient":""},"mobile":{"background-color":"var(--ast-global-color-5)","background-image":"","background-repeat":"repeat","background-position":"center center","background-size":"auto","background-attachment":"scroll","background-type":"","background-media":"","overlay-type":"","overlay-color":"","overlay-opacity":"","overlay-gradient":""}},"footnotes":""},"categories":[34,10,12,14,1,4],"tags":[79,97,103,101],"class_list":["post-16110","post","type-post","status-publish","format-standard","has-post-thumbnail","hentry","category-biblioteca","category-c-i","category-c-m","category-c-s","category-general","category-portada","tag-alimentacio","tag-biblioteca","tag-interdisciplinari","tag-projecte"],"post_mailing_queue_ids":[],"_links":{"self":[{"href":"https:\/\/agora.xtec.cat\/esc-la-cabana\/wp-json\/wp\/v2\/posts\/16110","targetHints":{"allow":["GET"]}}],"collection":[{"href":"https:\/\/agora.xtec.cat\/esc-la-cabana\/wp-json\/wp\/v2\/posts"}],"about":[{"href":"https:\/\/agora.xtec.cat\/esc-la-cabana\/wp-json\/wp\/v2\/types\/post"}],"author":[{"embeddable":true,"href":"https:\/\/agora.xtec.cat\/esc-la-cabana\/wp-json\/wp\/v2\/users\/1"}],"replies":[{"embeddable":true,"href":"https:\/\/agora.xtec.cat\/esc-la-cabana\/wp-json\/wp\/v2\/comments?post=16110"}],"version-history":[{"count":3,"href":"https:\/\/agora.xtec.cat\/esc-la-cabana\/wp-json\/wp\/v2\/posts\/16110\/revisions"}],"predecessor-version":[{"id":16162,"href":"https:\/\/agora.xtec.cat\/esc-la-cabana\/wp-json\/wp\/v2\/posts\/16110\/revisions\/16162"}],"wp:featuredmedia":[{"embeddable":true,"href":"https:\/\/agora.xtec.cat\/esc-la-cabana\/wp-json\/wp\/v2\/media\/16131"}],"wp:attachment":[{"href":"https:\/\/agora.xtec.cat\/esc-la-cabana\/wp-json\/wp\/v2\/media?parent=16110"}],"wp:term":[{"taxonomy":"category","embeddable":true,"href":"https:\/\/agora.xtec.cat\/esc-la-cabana\/wp-json\/wp\/v2\/categories?post=16110"},{"taxonomy":"post_tag","embeddable":true,"href":"https:\/\/agora.xtec.cat\/esc-la-cabana\/wp-json\/wp\/v2\/tags?post=16110"}],"curies":[{"name":"wp","href":"https:\/\/api.w.org\/{rel}","templated":true}]}}