{"id":1232,"date":"2017-11-23T15:26:13","date_gmt":"2017-11-23T14:26:13","guid":{"rendered":"http:\/\/agora.xtec.cat\/esc-la-cabana\/?p=1232"},"modified":"2018-01-11T18:02:25","modified_gmt":"2018-01-11T17:02:25","slug":"els-calcots-arriben-al-nostre-hort","status":"publish","type":"post","link":"https:\/\/agora.xtec.cat\/esc-la-cabana\/portada\/els-calcots-arriben-al-nostre-hort\/","title":{"rendered":"Els cal\u00e7ots arriben al nostre hort!"},"content":{"rendered":"<p>Els nens i nenes de cicle inicial hem plantat cal\u00e7ots a l&#8217;hort de l&#8217;escola. Hem vist que el cal\u00e7ot \u00e9s com una ceba. Per plantar-los vam haver de cavar un solc molt profund on vam col\u00b7locar aquestes cebes. Al cap d&#8217;uns dies vam veure que les fulles verdes comen\u00e7aven a sortir de la seva i que les arrels s&#8217;havien enganxat al terra. Era l&#8217;hora de cal\u00e7ar-los, aix\u00f2 vol dir tapar-los amb la terra que hav\u00edem tret del solc.<\/p>\n<p>Qu\u00e8 passar\u00e0 d&#8217;aqu\u00ed a un mes? Esteu atents que us ho explicarem!<\/p>\n<p><a href=\"http:\/\/agora.xtec.cat\/esc-la-cabana\/wp-content\/uploads\/usu849\/2017\/10\/ceba-gran.jpg\"><img loading=\"lazy\" decoding=\"async\" class=\"alignnone wp-image-1236\" src=\"http:\/\/agora.xtec.cat\/esc-la-cabana\/wp-content\/uploads\/usu849\/2017\/10\/ceba-gran.jpg\" alt=\"\" width=\"200\" height=\"150\" srcset=\"https:\/\/agora.xtec.cat\/esc-la-cabana\/wp-content\/uploads\/usu849\/2017\/10\/ceba-gran.jpg 650w, https:\/\/agora.xtec.cat\/esc-la-cabana\/wp-content\/uploads\/usu849\/2017\/10\/ceba-gran-300x225.jpg 300w, https:\/\/agora.xtec.cat\/esc-la-cabana\/wp-content\/uploads\/usu849\/2017\/10\/ceba-gran-200x150.jpg 200w\" sizes=\"auto, (max-width: 200px) 100vw, 200px\" \/><\/a><a href=\"http:\/\/agora.xtec.cat\/esc-la-cabana\/wp-content\/uploads\/usu849\/2017\/10\/solcs-de-cal\u00e7ots.jpg\">\u00a0\u00a0\u00a0\u00a0\u00a0\u00a0\u00a0\u00a0\u00a0\u00a0\u00a0\u00a0\u00a0\u00a0\u00a0\u00a0 <img loading=\"lazy\" decoding=\"async\" class=\"alignnone wp-image-1237\" src=\"http:\/\/agora.xtec.cat\/esc-la-cabana\/wp-content\/uploads\/usu849\/2017\/10\/solcs-de-cal\u00e7ots.jpg\" alt=\"\" width=\"221\" height=\"148\" srcset=\"https:\/\/agora.xtec.cat\/esc-la-cabana\/wp-content\/uploads\/usu849\/2017\/10\/solcs-de-cal\u00e7ots.jpg 320w, https:\/\/agora.xtec.cat\/esc-la-cabana\/wp-content\/uploads\/usu849\/2017\/10\/solcs-de-cal\u00e7ots-300x201.jpg 300w\" sizes=\"auto, (max-width: 221px) 100vw, 221px\" \/><\/a><a href=\"http:\/\/agora.xtec.cat\/esc-la-cabana\/wp-content\/uploads\/usu849\/2017\/10\/cal\u00e7ot-grillat.jpg\">\u00a0\u00a0\u00a0\u00a0\u00a0\u00a0\u00a0\u00a0\u00a0\u00a0\u00a0\u00a0\u00a0\u00a0\u00a0 <img loading=\"lazy\" decoding=\"async\" class=\"alignnone wp-image-1235\" src=\"http:\/\/agora.xtec.cat\/esc-la-cabana\/wp-content\/uploads\/usu849\/2017\/10\/cal\u00e7ot-grillat-768x1024.jpg\" alt=\"\" width=\"129\" height=\"172\" srcset=\"https:\/\/agora.xtec.cat\/esc-la-cabana\/wp-content\/uploads\/usu849\/2017\/10\/cal\u00e7ot-grillat-768x1024.jpg 768w, https:\/\/agora.xtec.cat\/esc-la-cabana\/wp-content\/uploads\/usu849\/2017\/10\/cal\u00e7ot-grillat-225x300.jpg 225w, https:\/\/agora.xtec.cat\/esc-la-cabana\/wp-content\/uploads\/usu849\/2017\/10\/cal\u00e7ot-grillat.jpg 1200w\" sizes=\"auto, (max-width: 129px) 100vw, 129px\" \/><\/a><a href=\"http:\/\/agora.xtec.cat\/esc-la-cabana\/wp-content\/uploads\/usu849\/2017\/10\/solcs-de-cal\u00e7ots.jpg\">\u00a0 <\/a><\/p>\n<p>&nbsp;<\/p>\n<p><a href=\"http:\/\/agora.xtec.cat\/esc-la-cabana\/wp-content\/uploads\/usu849\/2017\/10\/ceba-gran.jpg\">\u00a0\u00a0\u00a0\u00a0\u00a0\u00a0\u00a0\u00a0\u00a0\u00a0\u00a0\u00a0\u00a0\u00a0\u00a0\u00a0\u00a0\u00a0\u00a0\u00a0\u00a0\u00a0<\/a><a href=\"http:\/\/agora.xtec.cat\/esc-la-cabana\/wp-content\/uploads\/usu849\/2017\/10\/solcs-de-cal\u00e7ots.jpg\">\u00a0\u00a0\u00a0\u00a0\u00a0\u00a0\u00a0\u00a0\u00a0\u00a0\u00a0\u00a0\u00a0\u00a0\u00a0\u00a0\u00a0\u00a0\u00a0 <\/a><\/p>\n","protected":false},"excerpt":{"rendered":"<p>Els cal\u00e7ots arriben al nostre hort!<\/p>\n","protected":false},"author":1,"featured_media":1233,"comment_status":"open","ping_status":"closed","sticky":false,"template":"","format":"standard","meta":{"_bbp_topic_count":0,"_bbp_reply_count":0,"_bbp_total_topic_count":0,"_bbp_total_reply_count":0,"_bbp_voice_count":0,"_bbp_anonymous_reply_count":0,"_bbp_topic_count_hidden":0,"_bbp_reply_count_hidden":0,"_bbp_forum_subforum_count":0,"site-sidebar-layout":"default","site-content-layout":"","ast-site-content-layout":"","site-content-style":"default","site-sidebar-style":"default","ast-global-header-display":"","ast-banner-title-visibility":"","ast-main-header-display":"","ast-hfb-above-header-display":"","ast-hfb-below-header-display":"","ast-hfb-mobile-header-display":"","site-post-title":"","ast-breadcrumbs-content":"","ast-featured-img":"","footer-sml-layout":"","theme-transparent-header-meta":"","adv-header-id-meta":"","stick-header-meta":"","header-above-stick-meta":"","header-main-stick-meta":"","header-below-stick-meta":"","astra-migrate-meta-layouts":"default","ast-page-background-enabled":"default","ast-page-background-meta":{"desktop":{"background-color":"var(--ast-global-color-4)","background-image":"","background-repeat":"repeat","background-position":"center center","background-size":"auto","background-attachment":"scroll","background-type":"","background-media":"","overlay-type":"","overlay-color":"","overlay-opacity":"","overlay-gradient":""},"tablet":{"background-color":"","background-image":"","background-repeat":"repeat","background-position":"center center","background-size":"auto","background-attachment":"scroll","background-type":"","background-media":"","overlay-type":"","overlay-color":"","overlay-opacity":"","overlay-gradient":""},"mobile":{"background-color":"","background-image":"","background-repeat":"repeat","background-position":"center center","background-size":"auto","background-attachment":"scroll","background-type":"","background-media":"","overlay-type":"","overlay-color":"","overlay-opacity":"","overlay-gradient":""}},"ast-content-background-meta":{"desktop":{"background-color":"var(--ast-global-color-5)","background-image":"","background-repeat":"repeat","background-position":"center center","background-size":"auto","background-attachment":"scroll","background-type":"","background-media":"","overlay-type":"","overlay-color":"","overlay-opacity":"","overlay-gradient":""},"tablet":{"background-color":"var(--ast-global-color-5)","background-image":"","background-repeat":"repeat","background-position":"center center","background-size":"auto","background-attachment":"scroll","background-type":"","background-media":"","overlay-type":"","overlay-color":"","overlay-opacity":"","overlay-gradient":""},"mobile":{"background-color":"var(--ast-global-color-5)","background-image":"","background-repeat":"repeat","background-position":"center center","background-size":"auto","background-attachment":"scroll","background-type":"","background-media":"","overlay-type":"","overlay-color":"","overlay-opacity":"","overlay-gradient":""}},"footnotes":""},"categories":[10,4,5],"tags":[159,90,158,145],"class_list":["post-1232","post","type-post","status-publish","format-standard","has-post-thumbnail","hentry","category-c-i","category-portada","category-primaria","tag-coneixement-del-medi","tag-fotos","tag-hort-escolar","tag-primer-inicial"],"post_mailing_queue_ids":[],"_links":{"self":[{"href":"https:\/\/agora.xtec.cat\/esc-la-cabana\/wp-json\/wp\/v2\/posts\/1232","targetHints":{"allow":["GET"]}}],"collection":[{"href":"https:\/\/agora.xtec.cat\/esc-la-cabana\/wp-json\/wp\/v2\/posts"}],"about":[{"href":"https:\/\/agora.xtec.cat\/esc-la-cabana\/wp-json\/wp\/v2\/types\/post"}],"author":[{"embeddable":true,"href":"https:\/\/agora.xtec.cat\/esc-la-cabana\/wp-json\/wp\/v2\/users\/1"}],"replies":[{"embeddable":true,"href":"https:\/\/agora.xtec.cat\/esc-la-cabana\/wp-json\/wp\/v2\/comments?post=1232"}],"version-history":[{"count":3,"href":"https:\/\/agora.xtec.cat\/esc-la-cabana\/wp-json\/wp\/v2\/posts\/1232\/revisions"}],"predecessor-version":[{"id":1414,"href":"https:\/\/agora.xtec.cat\/esc-la-cabana\/wp-json\/wp\/v2\/posts\/1232\/revisions\/1414"}],"wp:featuredmedia":[{"embeddable":true,"href":"https:\/\/agora.xtec.cat\/esc-la-cabana\/wp-json\/wp\/v2\/media\/1233"}],"wp:attachment":[{"href":"https:\/\/agora.xtec.cat\/esc-la-cabana\/wp-json\/wp\/v2\/media?parent=1232"}],"wp:term":[{"taxonomy":"category","embeddable":true,"href":"https:\/\/agora.xtec.cat\/esc-la-cabana\/wp-json\/wp\/v2\/categories?post=1232"},{"taxonomy":"post_tag","embeddable":true,"href":"https:\/\/agora.xtec.cat\/esc-la-cabana\/wp-json\/wp\/v2\/tags?post=1232"}],"curies":[{"name":"wp","href":"https:\/\/api.w.org\/{rel}","templated":true}]}}