{"id":1018,"date":"2017-06-20T11:51:06","date_gmt":"2017-06-20T09:51:06","guid":{"rendered":"http:\/\/agora.xtec.cat\/esc-la-cabana\/?p=1018"},"modified":"2017-06-20T11:53:46","modified_gmt":"2017-06-20T09:53:46","slug":"joc-daudiovisuals-dels-tallers-c-i-i-c-m-educacio-artistica","status":"publish","type":"post","link":"https:\/\/agora.xtec.cat\/esc-la-cabana\/general\/joc-daudiovisuals-dels-tallers-c-i-i-c-m-educacio-artistica\/","title":{"rendered":"Joc de fotografies dels tallers de C.I. i C.M. (educaci\u00f3 art\u00edstica)"},"content":{"rendered":"<p>Des del taller de fotografia de l&#8217;escola l&#8217;alumnat de 1r, 2n i 3r us volem proposar un joc obert a tothom, des dels m\u00e9s petits de la casa fins als m\u00e9s grans, perqu\u00e8 gaudiu aquest estiu.<\/p>\n<p>Sabr\u00edeu dir a quina casa, parc o carrer del poble pertanyen aquestes fotografies?<\/p>\n<p>Per jugar nom\u00e9s us heu de <a href=\"http:\/\/agora.xtec.cat\/esc-la-cabana\/wp-content\/uploads\/usu849\/2017\/06\/IMATGES-JOC-DE-FOTOGRAFIA.pdf\" target=\"_blank\">descarregar o imprimir el PDF<\/a> on trobareu totes les fotografies, un apartat per qu\u00e8 pugueu escriure el nom del carrer, el parc i\/o el n\u00famero de la casa o local al que pertanyen i comen\u00e7ar\u00a0 buscar.<\/p>\n<p>Animeu-vos a jugar!!<\/p>\n<p><a href=\"http:\/\/agora.xtec.cat\/esc-la-cabana\/wp-content\/uploads\/usu849\/2017\/06\/IMATGES-JOC-DE-FOTOGRAFIA.pdf\">IMATGES JOC DE FOTOGRAFIA<\/a><\/p>\n","protected":false},"excerpt":{"rendered":"<p>Joc de fotografia<\/p>\n","protected":false},"author":1,"featured_media":1020,"comment_status":"open","ping_status":"closed","sticky":false,"template":"","format":"standard","meta":{"_bbp_topic_count":0,"_bbp_reply_count":0,"_bbp_total_topic_count":0,"_bbp_total_reply_count":0,"_bbp_voice_count":0,"_bbp_anonymous_reply_count":0,"_bbp_topic_count_hidden":0,"_bbp_reply_count_hidden":0,"_bbp_forum_subforum_count":0,"site-sidebar-layout":"default","site-content-layout":"","ast-site-content-layout":"","site-content-style":"default","site-sidebar-style":"default","ast-global-header-display":"","ast-banner-title-visibility":"","ast-main-header-display":"","ast-hfb-above-header-display":"","ast-hfb-below-header-display":"","ast-hfb-mobile-header-display":"","site-post-title":"","ast-breadcrumbs-content":"","ast-featured-img":"","footer-sml-layout":"","theme-transparent-header-meta":"","adv-header-id-meta":"","stick-header-meta":"","header-above-stick-meta":"","header-main-stick-meta":"","header-below-stick-meta":"","astra-migrate-meta-layouts":"default","ast-page-background-enabled":"default","ast-page-background-meta":{"desktop":{"background-color":"var(--ast-global-color-4)","background-image":"","background-repeat":"repeat","background-position":"center center","background-size":"auto","background-attachment":"scroll","background-type":"","background-media":"","overlay-type":"","overlay-color":"","overlay-opacity":"","overlay-gradient":""},"tablet":{"background-color":"","background-image":"","background-repeat":"repeat","background-position":"center center","background-size":"auto","background-attachment":"scroll","background-type":"","background-media":"","overlay-type":"","overlay-color":"","overlay-opacity":"","overlay-gradient":""},"mobile":{"background-color":"","background-image":"","background-repeat":"repeat","background-position":"center center","background-size":"auto","background-attachment":"scroll","background-type":"","background-media":"","overlay-type":"","overlay-color":"","overlay-opacity":"","overlay-gradient":""}},"ast-content-background-meta":{"desktop":{"background-color":"var(--ast-global-color-5)","background-image":"","background-repeat":"repeat","background-position":"center center","background-size":"auto","background-attachment":"scroll","background-type":"","background-media":"","overlay-type":"","overlay-color":"","overlay-opacity":"","overlay-gradient":""},"tablet":{"background-color":"var(--ast-global-color-5)","background-image":"","background-repeat":"repeat","background-position":"center center","background-size":"auto","background-attachment":"scroll","background-type":"","background-media":"","overlay-type":"","overlay-color":"","overlay-opacity":"","overlay-gradient":""},"mobile":{"background-color":"var(--ast-global-color-5)","background-image":"","background-repeat":"repeat","background-position":"center center","background-size":"auto","background-attachment":"scroll","background-type":"","background-media":"","overlay-type":"","overlay-color":"","overlay-opacity":"","overlay-gradient":""}},"footnotes":""},"categories":[10,12,1,4,44],"tags":[132,133,75],"class_list":["post-1018","post","type-post","status-publish","format-standard","has-post-thumbnail","hentry","category-c-i","category-c-m","category-general","category-portada","category-audiovisuals","tag-educacio-artistica","tag-fotografia","tag-tallers"],"post_mailing_queue_ids":[],"_links":{"self":[{"href":"https:\/\/agora.xtec.cat\/esc-la-cabana\/wp-json\/wp\/v2\/posts\/1018","targetHints":{"allow":["GET"]}}],"collection":[{"href":"https:\/\/agora.xtec.cat\/esc-la-cabana\/wp-json\/wp\/v2\/posts"}],"about":[{"href":"https:\/\/agora.xtec.cat\/esc-la-cabana\/wp-json\/wp\/v2\/types\/post"}],"author":[{"embeddable":true,"href":"https:\/\/agora.xtec.cat\/esc-la-cabana\/wp-json\/wp\/v2\/users\/1"}],"replies":[{"embeddable":true,"href":"https:\/\/agora.xtec.cat\/esc-la-cabana\/wp-json\/wp\/v2\/comments?post=1018"}],"version-history":[{"count":3,"href":"https:\/\/agora.xtec.cat\/esc-la-cabana\/wp-json\/wp\/v2\/posts\/1018\/revisions"}],"predecessor-version":[{"id":1023,"href":"https:\/\/agora.xtec.cat\/esc-la-cabana\/wp-json\/wp\/v2\/posts\/1018\/revisions\/1023"}],"wp:featuredmedia":[{"embeddable":true,"href":"https:\/\/agora.xtec.cat\/esc-la-cabana\/wp-json\/wp\/v2\/media\/1020"}],"wp:attachment":[{"href":"https:\/\/agora.xtec.cat\/esc-la-cabana\/wp-json\/wp\/v2\/media?parent=1018"}],"wp:term":[{"taxonomy":"category","embeddable":true,"href":"https:\/\/agora.xtec.cat\/esc-la-cabana\/wp-json\/wp\/v2\/categories?post=1018"},{"taxonomy":"post_tag","embeddable":true,"href":"https:\/\/agora.xtec.cat\/esc-la-cabana\/wp-json\/wp\/v2\/tags?post=1018"}],"curies":[{"name":"wp","href":"https:\/\/api.w.org\/{rel}","templated":true}]}}