{"id":71,"count":1,"description":"Clicant a sobre del n\u00famero del teu curs, veur\u00e0s la selecci\u00f3 de jocs matem\u00e0tics que desenvolupem a les sessions de racons a educaci\u00f3 prim\u00e0ria.\r\n\r\n<a href=\"http:\/\/agora.xtec.cat\/esc-la-cabana\/raco-dordinador-cicle-inicial\/\" target=\"_blank\"><img class=\"alignnone wp-image-644\" src=\"http:\/\/agora.xtec.cat\/esc-la-cabana\/wp-content\/uploads\/usu849\/2016\/11\/1-639x1024.png\" alt=\"1\" width=\"93\" height=\"149\" \/><\/a>\u00a0\u00a0\u00a0\u00a0\u00a0\u00a0\u00a0\u00a0\u00a0\u00a0\u00a0\u00a0\u00a0\u00a0\u00a0\u00a0\u00a0\u00a0\u00a0\u00a0 <a href=\"http:\/\/agora.xtec.cat\/esc-la-cabana\/raco-dordinador-cicle-inicial\/\" target=\"_blank\"><img class=\"alignnone wp-image-656\" src=\"http:\/\/agora.xtec.cat\/esc-la-cabana\/wp-content\/uploads\/usu849\/2016\/11\/2-753x1024.png\" alt=\"2\" width=\"110\" height=\"149\" \/><\/a>\r\n\r\n<a href=\"http:\/\/agora.xtec.cat\/esc-la-cabana\/racons-al-cicle-mitja\/\" target=\"_blank\"><img class=\"alignnone wp-image-675\" src=\"http:\/\/agora.xtec.cat\/esc-la-cabana\/wp-content\/uploads\/usu849\/2016\/11\/3-619x1024.png\" alt=\"3\" width=\"90\" height=\"149\" \/>\u00a0\u00a0\u00a0\u00a0\u00a0\u00a0\u00a0\u00a0\u00a0\u00a0\u00a0\u00a0\u00a0\u00a0\u00a0\u00a0\u00a0\u00a0 <\/a><a href=\"http:\/\/agora.xtec.cat\/esc-la-cabana\/racons-al-cicle-mitja\/\" target=\"_blank\"><img class=\"alignnone wp-image-678\" src=\"http:\/\/agora.xtec.cat\/esc-la-cabana\/wp-content\/uploads\/usu849\/2016\/11\/4.png\" alt=\"4\" width=\"123\" height=\"149\" \/><\/a>\r\n\r\n&nbsp;\r\n\r\n<a href=\"http:\/\/agora.xtec.cat\/esc-la-cabana\/racons-al-cicle-superior\/\" target=\"_blank\"><img class=\"alignnone wp-image-688\" src=\"http:\/\/agora.xtec.cat\/esc-la-cabana\/wp-content\/uploads\/usu849\/2016\/11\/5.png\" alt=\"5\" width=\"112\" height=\"150\" \/>\u00a0\u00a0\u00a0\u00a0\u00a0\u00a0\u00a0\u00a0\u00a0\u00a0\u00a0\u00a0\u00a0\u00a0\u00a0\u00a0\u00a0\u00a0\u00a0 <\/a><a href=\"http:\/\/agora.xtec.cat\/esc-la-cabana\/racons-al-cicle-superior\/\" target=\"_blank\"><img class=\"alignnone wp-image-690\" src=\"http:\/\/agora.xtec.cat\/esc-la-cabana\/wp-content\/uploads\/usu849\/2016\/11\/6.png\" alt=\"6\" width=\"123\" height=\"151\" \/><\/a>\r\n\r\n&nbsp;","link":"https:\/\/agora.xtec.cat\/esc-la-cabana\/categoria\/primaria\/racons-matematics\/","name":"Racons matem\u00e0tics a prim\u00e0ria","slug":"racons-matematics","taxonomy":"category","parent":5,"meta":[],"_links":{"self":[{"href":"https:\/\/agora.xtec.cat\/esc-la-cabana\/wp-json\/wp\/v2\/categories\/71","targetHints":{"allow":["GET"]}}],"collection":[{"href":"https:\/\/agora.xtec.cat\/esc-la-cabana\/wp-json\/wp\/v2\/categories"}],"about":[{"href":"https:\/\/agora.xtec.cat\/esc-la-cabana\/wp-json\/wp\/v2\/taxonomies\/category"}],"up":[{"embeddable":true,"href":"https:\/\/agora.xtec.cat\/esc-la-cabana\/wp-json\/wp\/v2\/categories\/5"}],"wp:post_type":[{"href":"https:\/\/agora.xtec.cat\/esc-la-cabana\/wp-json\/wp\/v2\/posts?categories=71"}],"curies":[{"name":"wp","href":"https:\/\/api.w.org\/{rel}","templated":true}]}}