{"id":44,"count":18,"description":"Tallers d'educaci\u00f3 art\u00edstica.\r\n\r\nA l'escola La Cabana fem tallers d'educaci\u00f3 art\u00edstica on treballem aspectes molt diversos:\r\n<ul>\r\n \t<li>Tallers d'audiovisuals, on fem pel\u00b7l\u00edcules, curtmetratges, contes... tot aplicant t\u00e8cniques diverses (stop-motion, v\u00eddeo...)<\/li>\r\n \t<li>Tallers d'autors, on treballem pintors i ens endinsem en la seva obra, els seu estil i les principals t\u00e8cniques utilitzades (Picasso, Mir\u00f3, Dal\u00ed, Mondriane...)<\/li>\r\n \t<li>Tallers d'instrumentaci\u00f3 musical, on, a partir de can\u00e7ons modernes seleccionades, inventem arranjaments amb tot el que tenim a l'aula (orff, boomwhakers...)<\/li>\r\n \t<li>Tallers de dansa<\/li>\r\n \t<li>Tallers de t\u00e8cniques art\u00edstiques<\/li>\r\n \t<li>Tallers de teatre<\/li>\r\n<\/ul>\r\nEls articles que veieu a continuaci\u00f3 s\u00f3n algunes de les mostres de tot all\u00f2 que anem fent.","link":"https:\/\/agora.xtec.cat\/esc-la-cabana\/categoria\/primaria\/audiovisuals\/","name":"Tallers d'educaci\u00f3 art\u00edstica","slug":"audiovisuals","taxonomy":"category","parent":5,"meta":[],"_links":{"self":[{"href":"https:\/\/agora.xtec.cat\/esc-la-cabana\/wp-json\/wp\/v2\/categories\/44","targetHints":{"allow":["GET"]}}],"collection":[{"href":"https:\/\/agora.xtec.cat\/esc-la-cabana\/wp-json\/wp\/v2\/categories"}],"about":[{"href":"https:\/\/agora.xtec.cat\/esc-la-cabana\/wp-json\/wp\/v2\/taxonomies\/category"}],"up":[{"embeddable":true,"href":"https:\/\/agora.xtec.cat\/esc-la-cabana\/wp-json\/wp\/v2\/categories\/5"}],"wp:post_type":[{"href":"https:\/\/agora.xtec.cat\/esc-la-cabana\/wp-json\/wp\/v2\/posts?categories=44"}],"curies":[{"name":"wp","href":"https:\/\/api.w.org\/{rel}","templated":true}]}}