{"id":301,"count":3,"description":"<h2 style=\"text-align: center;\">Nou projecte d'instrumentaci\u00f3 musical a La Cabana.<\/h2>\r\n&nbsp;\r\n\r\nLa societat i en conseq\u00fc\u00e8ncia el sistema educatiu est\u00e0 en permanent estat de canvi, d\u2019evoluci\u00f3.\r\n\r\nNosaltres com a escola no podem quedar-nos al marge.\r\n\r\nEn els darrers anys hem pogut veure nombroses iniciatives a nivell educatiu que han despertat la nostra curiositat i ens han fet plantejar-nos nous reptes per tal de cr\u00e9ixer com a col\u00b7lectiu i com a individus que formen part d\u2019una societat org\u00e0nica i complexa.\r\n\r\nUs expliquem aix\u00f2 perqu\u00e8 despr\u00e9s de dos anys de treball, us podem confirmar que el curs 2021-2022 l\u2019escola La Cabana iniciar\u00e0 un projecte d\u2019instrumentaci\u00f3 musical a l\u2019escola.\r\n\r\nEl projecte, basat en experi\u00e8ncies d\u2019escoles d\u2019arreu del pa\u00eds, introduir\u00e0 a l\u2019alumnat en la pr\u00e0ctica instrumental amb instruments reals i professors especialistes en la did\u00e0ctica de l\u2019instrument dins l\u2019horari lectiu.\r\n\r\nLa nostra intenci\u00f3 \u00e9s la de desenvolupar-lo\u00a0 amb l\u2019alumnat de Cicle Mitj\u00e0 (3r i 4t) i els instruments escollits s\u00f3n el saxo i el tromb\u00f3.\r\n\r\n\u00c9s clar que tot aquest projecte no es podria dur a terme sense la col\u00b7laboraci\u00f3 estreta de diferents agents que s\u2019han implicat des del primer moment:<a href=\"https:\/\/emaltpenedes.wordpress.com\/about\/que-es-lemap\/\" target=\"_blank\" rel=\"noopener\"> EMAP<\/a> (Escola de m\u00fasica de l'Alt Pened\u00e8s), <a href=\"https:\/\/www.ccapenedes.cat\/\" target=\"_blank\" rel=\"noopener\">Consell Comarcal de l'Alt Pened\u00e8s<\/a>, <a href=\"https:\/\/www.lescabanyes.cat\/\" target=\"_blank\" rel=\"noopener\">Ajuntament de Les Cabanyes<\/a>, <a href=\"https:\/\/agora.xtec.cat\/esc-la-cabana\/\" target=\"_blank\" rel=\"noopener\">Escola La Cabana<\/a>.\r\n\r\nEs tracta d\u2019un treball coral on cada agent aporta la seva part sense la qual seria impossible dur a terme aquesta aventura.\r\n\r\nNosaltres, per la nostra banda, estem molt il\u00b7lusionats com a claustre i a la vegada conven\u00e7uts dels beneficis que pot aportar la pr\u00e0ctica musical al nostre alumnat, a la nostra comunitat educativa i a la vida social i cultural del poble.\r\n\r\nA m\u00e9s a m\u00e9s, els projectes comunitaris d\u2019aquestes caracter\u00edstiques democratitzen el fet art\u00edstic, de manera que l\u2019alumnat que normalment no t\u00e9 acc\u00e9s a estudis musicals per diferents raons (socials, culturals o econ\u00f2miques) tingui l\u2019oportunitat d\u2019aquesta viv\u00e8ncia.\r\n\r\n[slideshow_deploy id='18074']\r\n\r\n&nbsp;\r\n\r\nUs adjuntem el Projecte musical de l'escola La Cabana.\r\n\r\n<a href=\"https:\/\/agora.xtec.cat\/esc-la-cabana\/wp-content\/uploads\/usu849\/2021\/09\/PROJECTE-MUSICA-A-LA-CABANA.docx.pdf\" target=\"_blank\" rel=\"noopener\">PROJECTE M\u00daSICA A LA CABANA.<\/a>\r\n\r\n&nbsp;\r\n\r\n&nbsp;","link":"https:\/\/agora.xtec.cat\/esc-la-cabana\/categoria\/projecte-musical-a-lescola-la-cabana\/","name":"Projecte Musical a l'escola La Cabana","slug":"projecte-musical-a-lescola-la-cabana","taxonomy":"category","parent":0,"meta":[],"_links":{"self":[{"href":"https:\/\/agora.xtec.cat\/esc-la-cabana\/wp-json\/wp\/v2\/categories\/301","targetHints":{"allow":["GET"]}}],"collection":[{"href":"https:\/\/agora.xtec.cat\/esc-la-cabana\/wp-json\/wp\/v2\/categories"}],"about":[{"href":"https:\/\/agora.xtec.cat\/esc-la-cabana\/wp-json\/wp\/v2\/taxonomies\/category"}],"wp:post_type":[{"href":"https:\/\/agora.xtec.cat\/esc-la-cabana\/wp-json\/wp\/v2\/posts?categories=301"}],"curies":[{"name":"wp","href":"https:\/\/api.w.org\/{rel}","templated":true}]}}