{"id":195,"count":8,"description":"<a href=\"https:\/\/serveiseducatius.xtec.cat\/altpenedes\/categoria\/epsap\/\" target=\"_blank\" rel=\"noopener\">Escola Promotora de Salut a l\u2019Alt Pened\u00e8s (<strong>EPSAP<\/strong>) <\/a>\u00e9s un projecte que neix fruit del treball en xarxa entre diferents agents educatius i sanitaris del Pened\u00e8s (Departament d\u2019Ensenyament, Departament de Salut, Consell Catal\u00e0 de l\u2019Esport i l\u2019Ajuntament de Vilafranca del Pened\u00e8s) .\r\n\r\nEl nostre centre va presentar, el curs 2018-2019, la sol\u00b7licitud per formar-ne part. Aquest projecte es va desplegar en els dos seg\u00fcents cursos, quan vam aconseguir formar part d'aquesta xarxa de centres. A continuaci\u00f3 una\u00a0 <a href=\"https:\/\/docs.google.com\/presentation\/d\/1y26DATNbmPiMhhp7qWM-aw8RhpyJG8PxJWF1Wzp3Pqw\/edit?usp=sharing\">presentaci\u00f3 del projecte del nostre centre.<\/a>\r\n\r\nActualment, encara hi formem part com un centre que hi treballa amb l\u2019objectiu \u00e9s fomentar h\u00e0bits saludables: alimentaci\u00f3 saludable, vida activa, promoci\u00f3 de l\u2019activitat f\u00edsica\u2026 A trav\u00e9s d\u2019activitats a l\u2019escola i recomanacions als infants i a les fam\u00edlies.\r\n\r\nUs deixem un resum elaborat per la<a href=\"https:\/\/drive.google.com\/file\/d\/1CkviqEFAVxGrg1JsV58ZOZJwv-5eIWBz\/view\" target=\"_blank\" rel=\"noopener\"> 5a jornada del curs 2024-25<\/a>, on trobareu en qu\u00e8 consisteix aquest projecte en el qual participem.\r\n\r\nA m\u00e9s, trobareu articles relacionats amb les activitats dutes a terme en el centre.\r\n\r\n&nbsp;","link":"https:\/\/agora.xtec.cat\/esc-la-cabana\/categoria\/escola_saludable\/","name":"Escola Promotora de Salut","slug":"escola_saludable","taxonomy":"category","parent":0,"meta":[],"_links":{"self":[{"href":"https:\/\/agora.xtec.cat\/esc-la-cabana\/wp-json\/wp\/v2\/categories\/195","targetHints":{"allow":["GET"]}}],"collection":[{"href":"https:\/\/agora.xtec.cat\/esc-la-cabana\/wp-json\/wp\/v2\/categories"}],"about":[{"href":"https:\/\/agora.xtec.cat\/esc-la-cabana\/wp-json\/wp\/v2\/taxonomies\/category"}],"wp:post_type":[{"href":"https:\/\/agora.xtec.cat\/esc-la-cabana\/wp-json\/wp\/v2\/posts?categories=195"}],"curies":[{"name":"wp","href":"https:\/\/api.w.org\/{rel}","templated":true}]}}