{"id":986,"date":"2024-01-24T17:00:59","date_gmt":"2024-01-24T16:00:59","guid":{"rendered":"https:\/\/agora.xtec.cat\/esc-l-oreneta\/?p=986"},"modified":"2024-02-01T15:36:12","modified_gmt":"2024-02-01T14:36:12","slug":"1a-trobada-amb-les-families-delegades","status":"publish","type":"post","link":"https:\/\/agora.xtec.cat\/esc-l-oreneta\/portada\/1a-trobada-amb-les-families-delegades\/","title":{"rendered":"1a trobada amb les fam\u00edlies delegades"},"content":{"rendered":"<p>El passat 23 de gener vam poder realitzar una trobada molt especial, per primer cop vam poder compartir impressions sobre l&#8217;estat actual de l&#8217;Escola i el seu repte de fusi\u00f3 amb les fam\u00edlies delegades representants dels 27 grups-classe.<\/p>\n<p><a href=\"https:\/\/agora.xtec.cat\/esc-l-oreneta\/wp-content\/uploads\/usu2395\/2024\/01\/teixint-vincles.png\"><img loading=\"lazy\" decoding=\"async\" class=\" wp-image-988 alignleft\" src=\"https:\/\/agora.xtec.cat\/esc-l-oreneta\/wp-content\/uploads\/usu2395\/2024\/01\/teixint-vincles.png\" alt=\"\" width=\"137\" height=\"146\" \/><\/a>Com a equip directiu som conscients de la import\u00e0ncia d&#8217;establir una bona relaci\u00f3 entre fam\u00edlia i escola, Aquesta, ha de partir de la confian\u00e7a m\u00fatua, de la possibilitat de participaci\u00f3 i la corresponsabilitat,\u00a0 amb un objectiu com\u00fa i un ferm comprom\u00eds conjunt per garantir el benestar dels vostres fills i filles i de la resta de la comunitat educativa: fam\u00edlies, professorat, personal PAS, equip de menjador&#8230;<\/p>\n<p style=\"text-align: center;\">Volem agrair la vostra participaci\u00f3 i aportacions que sens dubte ens faran cr\u00e9ixer.<\/p>\n<p><a href=\"https:\/\/agora.xtec.cat\/esc-l-oreneta\/wp-content\/uploads\/usu2395\/2024\/01\/families6.jpg\"><img loading=\"lazy\" decoding=\"async\" class=\" wp-image-993 aligncenter\" src=\"https:\/\/agora.xtec.cat\/esc-l-oreneta\/wp-content\/uploads\/usu2395\/2024\/01\/families6-1024x768.jpg\" alt=\"\" width=\"708\" height=\"531\" srcset=\"https:\/\/agora.xtec.cat\/esc-l-oreneta\/wp-content\/uploads\/usu2395\/2024\/01\/families6-1024x768.jpg 1024w, https:\/\/agora.xtec.cat\/esc-l-oreneta\/wp-content\/uploads\/usu2395\/2024\/01\/families6-300x225.jpg 300w, https:\/\/agora.xtec.cat\/esc-l-oreneta\/wp-content\/uploads\/usu2395\/2024\/01\/families6-768x576.jpg 768w, https:\/\/agora.xtec.cat\/esc-l-oreneta\/wp-content\/uploads\/usu2395\/2024\/01\/families6-1536x1152.jpg 1536w, https:\/\/agora.xtec.cat\/esc-l-oreneta\/wp-content\/uploads\/usu2395\/2024\/01\/families6-2048x1536.jpg 2048w, https:\/\/agora.xtec.cat\/esc-l-oreneta\/wp-content\/uploads\/usu2395\/2024\/01\/families6-200x150.jpg 200w\" sizes=\"auto, (max-width: 708px) 100vw, 708px\" \/><\/a><\/p>\n<p style=\"text-align: center;\">Esperem poder continuar fent aquestes trobades perqu\u00e8<em> JUNTES MULTLIPLIQUEM!<\/em><\/p>\n","protected":false},"excerpt":{"rendered":"<p>El passat 23 de gener vam poder realitzar una trobada molt especial, per primer cop vam poder compartir impressions sobre l&#8217;estat actual de l&#8217;Escola i el seu repte de fusi\u00f3 amb les fam\u00edlies delegades representants dels 27 grups-classe.<br \/>\n<a href=\"https:\/\/agora.xtec.cat\/esc-l-oreneta\/wp-content\/uploads\/usu2395\/2024\/01\/teixint-vincles.png\"><\/a>Com a equip directiu som conscients de&hellip;  <a href=\"https:\/\/agora.xtec.cat\/esc-l-oreneta\/portada\/1a-trobada-amb-les-families-delegades\/\" title=\"Read 1a trobada amb les fam\u00edlies delegades\">Llegeix m\u00e9s\u00bb<\/a><\/p>\n","protected":false},"author":4,"featured_media":988,"comment_status":"open","ping_status":"closed","sticky":false,"template":"","format":"standard","meta":{"_bbp_topic_count":0,"_bbp_reply_count":0,"_bbp_total_topic_count":0,"_bbp_total_reply_count":0,"_bbp_voice_count":0,"_bbp_anonymous_reply_count":0,"_bbp_topic_count_hidden":0,"_bbp_reply_count_hidden":0,"_bbp_forum_subforum_count":0,"footnotes":""},"categories":[4],"tags":[],"class_list":["post-986","post","type-post","status-publish","format-standard","has-post-thumbnail","hentry","category-portada"],"post_mailing_queue_ids":[],"_links":{"self":[{"href":"https:\/\/agora.xtec.cat\/esc-l-oreneta\/wp-json\/wp\/v2\/posts\/986","targetHints":{"allow":["GET"]}}],"collection":[{"href":"https:\/\/agora.xtec.cat\/esc-l-oreneta\/wp-json\/wp\/v2\/posts"}],"about":[{"href":"https:\/\/agora.xtec.cat\/esc-l-oreneta\/wp-json\/wp\/v2\/types\/post"}],"author":[{"embeddable":true,"href":"https:\/\/agora.xtec.cat\/esc-l-oreneta\/wp-json\/wp\/v2\/users\/4"}],"replies":[{"embeddable":true,"href":"https:\/\/agora.xtec.cat\/esc-l-oreneta\/wp-json\/wp\/v2\/comments?post=986"}],"version-history":[{"count":3,"href":"https:\/\/agora.xtec.cat\/esc-l-oreneta\/wp-json\/wp\/v2\/posts\/986\/revisions"}],"predecessor-version":[{"id":994,"href":"https:\/\/agora.xtec.cat\/esc-l-oreneta\/wp-json\/wp\/v2\/posts\/986\/revisions\/994"}],"wp:featuredmedia":[{"embeddable":true,"href":"https:\/\/agora.xtec.cat\/esc-l-oreneta\/wp-json\/wp\/v2\/media\/988"}],"wp:attachment":[{"href":"https:\/\/agora.xtec.cat\/esc-l-oreneta\/wp-json\/wp\/v2\/media?parent=986"}],"wp:term":[{"taxonomy":"category","embeddable":true,"href":"https:\/\/agora.xtec.cat\/esc-l-oreneta\/wp-json\/wp\/v2\/categories?post=986"},{"taxonomy":"post_tag","embeddable":true,"href":"https:\/\/agora.xtec.cat\/esc-l-oreneta\/wp-json\/wp\/v2\/tags?post=986"}],"curies":[{"name":"wp","href":"https:\/\/api.w.org\/{rel}","templated":true}]}}