{"id":957,"date":"2023-12-20T21:12:53","date_gmt":"2023-12-20T20:12:53","guid":{"rendered":"https:\/\/agora.xtec.cat\/esc-l-oreneta\/?p=957"},"modified":"2023-12-22T21:14:44","modified_gmt":"2023-12-22T20:14:44","slug":"lafa-ens-ofereix-una-experiencia-magica-gracies","status":"publish","type":"post","link":"https:\/\/agora.xtec.cat\/esc-l-oreneta\/portada\/lafa-ens-ofereix-una-experiencia-magica-gracies\/","title":{"rendered":"l&#8217;AFA ens ofereix una experi\u00e8ncia m\u00e0gica. Gr\u00e0cies!"},"content":{"rendered":"<p>Aquest final de trimestre l&#8217;AFA ha realitzat un gran esfor\u00e7 per tenir tot a punt per als nostres infants.<\/p>\n<p>Han suat de valent per recrear &#8220;Els 3 regnes m\u00e0gics&#8221; amb tota cura de detalls.\u00a0 Fet que ens ha ofert la possibilitat de gaudir d\u2019uns moments plens de m\u00e0gia, il\u00b7lusi\u00f3 i on hem pogut dipositar 518 desitjos i bons prop\u00f2sits per aquest nou 2024.<\/p>\n<p style=\"text-align: center;\"><a href=\"https:\/\/agora.xtec.cat\/esc-l-oreneta\/wp-content\/uploads\/usu2395\/2023\/12\/IMG_20231222_211012.jpg\"><img loading=\"lazy\" decoding=\"async\" class=\"alignnone size-large wp-image-971\" src=\"https:\/\/agora.xtec.cat\/esc-l-oreneta\/wp-content\/uploads\/usu2395\/2023\/12\/IMG_20231222_211012-999x1024.jpg\" alt=\"\" width=\"999\" height=\"1024\" srcset=\"https:\/\/agora.xtec.cat\/esc-l-oreneta\/wp-content\/uploads\/usu2395\/2023\/12\/IMG_20231222_211012-999x1024.jpg 999w, https:\/\/agora.xtec.cat\/esc-l-oreneta\/wp-content\/uploads\/usu2395\/2023\/12\/IMG_20231222_211012-293x300.jpg 293w, https:\/\/agora.xtec.cat\/esc-l-oreneta\/wp-content\/uploads\/usu2395\/2023\/12\/IMG_20231222_211012-768x787.jpg 768w, https:\/\/agora.xtec.cat\/esc-l-oreneta\/wp-content\/uploads\/usu2395\/2023\/12\/IMG_20231222_211012.jpg 1051w\" sizes=\"auto, (max-width: 999px) 100vw, 999px\" \/><\/a><\/p>\n<p>Gr\u00e0cies AFA per fer-ho possible!<\/p>\n<p>&nbsp;<\/p>\n<p>&nbsp;<\/p>\n","protected":false},"excerpt":{"rendered":"<p>Aquest final de trimestre l&#8217;AFA ha realitzat un gran esfor\u00e7 per tenir tot a punt per als nostres infants.<br \/>\nHan suat de valent per recrear &#8220;Els 3 regnes m\u00e0gics&#8221; amb tota cura de detalls.\u00a0 Fet que ens ha ofert la possibilitat de gaudir d\u2019uns moments plens&hellip;  <a href=\"https:\/\/agora.xtec.cat\/esc-l-oreneta\/portada\/lafa-ens-ofereix-una-experiencia-magica-gracies\/\" title=\"Read l&#8217;AFA ens ofereix una experi\u00e8ncia m\u00e0gica. Gr\u00e0cies!\">Llegeix m\u00e9s\u00bb<\/a><\/p>\n","protected":false},"author":4,"featured_media":0,"comment_status":"open","ping_status":"closed","sticky":false,"template":"","format":"standard","meta":{"_bbp_topic_count":0,"_bbp_reply_count":0,"_bbp_total_topic_count":0,"_bbp_total_reply_count":0,"_bbp_voice_count":0,"_bbp_anonymous_reply_count":0,"_bbp_topic_count_hidden":0,"_bbp_reply_count_hidden":0,"_bbp_forum_subforum_count":0,"footnotes":""},"categories":[7,4],"tags":[],"class_list":["post-957","post","type-post","status-publish","format-standard","hentry","category-afa","category-portada"],"post_mailing_queue_ids":[],"_links":{"self":[{"href":"https:\/\/agora.xtec.cat\/esc-l-oreneta\/wp-json\/wp\/v2\/posts\/957","targetHints":{"allow":["GET"]}}],"collection":[{"href":"https:\/\/agora.xtec.cat\/esc-l-oreneta\/wp-json\/wp\/v2\/posts"}],"about":[{"href":"https:\/\/agora.xtec.cat\/esc-l-oreneta\/wp-json\/wp\/v2\/types\/post"}],"author":[{"embeddable":true,"href":"https:\/\/agora.xtec.cat\/esc-l-oreneta\/wp-json\/wp\/v2\/users\/4"}],"replies":[{"embeddable":true,"href":"https:\/\/agora.xtec.cat\/esc-l-oreneta\/wp-json\/wp\/v2\/comments?post=957"}],"version-history":[{"count":2,"href":"https:\/\/agora.xtec.cat\/esc-l-oreneta\/wp-json\/wp\/v2\/posts\/957\/revisions"}],"predecessor-version":[{"id":972,"href":"https:\/\/agora.xtec.cat\/esc-l-oreneta\/wp-json\/wp\/v2\/posts\/957\/revisions\/972"}],"wp:attachment":[{"href":"https:\/\/agora.xtec.cat\/esc-l-oreneta\/wp-json\/wp\/v2\/media?parent=957"}],"wp:term":[{"taxonomy":"category","embeddable":true,"href":"https:\/\/agora.xtec.cat\/esc-l-oreneta\/wp-json\/wp\/v2\/categories?post=957"},{"taxonomy":"post_tag","embeddable":true,"href":"https:\/\/agora.xtec.cat\/esc-l-oreneta\/wp-json\/wp\/v2\/tags?post=957"}],"curies":[{"name":"wp","href":"https:\/\/api.w.org\/{rel}","templated":true}]}}