{"id":5208,"date":"2026-09-03T14:53:43","date_gmt":"2026-09-03T12:53:43","guid":{"rendered":"https:\/\/agora.xtec.cat\/esc-l-oreneta\/?p=5208"},"modified":"2026-09-03T14:55:11","modified_gmt":"2026-09-03T12:55:11","slug":"tret-de-sortida-al-nou-curs-escolar","status":"publish","type":"post","link":"https:\/\/agora.xtec.cat\/esc-l-oreneta\/general\/tret-de-sortida-al-nou-curs-escolar\/","title":{"rendered":"Tret de sortida al nou curs escolar!"},"content":{"rendered":"<p>El proper\u00a0<strong>dimarts 8 de setembre <\/strong>comen\u00e7a un nou curs escolar!<\/p>\n<p>Per facilitar la reincorporaci\u00f3, us anirem actualitzant aqu\u00ed totes les informacions del vostre inter\u00e8s.<\/p>\n<p style=\"text-align: center;\"><a href=\"https:\/\/agora.xtec.cat\/esc-l-oreneta\/wp-content\/uploads\/usu2395\/2026\/07\/2026-2027_Calendari-escolar_Agenda.pdf\">2026-2027_Calendari escolar<\/a><\/p>\n<p style=\"text-align: center;\"><a href=\"https:\/\/agora.xtec.cat\/esc-l-oreneta\/curs-actual\/qui-som\/\">Qui som?\u00a0<\/a><\/p>\n<p style=\"text-align: center;\"><a href=\"https:\/\/agora.xtec.cat\/esc-l-oreneta\/curs-actual\/material-didactic-i-material-escolar-del-curs\/\">Material did\u00e0ctic i material del curs escolar<\/a><\/p>\n<p style=\"text-align: center;\"><a href=\"https:\/\/agora.xtec.cat\/esc-l-oreneta\/portada\/novetats-en-els-accessos\/\">Ubicaci\u00f3 d&#8217;entrades i sortides.<\/a><\/p>\n<p style=\"text-align: center;\"><a href=\"https:\/\/agora.xtec.cat\/esc-l-oreneta\/normes-de-funcionament\/\">Acords de funcionament curs<\/a> pendent actualitzar<\/p>\n<p style=\"text-align: center;\"><a href=\"https:\/\/agora.xtec.cat\/esc-l-oreneta\/serveis\/activitats-extraescolars\/\">Extraescolars<\/a> pendent actualitzar<\/p>\n<p style=\"text-align: center;\"><a href=\"https:\/\/agora.xtec.cat\/esc-l-oreneta\/serveis\/menjador-escolar\/\">Menjador escolar<\/a> pendent actualitzar<\/p>\n<p style=\"text-align: center;\"><a href=\"https:\/\/www.badiadelvalles.cat\/document.php?id=12234\">Publicades llistes dels ajuts del menjador<\/a><\/p>\n<p style=\"text-align: center;\">Reunions amb fam\u00edlies<\/p>\n<p style=\"text-align: center;\">Entrevistes individuals d\u2019I4 a 6\u00e8<\/p>\n<p style=\"text-align: center;\"><a href=\"https:\/\/agora.xtec.cat\/esc-l-oreneta\/wp-content\/uploads\/usu2395\/2025\/04\/Triptic-AFA-portes-obertes-2025-1.pdf\">AFA Escola L\u2019Oreneta<\/a><\/p>\n<p style=\"text-align: center;\"><em><strong>Som-hi!!<\/strong><\/em><\/p>\n<p><a href=\"https:\/\/agora.xtec.cat\/esc-l-oreneta\/wp-content\/uploads\/usu2395\/2026\/09\/09.-JOAN-TURU-fons-de-color-1_page-0001.jpg\"><img loading=\"lazy\" decoding=\"async\" class=\"size-large wp-image-5210 aligncenter\" src=\"https:\/\/agora.xtec.cat\/esc-l-oreneta\/wp-content\/uploads\/usu2395\/2026\/09\/09.-JOAN-TURU-fons-de-color-1_page-0001-724x1024.jpg\" alt=\"\" width=\"724\" height=\"1024\" srcset=\"https:\/\/agora.xtec.cat\/esc-l-oreneta\/wp-content\/uploads\/usu2395\/2026\/09\/09.-JOAN-TURU-fons-de-color-1_page-0001-724x1024.jpg 724w, https:\/\/agora.xtec.cat\/esc-l-oreneta\/wp-content\/uploads\/usu2395\/2026\/09\/09.-JOAN-TURU-fons-de-color-1_page-0001-212x300.jpg 212w, https:\/\/agora.xtec.cat\/esc-l-oreneta\/wp-content\/uploads\/usu2395\/2026\/09\/09.-JOAN-TURU-fons-de-color-1_page-0001-768x1086.jpg 768w, https:\/\/agora.xtec.cat\/esc-l-oreneta\/wp-content\/uploads\/usu2395\/2026\/09\/09.-JOAN-TURU-fons-de-color-1_page-0001-1086x1536.jpg 1086w, https:\/\/agora.xtec.cat\/esc-l-oreneta\/wp-content\/uploads\/usu2395\/2026\/09\/09.-JOAN-TURU-fons-de-color-1_page-0001.jpg 1241w\" sizes=\"auto, (max-width: 724px) 100vw, 724px\" \/><\/a><\/p>\n<p>&nbsp;<\/p>\n","protected":false},"excerpt":{"rendered":"<p>El proper\u00a0dimarts 8 de setembre comen\u00e7a un nou curs escolar!<br \/>\nPer facilitar la reincorporaci\u00f3, us anirem actualitzant aqu\u00ed totes les informacions del vostre inter\u00e8s.<br \/>\n<a href=\"https:\/\/agora.xtec.cat\/esc-l-oreneta\/wp-content\/uploads\/usu2395\/2026\/07\/2026-2027_Calendari-escolar_Agenda.pdf\">2026-2027_Calendari escolar<\/a><br \/>\n<a href=\"https:\/\/agora.xtec.cat\/esc-l-oreneta\/curs-actual\/qui-som\/\">Qui som?\u00a0<\/a><br \/>\n<a href=\"https:\/\/agora.xtec.cat\/esc-l-oreneta\/curs-actual\/material-didactic-i-material-escolar-del-curs\/\">Material did\u00e0ctic i material del curs escolar<\/a><br \/>\n<a href=\"https:\/\/agora.xtec.cat\/esc-l-oreneta\/portada\/novetats-en-els-accessos\/\">Ubicaci\u00f3 d&#8217;entrades i sortides.<\/a><br \/>\n<a href=\"https:\/\/agora.xtec.cat\/esc-l-oreneta\/normes-de-funcionament\/\">Acords de funcionament curs<\/a> pendent actualitzar<br \/>\n<a href=\"https:\/\/agora.xtec.cat\/esc-l-oreneta\/serveis\/activitats-extraescolars\/\">Extraescolars<\/a>&hellip;  <a href=\"https:\/\/agora.xtec.cat\/esc-l-oreneta\/general\/tret-de-sortida-al-nou-curs-escolar\/\" title=\"Read Tret de sortida al nou curs escolar!\">Llegeix m\u00e9s\u00bb<\/a><\/p>\n","protected":false},"author":4,"featured_media":5209,"comment_status":"open","ping_status":"open","sticky":false,"template":"","format":"standard","meta":{"_bbp_topic_count":0,"_bbp_reply_count":0,"_bbp_total_topic_count":0,"_bbp_total_reply_count":0,"_bbp_voice_count":0,"_bbp_anonymous_reply_count":0,"_bbp_topic_count_hidden":0,"_bbp_reply_count_hidden":0,"_bbp_forum_subforum_count":0,"footnotes":""},"categories":[1,4],"tags":[],"class_list":["post-5208","post","type-post","status-publish","format-standard","has-post-thumbnail","hentry","category-general","category-portada"],"post_mailing_queue_ids":[],"_links":{"self":[{"href":"https:\/\/agora.xtec.cat\/esc-l-oreneta\/wp-json\/wp\/v2\/posts\/5208","targetHints":{"allow":["GET"]}}],"collection":[{"href":"https:\/\/agora.xtec.cat\/esc-l-oreneta\/wp-json\/wp\/v2\/posts"}],"about":[{"href":"https:\/\/agora.xtec.cat\/esc-l-oreneta\/wp-json\/wp\/v2\/types\/post"}],"author":[{"embeddable":true,"href":"https:\/\/agora.xtec.cat\/esc-l-oreneta\/wp-json\/wp\/v2\/users\/4"}],"replies":[{"embeddable":true,"href":"https:\/\/agora.xtec.cat\/esc-l-oreneta\/wp-json\/wp\/v2\/comments?post=5208"}],"version-history":[{"count":3,"href":"https:\/\/agora.xtec.cat\/esc-l-oreneta\/wp-json\/wp\/v2\/posts\/5208\/revisions"}],"predecessor-version":[{"id":5219,"href":"https:\/\/agora.xtec.cat\/esc-l-oreneta\/wp-json\/wp\/v2\/posts\/5208\/revisions\/5219"}],"wp:featuredmedia":[{"embeddable":true,"href":"https:\/\/agora.xtec.cat\/esc-l-oreneta\/wp-json\/wp\/v2\/media\/5209"}],"wp:attachment":[{"href":"https:\/\/agora.xtec.cat\/esc-l-oreneta\/wp-json\/wp\/v2\/media?parent=5208"}],"wp:term":[{"taxonomy":"category","embeddable":true,"href":"https:\/\/agora.xtec.cat\/esc-l-oreneta\/wp-json\/wp\/v2\/categories?post=5208"},{"taxonomy":"post_tag","embeddable":true,"href":"https:\/\/agora.xtec.cat\/esc-l-oreneta\/wp-json\/wp\/v2\/tags?post=5208"}],"curies":[{"name":"wp","href":"https:\/\/api.w.org\/{rel}","templated":true}]}}