{"id":4774,"date":"2026-03-08T20:44:41","date_gmt":"2026-03-08T19:44:41","guid":{"rendered":"https:\/\/agora.xtec.cat\/esc-l-oreneta\/?p=4774"},"modified":"2026-03-09T13:24:46","modified_gmt":"2026-03-09T12:24:46","slug":"per-que-hi-ha-mesos-que-fa-fred-i-mesos-que-fa-calor","status":"publish","type":"post","link":"https:\/\/agora.xtec.cat\/esc-l-oreneta\/general\/per-que-hi-ha-mesos-que-fa-fred-i-mesos-que-fa-calor\/","title":{"rendered":"Per qu\u00e8 hi ha mesos que fa fred i mesos que fa calor?"},"content":{"rendered":"<p>UNA INDAGACI\u00d3 DE 3R SOBRE LES ESTACIONS DE L&#8217;ANY<\/p>\n<div><a href=\"https:\/\/agora.xtec.cat\/esc-l-oreneta\/wp-content\/uploads\/usu2395\/2026\/03\/IMG_6002-scaled.jpg\"><img loading=\"lazy\" decoding=\"async\" class=\"wp-image-4777 alignleft\" src=\"https:\/\/agora.xtec.cat\/esc-l-oreneta\/wp-content\/uploads\/usu2395\/2026\/03\/IMG_6002-727x1024.jpg\" alt=\"\" width=\"337\" height=\"474\" srcset=\"https:\/\/agora.xtec.cat\/esc-l-oreneta\/wp-content\/uploads\/usu2395\/2026\/03\/IMG_6002-727x1024.jpg 727w, https:\/\/agora.xtec.cat\/esc-l-oreneta\/wp-content\/uploads\/usu2395\/2026\/03\/IMG_6002-213x300.jpg 213w, https:\/\/agora.xtec.cat\/esc-l-oreneta\/wp-content\/uploads\/usu2395\/2026\/03\/IMG_6002-768x1082.jpg 768w, https:\/\/agora.xtec.cat\/esc-l-oreneta\/wp-content\/uploads\/usu2395\/2026\/03\/IMG_6002-1090x1536.jpg 1090w, https:\/\/agora.xtec.cat\/esc-l-oreneta\/wp-content\/uploads\/usu2395\/2026\/03\/IMG_6002-1453x2048.jpg 1453w, https:\/\/agora.xtec.cat\/esc-l-oreneta\/wp-content\/uploads\/usu2395\/2026\/03\/IMG_6002-scaled.jpg 1817w\" sizes=\"auto, (max-width: 337px) 100vw, 337px\" \/><\/a><\/div>\n<div>\n<blockquote><p><span style=\"font-family: inherit; font-size: 10pt;\">&#8220;No hi ha en l\u2019experi\u00e8ncia quotidiana un canvi m\u00e9s empobrit que la p\u00e8rdua del sentit del contrast entre el dia i la nit, entre la llum i la foscor. El nostre segle de llums artificials ens indueix a oblidar el significat de la nit.&#8221;<\/span><\/p>\n<p style=\"text-align: right;\"><span style=\"font-family: inherit; font-size: 10pt; text-align: right;\">Los descubridores, Daniel J. Boorstin<\/span><\/p>\n<\/blockquote>\n<p style=\"text-align: justify;\" data-pm-slice=\"1 1 []\">Els nens i les nenes de 3r es pregunten\u00a0<em>per qu\u00e8 hi ha mesos que fa fred i mesos que fa calor. <\/em>Per qu\u00e8 cada any es repeteix el mateix patr\u00f3 i, tot i que encara fa calor i els arbres mostren les fulles en tota la seva verdor, en pocs dies ser\u00e0 tardor i tornaran a esdevenir els mateixos successos que el curs passat: les fulles es tornaran marrons i cauran, far\u00e0 fred i \u00e9s possible que nevi&#8230;<\/p>\n<p style=\"text-align: justify;\">Mirem al cel amb els nens i les nenes, per observar i experimentar els canvis que perceben. Els infants es fan les seves pr\u00f2pies teories a partir de la mateixa experi\u00e8ncia i dels fen\u00f2mens observables. Elaboren maquetes per poder explicar les seves idees i les comparen amb altres persones que ja han mirat al cel abans que nosaltres, i han elaborat eines que permetran a la humanitat mirar m\u00e9s enll\u00e0 del cel conegut.<\/p>\n<p style=\"text-align: justify;\"><a href=\"https:\/\/drive.google.com\/file\/d\/1TZWGFFnzaHV8Q2ieqwix1k-Ifn31gxG3\/view?usp=drive_link\" target=\"_blank\" rel=\"noopener\"><img loading=\"lazy\" decoding=\"async\" class=\"wp-image-4779 alignright\" src=\"https:\/\/agora.xtec.cat\/esc-l-oreneta\/wp-content\/uploads\/usu2395\/2026\/03\/Captura-de-pantalla-2026-03-08-195245-1024x575.png\" alt=\"\" width=\"535\" height=\"300\" srcset=\"https:\/\/agora.xtec.cat\/esc-l-oreneta\/wp-content\/uploads\/usu2395\/2026\/03\/Captura-de-pantalla-2026-03-08-195245-1024x575.png 1024w, https:\/\/agora.xtec.cat\/esc-l-oreneta\/wp-content\/uploads\/usu2395\/2026\/03\/Captura-de-pantalla-2026-03-08-195245-300x168.png 300w, https:\/\/agora.xtec.cat\/esc-l-oreneta\/wp-content\/uploads\/usu2395\/2026\/03\/Captura-de-pantalla-2026-03-08-195245-768x431.png 768w, https:\/\/agora.xtec.cat\/esc-l-oreneta\/wp-content\/uploads\/usu2395\/2026\/03\/Captura-de-pantalla-2026-03-08-195245.png 1302w\" sizes=\"auto, (max-width: 535px) 100vw, 535px\" \/><\/a><\/p>\n<\/div>\n<div>\n<p>&nbsp;<\/p>\n<\/div>\n<p>&nbsp;<\/p>\n<p>&nbsp;<\/p>\n<p>&nbsp;<\/p>\n<p style=\"text-align: right;\"><strong><span style=\"font-size: 10pt;\">Clica la imatge <\/span><span style=\"font-size: 10pt; font-family: inherit;\">per veure el v\u00eddeo.\u00a0<\/span><\/strong><\/p>\n<p>&nbsp;<\/p>\n<div>\n<p>&nbsp;<\/p>\n<p>&nbsp;<\/p>\n<p><a href=\"https:\/\/agora.xtec.cat\/esc-l-oreneta\/wp-content\/uploads\/usu2395\/2026\/03\/Captura-de-pantalla-2026-03-08-200557.png\"><img loading=\"lazy\" decoding=\"async\" class=\"size-full wp-image-4782 aligncenter\" src=\"https:\/\/agora.xtec.cat\/esc-l-oreneta\/wp-content\/uploads\/usu2395\/2026\/03\/Captura-de-pantalla-2026-03-08-200557.png\" alt=\"\" width=\"698\" height=\"537\" srcset=\"https:\/\/agora.xtec.cat\/esc-l-oreneta\/wp-content\/uploads\/usu2395\/2026\/03\/Captura-de-pantalla-2026-03-08-200557.png 698w, https:\/\/agora.xtec.cat\/esc-l-oreneta\/wp-content\/uploads\/usu2395\/2026\/03\/Captura-de-pantalla-2026-03-08-200557-300x231.png 300w\" sizes=\"auto, (max-width: 698px) 100vw, 698px\" \/><\/a><\/p>\n<p style=\"text-align: justify;\" data-pm-slice=\"1 1 []\"><a href=\"https:\/\/agora.xtec.cat\/esc-l-oreneta\/wp-content\/uploads\/usu2395\/2026\/03\/llegint-1.png\"><img loading=\"lazy\" decoding=\"async\" class=\"wp-image-4781 alignright\" src=\"https:\/\/agora.xtec.cat\/esc-l-oreneta\/wp-content\/uploads\/usu2395\/2026\/03\/llegint-1.png\" alt=\"\" width=\"545\" height=\"392\" srcset=\"https:\/\/agora.xtec.cat\/esc-l-oreneta\/wp-content\/uploads\/usu2395\/2026\/03\/llegint-1.png 703w, https:\/\/agora.xtec.cat\/esc-l-oreneta\/wp-content\/uploads\/usu2395\/2026\/03\/llegint-1-300x216.png 300w\" sizes=\"auto, (max-width: 545px) 100vw, 545px\" \/><\/a><\/p>\n<p style=\"text-align: justify;\" data-pm-slice=\"1 1 []\">Llegim not\u00edcies que anuncien els solsticis i els equinoccis, i escoltem \u00e0udios que ens parlen de moviments de la Terra, situaci\u00f3 en l&#8217;espai i angle d&#8217;inclinaci\u00f3 de l&#8217;eix. Hem de comprendre tota aquesta informaci\u00f3 i la representem en forma d&#8217;escrits, esquemes i dibuixos. Constru\u00efm models cient\u00edfics per comprendre all\u00f2 que no veiem. Observem la relaci\u00f3 entre els graus d&#8217;inclinaci\u00f3 i les obres que es projecten.<\/p>\n<p style=\"text-align: justify;\">Investigant aquestes preguntes, d&#8217;alguna manera volem apropar la immensitat de l&#8217;Univers a la percepci\u00f3 prim\u00e0ria dels infants, evocar els nostres avantpassats, que van mirar al cel abans que nosaltres, amb molta m\u00e9s const\u00e0ncia i admiraci\u00f3.<\/p>\n<\/div>\n<div>\n<p><a href=\"https:\/\/agora.xtec.cat\/esc-l-oreneta\/wp-content\/uploads\/usu2395\/2026\/03\/Captura-de-pantalla-2026-03-08-202216.png\"><img loading=\"lazy\" decoding=\"async\" class=\"wp-image-4784 alignleft\" src=\"https:\/\/agora.xtec.cat\/esc-l-oreneta\/wp-content\/uploads\/usu2395\/2026\/03\/Captura-de-pantalla-2026-03-08-202216.png\" alt=\"\" width=\"676\" height=\"220\" srcset=\"https:\/\/agora.xtec.cat\/esc-l-oreneta\/wp-content\/uploads\/usu2395\/2026\/03\/Captura-de-pantalla-2026-03-08-202216.png 931w, https:\/\/agora.xtec.cat\/esc-l-oreneta\/wp-content\/uploads\/usu2395\/2026\/03\/Captura-de-pantalla-2026-03-08-202216-300x98.png 300w, https:\/\/agora.xtec.cat\/esc-l-oreneta\/wp-content\/uploads\/usu2395\/2026\/03\/Captura-de-pantalla-2026-03-08-202216-768x250.png 768w\" sizes=\"auto, (max-width: 676px) 100vw, 676px\" \/><\/a><a href=\"https:\/\/agora.xtec.cat\/esc-l-oreneta\/wp-content\/uploads\/usu2395\/2026\/03\/Captura-de-pantalla-2026-03-08-202510.png\"><img loading=\"lazy\" decoding=\"async\" class=\"wp-image-4785 alignright\" src=\"https:\/\/agora.xtec.cat\/esc-l-oreneta\/wp-content\/uploads\/usu2395\/2026\/03\/Captura-de-pantalla-2026-03-08-202510.png\" alt=\"\" width=\"287\" height=\"271\" srcset=\"https:\/\/agora.xtec.cat\/esc-l-oreneta\/wp-content\/uploads\/usu2395\/2026\/03\/Captura-de-pantalla-2026-03-08-202510.png 482w, https:\/\/agora.xtec.cat\/esc-l-oreneta\/wp-content\/uploads\/usu2395\/2026\/03\/Captura-de-pantalla-2026-03-08-202510-300x283.png 300w\" sizes=\"auto, (max-width: 287px) 100vw, 287px\" \/><\/a><\/p>\n<\/div>\n<p>&nbsp;<\/p>\n<p>&nbsp;<\/p>\n<p>&nbsp;<\/p>\n<p>&nbsp;<\/p>\n<p><a href=\"https:\/\/agora.xtec.cat\/esc-l-oreneta\/wp-content\/uploads\/usu2395\/2026\/03\/Captura-de-pantalla-2026-03-08-201727.png\"><img loading=\"lazy\" decoding=\"async\" class=\"alignnone wp-image-4787\" src=\"https:\/\/agora.xtec.cat\/esc-l-oreneta\/wp-content\/uploads\/usu2395\/2026\/03\/Captura-de-pantalla-2026-03-08-201727.png\" alt=\"\" width=\"356\" height=\"317\" srcset=\"https:\/\/agora.xtec.cat\/esc-l-oreneta\/wp-content\/uploads\/usu2395\/2026\/03\/Captura-de-pantalla-2026-03-08-201727.png 485w, https:\/\/agora.xtec.cat\/esc-l-oreneta\/wp-content\/uploads\/usu2395\/2026\/03\/Captura-de-pantalla-2026-03-08-201727-300x267.png 300w\" sizes=\"auto, (max-width: 356px) 100vw, 356px\" \/><\/a><a href=\"https:\/\/agora.xtec.cat\/esc-l-oreneta\/wp-content\/uploads\/usu2395\/2026\/03\/image-1-1.png\"><img loading=\"lazy\" decoding=\"async\" class=\"alignnone wp-image-4789\" src=\"https:\/\/agora.xtec.cat\/esc-l-oreneta\/wp-content\/uploads\/usu2395\/2026\/03\/image-1-1.png\" alt=\"\" width=\"238\" height=\"317\" srcset=\"https:\/\/agora.xtec.cat\/esc-l-oreneta\/wp-content\/uploads\/usu2395\/2026\/03\/image-1-1.png 651w, https:\/\/agora.xtec.cat\/esc-l-oreneta\/wp-content\/uploads\/usu2395\/2026\/03\/image-1-1-225x300.png 225w\" sizes=\"auto, (max-width: 238px) 100vw, 238px\" \/><\/a><\/p>\n<p><a href=\"https:\/\/agora.xtec.cat\/esc-l-oreneta\/wp-content\/uploads\/usu2395\/2026\/03\/P1300256.jpg\"><img loading=\"lazy\" decoding=\"async\" class=\"alignnone wp-image-4791\" src=\"https:\/\/agora.xtec.cat\/esc-l-oreneta\/wp-content\/uploads\/usu2395\/2026\/03\/P1300256-1024x768.jpg\" alt=\"\" width=\"331\" height=\"248\" srcset=\"https:\/\/agora.xtec.cat\/esc-l-oreneta\/wp-content\/uploads\/usu2395\/2026\/03\/P1300256-1024x768.jpg 1024w, https:\/\/agora.xtec.cat\/esc-l-oreneta\/wp-content\/uploads\/usu2395\/2026\/03\/P1300256-300x225.jpg 300w, https:\/\/agora.xtec.cat\/esc-l-oreneta\/wp-content\/uploads\/usu2395\/2026\/03\/P1300256-768x576.jpg 768w, https:\/\/agora.xtec.cat\/esc-l-oreneta\/wp-content\/uploads\/usu2395\/2026\/03\/P1300256-1536x1152.jpg 1536w, https:\/\/agora.xtec.cat\/esc-l-oreneta\/wp-content\/uploads\/usu2395\/2026\/03\/P1300256-200x150.jpg 200w, https:\/\/agora.xtec.cat\/esc-l-oreneta\/wp-content\/uploads\/usu2395\/2026\/03\/P1300256.jpg 2048w\" sizes=\"auto, (max-width: 331px) 100vw, 331px\" \/><\/a><a href=\"https:\/\/agora.xtec.cat\/esc-l-oreneta\/wp-content\/uploads\/usu2395\/2026\/03\/P1300255.jpg\"><img loading=\"lazy\" decoding=\"async\" class=\"alignnone wp-image-4792\" src=\"https:\/\/agora.xtec.cat\/esc-l-oreneta\/wp-content\/uploads\/usu2395\/2026\/03\/P1300255-1024x768.jpg\" alt=\"\" width=\"330\" height=\"248\" srcset=\"https:\/\/agora.xtec.cat\/esc-l-oreneta\/wp-content\/uploads\/usu2395\/2026\/03\/P1300255-1024x768.jpg 1024w, https:\/\/agora.xtec.cat\/esc-l-oreneta\/wp-content\/uploads\/usu2395\/2026\/03\/P1300255-300x225.jpg 300w, https:\/\/agora.xtec.cat\/esc-l-oreneta\/wp-content\/uploads\/usu2395\/2026\/03\/P1300255-768x576.jpg 768w, https:\/\/agora.xtec.cat\/esc-l-oreneta\/wp-content\/uploads\/usu2395\/2026\/03\/P1300255-1536x1152.jpg 1536w, https:\/\/agora.xtec.cat\/esc-l-oreneta\/wp-content\/uploads\/usu2395\/2026\/03\/P1300255-200x150.jpg 200w, https:\/\/agora.xtec.cat\/esc-l-oreneta\/wp-content\/uploads\/usu2395\/2026\/03\/P1300255.jpg 2048w\" sizes=\"auto, (max-width: 330px) 100vw, 330px\" \/><\/a><a href=\"https:\/\/agora.xtec.cat\/esc-l-oreneta\/wp-content\/uploads\/usu2395\/2026\/03\/terra-parallela.png\"><img loading=\"lazy\" decoding=\"async\" class=\"wp-image-4793 alignright\" src=\"https:\/\/agora.xtec.cat\/esc-l-oreneta\/wp-content\/uploads\/usu2395\/2026\/03\/terra-parallela.png\" alt=\"\" width=\"320\" height=\"357\" srcset=\"https:\/\/agora.xtec.cat\/esc-l-oreneta\/wp-content\/uploads\/usu2395\/2026\/03\/terra-parallela.png 509w, https:\/\/agora.xtec.cat\/esc-l-oreneta\/wp-content\/uploads\/usu2395\/2026\/03\/terra-parallela-269x300.png 269w\" sizes=\"auto, (max-width: 320px) 100vw, 320px\" \/><\/a><\/p>\n<p>&nbsp;<\/p>\n","protected":false},"excerpt":{"rendered":"<p>UNA INDAGACI\u00d3 DE 3R SOBRE LES ESTACIONS DE L&#8217;ANY<br \/>\n<a href=\"https:\/\/agora.xtec.cat\/esc-l-oreneta\/wp-content\/uploads\/usu2395\/2026\/03\/IMG_6002-scaled.jpg\"><\/a><\/p>\n<p>&#8220;No hi ha en l\u2019experi\u00e8ncia quotidiana un canvi m\u00e9s empobrit que la p\u00e8rdua del sentit del contrast entre el dia i la nit, entre la llum i la foscor. El nostre segle de llums artificials ens&hellip;  <a href=\"https:\/\/agora.xtec.cat\/esc-l-oreneta\/general\/per-que-hi-ha-mesos-que-fa-fred-i-mesos-que-fa-calor\/\" title=\"Read Per qu\u00e8 hi ha mesos que fa fred i mesos que fa calor?\">Llegeix m\u00e9s\u00bb<\/a><\/p>\n","protected":false},"author":11,"featured_media":4783,"comment_status":"open","ping_status":"open","sticky":false,"template":"","format":"standard","meta":{"_bbp_topic_count":0,"_bbp_reply_count":0,"_bbp_total_topic_count":0,"_bbp_total_reply_count":0,"_bbp_voice_count":0,"_bbp_anonymous_reply_count":0,"_bbp_topic_count_hidden":0,"_bbp_reply_count_hidden":0,"_bbp_forum_subforum_count":0,"footnotes":""},"categories":[12,1,4],"tags":[],"class_list":["post-4774","post","type-post","status-publish","format-standard","has-post-thumbnail","hentry","category-3r","category-general","category-portada"],"post_mailing_queue_ids":[],"_links":{"self":[{"href":"https:\/\/agora.xtec.cat\/esc-l-oreneta\/wp-json\/wp\/v2\/posts\/4774","targetHints":{"allow":["GET"]}}],"collection":[{"href":"https:\/\/agora.xtec.cat\/esc-l-oreneta\/wp-json\/wp\/v2\/posts"}],"about":[{"href":"https:\/\/agora.xtec.cat\/esc-l-oreneta\/wp-json\/wp\/v2\/types\/post"}],"author":[{"embeddable":true,"href":"https:\/\/agora.xtec.cat\/esc-l-oreneta\/wp-json\/wp\/v2\/users\/11"}],"replies":[{"embeddable":true,"href":"https:\/\/agora.xtec.cat\/esc-l-oreneta\/wp-json\/wp\/v2\/comments?post=4774"}],"version-history":[{"count":6,"href":"https:\/\/agora.xtec.cat\/esc-l-oreneta\/wp-json\/wp\/v2\/posts\/4774\/revisions"}],"predecessor-version":[{"id":4802,"href":"https:\/\/agora.xtec.cat\/esc-l-oreneta\/wp-json\/wp\/v2\/posts\/4774\/revisions\/4802"}],"wp:featuredmedia":[{"embeddable":true,"href":"https:\/\/agora.xtec.cat\/esc-l-oreneta\/wp-json\/wp\/v2\/media\/4783"}],"wp:attachment":[{"href":"https:\/\/agora.xtec.cat\/esc-l-oreneta\/wp-json\/wp\/v2\/media?parent=4774"}],"wp:term":[{"taxonomy":"category","embeddable":true,"href":"https:\/\/agora.xtec.cat\/esc-l-oreneta\/wp-json\/wp\/v2\/categories?post=4774"},{"taxonomy":"post_tag","embeddable":true,"href":"https:\/\/agora.xtec.cat\/esc-l-oreneta\/wp-json\/wp\/v2\/tags?post=4774"}],"curies":[{"name":"wp","href":"https:\/\/api.w.org\/{rel}","templated":true}]}}