{"id":4589,"date":"2026-02-01T16:32:25","date_gmt":"2026-02-01T15:32:25","guid":{"rendered":"https:\/\/agora.xtec.cat\/esc-l-oreneta\/?p=4589"},"modified":"2026-02-01T16:32:25","modified_gmt":"2026-02-01T15:32:25","slug":"lalumnat-de-sise-crea-rap-sobre-lescola","status":"publish","type":"post","link":"https:\/\/agora.xtec.cat\/esc-l-oreneta\/general\/lalumnat-de-sise-crea-rap-sobre-lescola\/","title":{"rendered":"L\u2019alumnat de sis\u00e8 crea rap sobre l\u2019escola"},"content":{"rendered":"<p>Els alumnes de sis\u00e8 han creat, de manera individual i en diferents grups, raps amb tem\u00e0tica relacionada amb l\u2019escola. Havien d\u2019intentar que els textos tinguessin rima i molts han aprofitat la tem\u00e0tica propera de Carnestoltes. Aquesta activitat ha servit com a assaig per comen\u00e7ar, la setmana seg\u00fcent, la preparaci\u00f3 del preg\u00f3 de Carnestoltes amb rodolins.<\/p>\n<p><a href=\"https:\/\/drive.google.com\/file\/d\/1UskagbdLVY-Ew-y5bJhYBSpQT17Q7vFh\/view?usp=drive_link\" target=\"_blank\" rel=\"noopener\">Aqu\u00ed podeu escoltar els diferents raps<\/a><\/p>\n<p><a href=\"https:\/\/photos.app.goo.gl\/cLaAB3HHL7coJowz9\" target=\"_blank\" rel=\"noopener\">Fotos<\/a><\/p>\n<p>&nbsp;<\/p>\n","protected":false},"excerpt":{"rendered":"<p>Els alumnes de sis\u00e8 han creat, de manera individual i en diferents grups, raps amb tem\u00e0tica relacionada amb l\u2019escola. Havien d\u2019intentar que els textos tinguessin rima i molts han aprofitat la tem\u00e0tica propera de Carnestoltes. Aquesta activitat ha servit com a assaig per comen\u00e7ar, la&hellip;  <a href=\"https:\/\/agora.xtec.cat\/esc-l-oreneta\/general\/lalumnat-de-sise-crea-rap-sobre-lescola\/\" title=\"Read L\u2019alumnat de sis\u00e8 crea rap sobre l\u2019escola\">Llegeix m\u00e9s\u00bb<\/a><\/p>\n","protected":false},"author":67,"featured_media":4591,"comment_status":"open","ping_status":"open","sticky":false,"template":"","format":"standard","meta":{"_bbp_topic_count":0,"_bbp_reply_count":0,"_bbp_total_topic_count":0,"_bbp_total_reply_count":0,"_bbp_voice_count":0,"_bbp_anonymous_reply_count":0,"_bbp_topic_count_hidden":0,"_bbp_reply_count_hidden":0,"_bbp_forum_subforum_count":0,"footnotes":""},"categories":[15,1,4,5],"tags":[],"class_list":["post-4589","post","type-post","status-publish","format-standard","has-post-thumbnail","hentry","category-6e","category-general","category-portada","category-primaria"],"post_mailing_queue_ids":[],"_links":{"self":[{"href":"https:\/\/agora.xtec.cat\/esc-l-oreneta\/wp-json\/wp\/v2\/posts\/4589","targetHints":{"allow":["GET"]}}],"collection":[{"href":"https:\/\/agora.xtec.cat\/esc-l-oreneta\/wp-json\/wp\/v2\/posts"}],"about":[{"href":"https:\/\/agora.xtec.cat\/esc-l-oreneta\/wp-json\/wp\/v2\/types\/post"}],"author":[{"embeddable":true,"href":"https:\/\/agora.xtec.cat\/esc-l-oreneta\/wp-json\/wp\/v2\/users\/67"}],"replies":[{"embeddable":true,"href":"https:\/\/agora.xtec.cat\/esc-l-oreneta\/wp-json\/wp\/v2\/comments?post=4589"}],"version-history":[{"count":1,"href":"https:\/\/agora.xtec.cat\/esc-l-oreneta\/wp-json\/wp\/v2\/posts\/4589\/revisions"}],"predecessor-version":[{"id":4590,"href":"https:\/\/agora.xtec.cat\/esc-l-oreneta\/wp-json\/wp\/v2\/posts\/4589\/revisions\/4590"}],"wp:featuredmedia":[{"embeddable":true,"href":"https:\/\/agora.xtec.cat\/esc-l-oreneta\/wp-json\/wp\/v2\/media\/4591"}],"wp:attachment":[{"href":"https:\/\/agora.xtec.cat\/esc-l-oreneta\/wp-json\/wp\/v2\/media?parent=4589"}],"wp:term":[{"taxonomy":"category","embeddable":true,"href":"https:\/\/agora.xtec.cat\/esc-l-oreneta\/wp-json\/wp\/v2\/categories?post=4589"},{"taxonomy":"post_tag","embeddable":true,"href":"https:\/\/agora.xtec.cat\/esc-l-oreneta\/wp-json\/wp\/v2\/tags?post=4589"}],"curies":[{"name":"wp","href":"https:\/\/api.w.org\/{rel}","templated":true}]}}