{"id":4279,"date":"2025-11-12T18:50:57","date_gmt":"2025-11-12T17:50:57","guid":{"rendered":"https:\/\/agora.xtec.cat\/esc-l-oreneta\/?p=4279"},"modified":"2025-11-12T18:52:01","modified_gmt":"2025-11-12T17:52:01","slug":"visitem-el-campus-arqueologic-del-museu-egipci-de-barcelona","status":"publish","type":"post","link":"https:\/\/agora.xtec.cat\/esc-l-oreneta\/general\/visitem-el-campus-arqueologic-del-museu-egipci-de-barcelona\/","title":{"rendered":"Visitem el Campus Arqueol\u00f2gic del Museu Egipci de Barcelona"},"content":{"rendered":"<p style=\"text-align: justify\" data-start=\"112\" data-end=\"419\">Avui el nostre grup de 5\u00e8 ha viscut una aventura \u00fanica al <strong>Campus Arqueol\u00f2gic del Museu Egipci<\/strong> de Barcelona a Palau-solit\u00e0 i Plegamans, on han pogut fer arqueologia de deb\u00f2, aprendre sobre <strong>l\u2019antic Egipte<\/strong> i connectar-ho amb el projecte que estem desenvolupant de l\u2019obra de Jules Verne <strong><em>La volta al m\u00f3n<\/em><\/strong>.<\/p>\n<p data-start=\"421\" data-end=\"480\">Durant tot el dia hem realitzat tres tallers molt especials:<\/p>\n<ul>\n<li data-start=\"484\" data-end=\"654\">Hem <strong>excavat en un jaciment\/fossa recreada<\/strong>, on han descobert cer\u00e0miques, objectes i tombes que imiten l\u2019\u00e8poca predin\u00e0stica.<\/li>\n<\/ul>\n<p><a href=\"https:\/\/agora.xtec.cat\/esc-l-oreneta\/wp-content\/uploads\/usu2395\/2025\/11\/WhatsApp-Image-2025-11-12-at-18.38.15.jpeg\"><img loading=\"lazy\" decoding=\"async\" class=\"wp-image-4280 aligncenter\" src=\"https:\/\/agora.xtec.cat\/esc-l-oreneta\/wp-content\/uploads\/usu2395\/2025\/11\/WhatsApp-Image-2025-11-12-at-18.38.15.jpeg\" alt=\"\" width=\"684\" height=\"513\" srcset=\"https:\/\/agora.xtec.cat\/esc-l-oreneta\/wp-content\/uploads\/usu2395\/2025\/11\/WhatsApp-Image-2025-11-12-at-18.38.15.jpeg 1000w, https:\/\/agora.xtec.cat\/esc-l-oreneta\/wp-content\/uploads\/usu2395\/2025\/11\/WhatsApp-Image-2025-11-12-at-18.38.15-300x225.jpeg 300w, https:\/\/agora.xtec.cat\/esc-l-oreneta\/wp-content\/uploads\/usu2395\/2025\/11\/WhatsApp-Image-2025-11-12-at-18.38.15-768x576.jpeg 768w, https:\/\/agora.xtec.cat\/esc-l-oreneta\/wp-content\/uploads\/usu2395\/2025\/11\/WhatsApp-Image-2025-11-12-at-18.38.15-200x150.jpeg 200w\" sizes=\"auto, (max-width: 684px) 100vw, 684px\" \/><\/a><\/p>\n<ul>\n<li>Hem <strong data-start=\"662\" data-end=\"685\">entrat en una tomba<\/strong> recreada a escala real (la tomba de Sennedyem) amb pintures murals i textos jerogl\u00edfics, i hem vist com treballaven els artesans en l\u2019antic Egipte.<\/li>\n<\/ul>\n<p><a href=\"https:\/\/agora.xtec.cat\/esc-l-oreneta\/wp-content\/uploads\/usu2395\/2025\/11\/WhatsApp-Image-2025-11-12-at-18.37.33.jpeg\"><img loading=\"lazy\" decoding=\"async\" class=\" wp-image-4281 aligncenter\" src=\"https:\/\/agora.xtec.cat\/esc-l-oreneta\/wp-content\/uploads\/usu2395\/2025\/11\/WhatsApp-Image-2025-11-12-at-18.37.33.jpeg\" alt=\"\" width=\"403\" height=\"536\" srcset=\"https:\/\/agora.xtec.cat\/esc-l-oreneta\/wp-content\/uploads\/usu2395\/2025\/11\/WhatsApp-Image-2025-11-12-at-18.37.33.jpeg 616w, https:\/\/agora.xtec.cat\/esc-l-oreneta\/wp-content\/uploads\/usu2395\/2025\/11\/WhatsApp-Image-2025-11-12-at-18.37.33-225x300.jpeg 225w\" sizes=\"auto, (max-width: 403px) 100vw, 403px\" \/><\/a><\/p>\n<ul>\n<li data-start=\"658\" data-end=\"873\">Hem apr\u00e8s el sistema de <strong>l\u2019escriptura de jerogl\u00edfics<\/strong>, i fins i tot cada alumne ha fet el seu propi nom amb jerogl\u00edfics en una activitat molt divertida i creativa.<\/li>\n<\/ul>\n<p><a href=\"https:\/\/agora.xtec.cat\/esc-l-oreneta\/wp-content\/uploads\/usu2395\/2025\/11\/1762969385447-scaled.jpg\"><img loading=\"lazy\" decoding=\"async\" class=\"wp-image-4282 aligncenter\" src=\"https:\/\/agora.xtec.cat\/esc-l-oreneta\/wp-content\/uploads\/usu2395\/2025\/11\/1762969385447-769x1024.jpg\" alt=\"\" width=\"289\" height=\"385\" \/><\/a><\/p>\n<p data-start=\"1042\" data-end=\"1296\">Hem gaudit molt\u00edssim i, alhora, hem apr\u00e8s molt: hem descobert qu\u00e8 \u00e9s la necr\u00f2polis predin\u00e0stica i com s\u2019expressava la cultura eg\u00edpcia a trav\u00e9s de la mort, la religi\u00f3 i l\u2019escriptura.<\/p>\n<p data-start=\"1298\" data-end=\"1592\">Aquesta sortida s\u2019emmarca en el nostre projecte de lectura sobre <em data-start=\"1363\" data-end=\"1380\">La volta al m\u00f3n<\/em> de Jules Verne, i ens ha perm\u00e8s fer un \u201csalt\u201d fins a Egipte \u2014 un dels pa\u00efsos que l\u2019aventurer visita en el seu viatge \u2014 per viure l\u2019\u00e8poca dels faraons, les tombes i els jerogl\u00edfics d\u2019una manera real i tangible.<\/p>\n<p data-start=\"1298\" data-end=\"1592\">En el seg\u00fcent enlla\u00e7 trobareu m\u00e9s fotografies de l&#8217;alumnat fent les activitats:<b>\u00a0<a href=\"https:\/\/drive.google.com\/drive\/folders\/1332n4tsRYbgo90aVnfrr2W9p2R_e9NRx?usp=drive_link\">https:\/\/drive.google.com\/drive\/folders\/1332n4tsRYbgo90aVnfrr2W9p2R_e9NRx?usp=drive_link<\/a><\/b><\/p>\n<p data-start=\"1298\" data-end=\"1592\">Gr\u00e0cies a tot l&#8217;alumnat per la seva curiositat, participaci\u00f3 i bon comportament, i tamb\u00e9 al personal del Museu Egipci per l\u2019atenci\u00f3 i les activitats tan ben preparades. Esperem que aquesta experi\u00e8ncia inspiri la nostra feina posterior a classe, tant en pl\u00e0stica com en llengua, medi i valors.<\/p>\n<p data-start=\"1893\" data-end=\"1918\">Fins la propera!<\/p>\n","protected":false},"excerpt":{"rendered":"<p>Avui el nostre grup de 5\u00e8 ha viscut una aventura \u00fanica al Campus Arqueol\u00f2gic del Museu Egipci de Barcelona a Palau-solit\u00e0 i Plegamans, on han pogut fer arqueologia de deb\u00f2, aprendre sobre l\u2019antic Egipte i connectar-ho amb el projecte que estem desenvolupant de l\u2019obra de&hellip;  <a href=\"https:\/\/agora.xtec.cat\/esc-l-oreneta\/general\/visitem-el-campus-arqueologic-del-museu-egipci-de-barcelona\/\" title=\"Read Visitem el Campus Arqueol\u00f2gic del Museu Egipci de Barcelona\">Llegeix m\u00e9s\u00bb<\/a><\/p>\n","protected":false},"author":6,"featured_media":4280,"comment_status":"open","ping_status":"open","sticky":false,"template":"","format":"standard","meta":{"_bbp_topic_count":0,"_bbp_reply_count":0,"_bbp_total_topic_count":0,"_bbp_total_reply_count":0,"_bbp_voice_count":0,"_bbp_anonymous_reply_count":0,"_bbp_topic_count_hidden":0,"_bbp_reply_count_hidden":0,"_bbp_forum_subforum_count":0,"footnotes":""},"categories":[14,1,4,5],"tags":[],"class_list":["post-4279","post","type-post","status-publish","format-standard","has-post-thumbnail","hentry","category-5e","category-general","category-portada","category-primaria"],"post_mailing_queue_ids":[],"_links":{"self":[{"href":"https:\/\/agora.xtec.cat\/esc-l-oreneta\/wp-json\/wp\/v2\/posts\/4279","targetHints":{"allow":["GET"]}}],"collection":[{"href":"https:\/\/agora.xtec.cat\/esc-l-oreneta\/wp-json\/wp\/v2\/posts"}],"about":[{"href":"https:\/\/agora.xtec.cat\/esc-l-oreneta\/wp-json\/wp\/v2\/types\/post"}],"author":[{"embeddable":true,"href":"https:\/\/agora.xtec.cat\/esc-l-oreneta\/wp-json\/wp\/v2\/users\/6"}],"replies":[{"embeddable":true,"href":"https:\/\/agora.xtec.cat\/esc-l-oreneta\/wp-json\/wp\/v2\/comments?post=4279"}],"version-history":[{"count":3,"href":"https:\/\/agora.xtec.cat\/esc-l-oreneta\/wp-json\/wp\/v2\/posts\/4279\/revisions"}],"predecessor-version":[{"id":4285,"href":"https:\/\/agora.xtec.cat\/esc-l-oreneta\/wp-json\/wp\/v2\/posts\/4279\/revisions\/4285"}],"wp:featuredmedia":[{"embeddable":true,"href":"https:\/\/agora.xtec.cat\/esc-l-oreneta\/wp-json\/wp\/v2\/media\/4280"}],"wp:attachment":[{"href":"https:\/\/agora.xtec.cat\/esc-l-oreneta\/wp-json\/wp\/v2\/media?parent=4279"}],"wp:term":[{"taxonomy":"category","embeddable":true,"href":"https:\/\/agora.xtec.cat\/esc-l-oreneta\/wp-json\/wp\/v2\/categories?post=4279"},{"taxonomy":"post_tag","embeddable":true,"href":"https:\/\/agora.xtec.cat\/esc-l-oreneta\/wp-json\/wp\/v2\/tags?post=4279"}],"curies":[{"name":"wp","href":"https:\/\/api.w.org\/{rel}","templated":true}]}}