{"id":4265,"date":"2025-11-13T10:03:30","date_gmt":"2025-11-13T09:03:30","guid":{"rendered":"https:\/\/agora.xtec.cat\/esc-l-oreneta\/?p=4265"},"modified":"2025-11-14T10:06:33","modified_gmt":"2025-11-14T09:06:33","slug":"cicle-inicial-visita-el-cim-de-les-aligues","status":"publish","type":"post","link":"https:\/\/agora.xtec.cat\/esc-l-oreneta\/general\/cicle-inicial-visita-el-cim-de-les-aligues\/","title":{"rendered":"Cicle inicial visita el Cim de les \u00e0ligues"},"content":{"rendered":"<p style=\"text-align: justify;\"><span style=\"font-weight: 400;\">El passat dimecres 5 de novembre, els infants de Cicle Inicial van viure un dia ple d\u2019aprenentatges i emocions al Cim de les \u00c0ligues, a Sant Feliu de Codines.<\/span><\/p>\n<p style=\"text-align: justify;\"><span style=\"font-weight: 400;\">En arribar, els infants es van organitzar en <\/span><b>grups intercicle<\/b><span style=\"font-weight: 400;\">\u00a0per comen\u00e7ar un <\/span><b>itinerari pel bosc<\/b><span style=\"font-weight: 400;\">, on van descobrir l\u2019entorn natural de les aus rapinyaires i van aprendre curiositats sobre la seva alimentaci\u00f3, les seves caracter\u00edstiques i difer\u00e8ncies entre les aus di\u00fcrnes i nocturnes.<\/span><\/p>\n<p><a href=\"https:\/\/agora.xtec.cat\/esc-l-oreneta\/wp-content\/uploads\/usu2395\/2025\/11\/Imatge-de-WhatsApp-2025-11-05-a-les-18.00.35_f81be203.jpg\"><img loading=\"lazy\" decoding=\"async\" class=\"alignnone size-large wp-image-4286\" src=\"https:\/\/agora.xtec.cat\/esc-l-oreneta\/wp-content\/uploads\/usu2395\/2025\/11\/Imatge-de-WhatsApp-2025-11-05-a-les-18.00.35_f81be203-1024x576.jpg\" alt=\"\" width=\"1024\" height=\"576\" srcset=\"https:\/\/agora.xtec.cat\/esc-l-oreneta\/wp-content\/uploads\/usu2395\/2025\/11\/Imatge-de-WhatsApp-2025-11-05-a-les-18.00.35_f81be203-1024x576.jpg 1024w, https:\/\/agora.xtec.cat\/esc-l-oreneta\/wp-content\/uploads\/usu2395\/2025\/11\/Imatge-de-WhatsApp-2025-11-05-a-les-18.00.35_f81be203-300x169.jpg 300w, https:\/\/agora.xtec.cat\/esc-l-oreneta\/wp-content\/uploads\/usu2395\/2025\/11\/Imatge-de-WhatsApp-2025-11-05-a-les-18.00.35_f81be203-768x432.jpg 768w, https:\/\/agora.xtec.cat\/esc-l-oreneta\/wp-content\/uploads\/usu2395\/2025\/11\/Imatge-de-WhatsApp-2025-11-05-a-les-18.00.35_f81be203-1536x863.jpg 1536w, https:\/\/agora.xtec.cat\/esc-l-oreneta\/wp-content\/uploads\/usu2395\/2025\/11\/Imatge-de-WhatsApp-2025-11-05-a-les-18.00.35_f81be203.jpg 2048w\" sizes=\"auto, (max-width: 1024px) 100vw, 1024px\" \/><\/a><\/p>\n<p style=\"text-align: justify;\"><span style=\"font-weight: 400;\">Tamb\u00e9 van poder observar de prop els espais on viuen aquestes aus i veure com s\u2019alimenten, mentre\u00a0 les monitores i els monitors explicaven dades interessants sobre aquest tipus d&#8217;aus.<\/span><\/p>\n<p style=\"text-align: justify;\"><span style=\"font-weight: 400;\">El moment m\u00e9s esperat del dia va ser l\u2019<\/span><b>espectacle de vol<\/b><span style=\"font-weight: 400;\">, on una desena d\u2019aus diferents ens van sobrevolar mentre la monitora explicava com viuen, com cacen i les peculiaritats de cada esp\u00e8cie.<\/span><\/p>\n<p><a href=\"https:\/\/agora.xtec.cat\/esc-l-oreneta\/wp-content\/uploads\/usu2395\/2025\/11\/WhatsApp-Image-2025-11-13-at-09.50.15-2.jpeg\"><img loading=\"lazy\" decoding=\"async\" class=\"alignnone size-large wp-image-4300\" src=\"https:\/\/agora.xtec.cat\/esc-l-oreneta\/wp-content\/uploads\/usu2395\/2025\/11\/WhatsApp-Image-2025-11-13-at-09.50.15-2-1024x768.jpeg\" alt=\"\" width=\"1024\" height=\"768\" srcset=\"https:\/\/agora.xtec.cat\/esc-l-oreneta\/wp-content\/uploads\/usu2395\/2025\/11\/WhatsApp-Image-2025-11-13-at-09.50.15-2-1024x768.jpeg 1024w, https:\/\/agora.xtec.cat\/esc-l-oreneta\/wp-content\/uploads\/usu2395\/2025\/11\/WhatsApp-Image-2025-11-13-at-09.50.15-2-300x225.jpeg 300w, https:\/\/agora.xtec.cat\/esc-l-oreneta\/wp-content\/uploads\/usu2395\/2025\/11\/WhatsApp-Image-2025-11-13-at-09.50.15-2-768x576.jpeg 768w, https:\/\/agora.xtec.cat\/esc-l-oreneta\/wp-content\/uploads\/usu2395\/2025\/11\/WhatsApp-Image-2025-11-13-at-09.50.15-2-1536x1152.jpeg 1536w, https:\/\/agora.xtec.cat\/esc-l-oreneta\/wp-content\/uploads\/usu2395\/2025\/11\/WhatsApp-Image-2025-11-13-at-09.50.15-2-200x150.jpeg 200w, https:\/\/agora.xtec.cat\/esc-l-oreneta\/wp-content\/uploads\/usu2395\/2025\/11\/WhatsApp-Image-2025-11-13-at-09.50.15-2.jpeg 1600w\" sizes=\"auto, (max-width: 1024px) 100vw, 1024px\" \/><\/a><\/p>\n<p>&nbsp;<\/p>\n<p>&nbsp;<\/p>\n<p><a href=\"https:\/\/agora.xtec.cat\/esc-l-oreneta\/wp-content\/uploads\/usu2395\/2025\/11\/Imatge-de-WhatsApp-2025-11-12-a-les-12.01.01_60fb0411.jpg\"><img loading=\"lazy\" decoding=\"async\" class=\"alignnone wp-image-4289\" src=\"https:\/\/agora.xtec.cat\/esc-l-oreneta\/wp-content\/uploads\/usu2395\/2025\/11\/Imatge-de-WhatsApp-2025-11-12-a-les-12.01.01_60fb0411-1024x575.jpg\" alt=\"\" width=\"488\" height=\"274\" srcset=\"https:\/\/agora.xtec.cat\/esc-l-oreneta\/wp-content\/uploads\/usu2395\/2025\/11\/Imatge-de-WhatsApp-2025-11-12-a-les-12.01.01_60fb0411-1024x575.jpg 1024w, https:\/\/agora.xtec.cat\/esc-l-oreneta\/wp-content\/uploads\/usu2395\/2025\/11\/Imatge-de-WhatsApp-2025-11-12-a-les-12.01.01_60fb0411-300x169.jpg 300w, https:\/\/agora.xtec.cat\/esc-l-oreneta\/wp-content\/uploads\/usu2395\/2025\/11\/Imatge-de-WhatsApp-2025-11-12-a-les-12.01.01_60fb0411-768x432.jpg 768w, https:\/\/agora.xtec.cat\/esc-l-oreneta\/wp-content\/uploads\/usu2395\/2025\/11\/Imatge-de-WhatsApp-2025-11-12-a-les-12.01.01_60fb0411-1536x863.jpg 1536w, https:\/\/agora.xtec.cat\/esc-l-oreneta\/wp-content\/uploads\/usu2395\/2025\/11\/Imatge-de-WhatsApp-2025-11-12-a-les-12.01.01_60fb0411.jpg 1600w\" sizes=\"auto, (max-width: 488px) 100vw, 488px\" \/><\/a><\/p>\n<p style=\"text-align: justify;\"><span style=\"font-weight: 400;\">Despr\u00e9s de dinar, va arribar el torn de la <\/span><b>gimcana pel bosc<\/b><span style=\"font-weight: 400;\">, una activitat molt divertida en qu\u00e8, mitjan\u00e7ant jocs i proves, els infants van poder resoldre preguntes i reptes sobre tot all\u00f2 que havien apr\u00e8s durant la jornada.<\/span><\/p>\n<p><a href=\"https:\/\/agora.xtec.cat\/esc-l-oreneta\/wp-content\/uploads\/usu2395\/2025\/11\/foto-ok.jpg\"><img loading=\"lazy\" decoding=\"async\" class=\"alignnone size-full wp-image-4306\" src=\"https:\/\/agora.xtec.cat\/esc-l-oreneta\/wp-content\/uploads\/usu2395\/2025\/11\/foto-ok.jpg\" alt=\"\" width=\"943\" height=\"630\" srcset=\"https:\/\/agora.xtec.cat\/esc-l-oreneta\/wp-content\/uploads\/usu2395\/2025\/11\/foto-ok.jpg 943w, https:\/\/agora.xtec.cat\/esc-l-oreneta\/wp-content\/uploads\/usu2395\/2025\/11\/foto-ok-300x200.jpg 300w, https:\/\/agora.xtec.cat\/esc-l-oreneta\/wp-content\/uploads\/usu2395\/2025\/11\/foto-ok-768x513.jpg 768w\" sizes=\"auto, (max-width: 943px) 100vw, 943px\" \/><\/a><\/p>\n<p>&nbsp;<\/p>\n<p style=\"text-align: justify;\"><span style=\"font-weight: 400;\">Va ser un dia ple de natura, descobertes i conviv\u00e8ncia entre els infants de primer i segon, que van gaudir d\u2019una experi\u00e8ncia inoblidable!<\/span><\/p>\n<p>Us deixem unes fotos ben boniques de tots els grups de cicle inicial!<\/p>\n<p><a href=\"https:\/\/agora.xtec.cat\/esc-l-oreneta\/wp-content\/uploads\/usu2395\/2025\/11\/WhatsApp-Image-2025-11-13-at-09.50.15-1.jpeg\"><img loading=\"lazy\" decoding=\"async\" class=\"alignnone wp-image-4301\" src=\"https:\/\/agora.xtec.cat\/esc-l-oreneta\/wp-content\/uploads\/usu2395\/2025\/11\/WhatsApp-Image-2025-11-13-at-09.50.15-1-1024x973.jpeg\" alt=\"\" width=\"433\" height=\"411\" srcset=\"https:\/\/agora.xtec.cat\/esc-l-oreneta\/wp-content\/uploads\/usu2395\/2025\/11\/WhatsApp-Image-2025-11-13-at-09.50.15-1-1024x973.jpeg 1024w, https:\/\/agora.xtec.cat\/esc-l-oreneta\/wp-content\/uploads\/usu2395\/2025\/11\/WhatsApp-Image-2025-11-13-at-09.50.15-1-300x285.jpeg 300w, https:\/\/agora.xtec.cat\/esc-l-oreneta\/wp-content\/uploads\/usu2395\/2025\/11\/WhatsApp-Image-2025-11-13-at-09.50.15-1-768x730.jpeg 768w, https:\/\/agora.xtec.cat\/esc-l-oreneta\/wp-content\/uploads\/usu2395\/2025\/11\/WhatsApp-Image-2025-11-13-at-09.50.15-1-1536x1459.jpeg 1536w, https:\/\/agora.xtec.cat\/esc-l-oreneta\/wp-content\/uploads\/usu2395\/2025\/11\/WhatsApp-Image-2025-11-13-at-09.50.15-1.jpeg 1600w\" sizes=\"auto, (max-width: 433px) 100vw, 433px\" \/><\/a><\/p>\n<p><a href=\"https:\/\/agora.xtec.cat\/esc-l-oreneta\/wp-content\/uploads\/usu2395\/2025\/11\/WhatsApp-Image-2025-11-13-at-09.50.15-3.jpeg\"><img loading=\"lazy\" decoding=\"async\" class=\"alignnone wp-image-4299\" src=\"https:\/\/agora.xtec.cat\/esc-l-oreneta\/wp-content\/uploads\/usu2395\/2025\/11\/WhatsApp-Image-2025-11-13-at-09.50.15-3-1024x768.jpeg\" alt=\"\" width=\"437\" height=\"327\" srcset=\"https:\/\/agora.xtec.cat\/esc-l-oreneta\/wp-content\/uploads\/usu2395\/2025\/11\/WhatsApp-Image-2025-11-13-at-09.50.15-3-1024x768.jpeg 1024w, https:\/\/agora.xtec.cat\/esc-l-oreneta\/wp-content\/uploads\/usu2395\/2025\/11\/WhatsApp-Image-2025-11-13-at-09.50.15-3-300x225.jpeg 300w, https:\/\/agora.xtec.cat\/esc-l-oreneta\/wp-content\/uploads\/usu2395\/2025\/11\/WhatsApp-Image-2025-11-13-at-09.50.15-3-768x576.jpeg 768w, https:\/\/agora.xtec.cat\/esc-l-oreneta\/wp-content\/uploads\/usu2395\/2025\/11\/WhatsApp-Image-2025-11-13-at-09.50.15-3-1536x1152.jpeg 1536w, https:\/\/agora.xtec.cat\/esc-l-oreneta\/wp-content\/uploads\/usu2395\/2025\/11\/WhatsApp-Image-2025-11-13-at-09.50.15-3-200x150.jpeg 200w, https:\/\/agora.xtec.cat\/esc-l-oreneta\/wp-content\/uploads\/usu2395\/2025\/11\/WhatsApp-Image-2025-11-13-at-09.50.15-3.jpeg 1600w\" sizes=\"auto, (max-width: 437px) 100vw, 437px\" \/><\/a><\/p>\n<p><a href=\"https:\/\/agora.xtec.cat\/esc-l-oreneta\/wp-content\/uploads\/usu2395\/2025\/11\/Imatge-de-WhatsApp-2025-11-12-a-les-13.06.29_4017fa27.jpg\"><img loading=\"lazy\" decoding=\"async\" class=\"alignnone wp-image-4290\" src=\"https:\/\/agora.xtec.cat\/esc-l-oreneta\/wp-content\/uploads\/usu2395\/2025\/11\/Imatge-de-WhatsApp-2025-11-12-a-les-13.06.29_4017fa27-1024x768.jpg\" alt=\"\" width=\"445\" height=\"333\" srcset=\"https:\/\/agora.xtec.cat\/esc-l-oreneta\/wp-content\/uploads\/usu2395\/2025\/11\/Imatge-de-WhatsApp-2025-11-12-a-les-13.06.29_4017fa27-1024x768.jpg 1024w, https:\/\/agora.xtec.cat\/esc-l-oreneta\/wp-content\/uploads\/usu2395\/2025\/11\/Imatge-de-WhatsApp-2025-11-12-a-les-13.06.29_4017fa27-300x225.jpg 300w, https:\/\/agora.xtec.cat\/esc-l-oreneta\/wp-content\/uploads\/usu2395\/2025\/11\/Imatge-de-WhatsApp-2025-11-12-a-les-13.06.29_4017fa27-768x576.jpg 768w, https:\/\/agora.xtec.cat\/esc-l-oreneta\/wp-content\/uploads\/usu2395\/2025\/11\/Imatge-de-WhatsApp-2025-11-12-a-les-13.06.29_4017fa27-1536x1152.jpg 1536w, https:\/\/agora.xtec.cat\/esc-l-oreneta\/wp-content\/uploads\/usu2395\/2025\/11\/Imatge-de-WhatsApp-2025-11-12-a-les-13.06.29_4017fa27-200x150.jpg 200w, https:\/\/agora.xtec.cat\/esc-l-oreneta\/wp-content\/uploads\/usu2395\/2025\/11\/Imatge-de-WhatsApp-2025-11-12-a-les-13.06.29_4017fa27.jpg 2048w\" sizes=\"auto, (max-width: 445px) 100vw, 445px\" \/><\/a><\/p>\n<p>&nbsp;<\/p>\n<p><a href=\"https:\/\/agora.xtec.cat\/esc-l-oreneta\/wp-content\/uploads\/usu2395\/2025\/11\/Imatge-de-WhatsApp-2025-11-10-a-les-15.23.59_89b19c78.jpg\"><img loading=\"lazy\" decoding=\"async\" class=\"alignnone wp-image-4287\" src=\"https:\/\/agora.xtec.cat\/esc-l-oreneta\/wp-content\/uploads\/usu2395\/2025\/11\/Imatge-de-WhatsApp-2025-11-10-a-les-15.23.59_89b19c78-1024x576.jpg\" alt=\"\" width=\"454\" height=\"255\" srcset=\"https:\/\/agora.xtec.cat\/esc-l-oreneta\/wp-content\/uploads\/usu2395\/2025\/11\/Imatge-de-WhatsApp-2025-11-10-a-les-15.23.59_89b19c78-1024x576.jpg 1024w, https:\/\/agora.xtec.cat\/esc-l-oreneta\/wp-content\/uploads\/usu2395\/2025\/11\/Imatge-de-WhatsApp-2025-11-10-a-les-15.23.59_89b19c78-300x169.jpg 300w, https:\/\/agora.xtec.cat\/esc-l-oreneta\/wp-content\/uploads\/usu2395\/2025\/11\/Imatge-de-WhatsApp-2025-11-10-a-les-15.23.59_89b19c78-768x432.jpg 768w, https:\/\/agora.xtec.cat\/esc-l-oreneta\/wp-content\/uploads\/usu2395\/2025\/11\/Imatge-de-WhatsApp-2025-11-10-a-les-15.23.59_89b19c78-1536x863.jpg 1536w, https:\/\/agora.xtec.cat\/esc-l-oreneta\/wp-content\/uploads\/usu2395\/2025\/11\/Imatge-de-WhatsApp-2025-11-10-a-les-15.23.59_89b19c78.jpg 2048w\" sizes=\"auto, (max-width: 454px) 100vw, 454px\" \/><\/a><\/p>\n<p><a href=\"https:\/\/agora.xtec.cat\/esc-l-oreneta\/wp-content\/uploads\/usu2395\/2025\/11\/1rA.jpg\"><img loading=\"lazy\" decoding=\"async\" class=\"alignnone wp-image-4303\" src=\"https:\/\/agora.xtec.cat\/esc-l-oreneta\/wp-content\/uploads\/usu2395\/2025\/11\/1rA.jpg\" alt=\"\" width=\"444\" height=\"526\" srcset=\"https:\/\/agora.xtec.cat\/esc-l-oreneta\/wp-content\/uploads\/usu2395\/2025\/11\/1rA.jpg 523w, https:\/\/agora.xtec.cat\/esc-l-oreneta\/wp-content\/uploads\/usu2395\/2025\/11\/1rA-253x300.jpg 253w\" sizes=\"auto, (max-width: 444px) 100vw, 444px\" \/><\/a><\/p>\n<p><a href=\"https:\/\/agora.xtec.cat\/esc-l-oreneta\/wp-content\/uploads\/usu2395\/2025\/11\/Imatge-de-WhatsApp-2025-11-12-a-les-11.57.42_edf9c041-1.jpg\"><img loading=\"lazy\" decoding=\"async\" class=\"alignnone size-large wp-image-4304\" src=\"https:\/\/agora.xtec.cat\/esc-l-oreneta\/wp-content\/uploads\/usu2395\/2025\/11\/Imatge-de-WhatsApp-2025-11-12-a-les-11.57.42_edf9c041-1-1024x768.jpg\" alt=\"\" width=\"1024\" height=\"768\" srcset=\"https:\/\/agora.xtec.cat\/esc-l-oreneta\/wp-content\/uploads\/usu2395\/2025\/11\/Imatge-de-WhatsApp-2025-11-12-a-les-11.57.42_edf9c041-1-1024x768.jpg 1024w, https:\/\/agora.xtec.cat\/esc-l-oreneta\/wp-content\/uploads\/usu2395\/2025\/11\/Imatge-de-WhatsApp-2025-11-12-a-les-11.57.42_edf9c041-1-300x225.jpg 300w, https:\/\/agora.xtec.cat\/esc-l-oreneta\/wp-content\/uploads\/usu2395\/2025\/11\/Imatge-de-WhatsApp-2025-11-12-a-les-11.57.42_edf9c041-1-768x576.jpg 768w, https:\/\/agora.xtec.cat\/esc-l-oreneta\/wp-content\/uploads\/usu2395\/2025\/11\/Imatge-de-WhatsApp-2025-11-12-a-les-11.57.42_edf9c041-1-1536x1152.jpg 1536w, https:\/\/agora.xtec.cat\/esc-l-oreneta\/wp-content\/uploads\/usu2395\/2025\/11\/Imatge-de-WhatsApp-2025-11-12-a-les-11.57.42_edf9c041-1-200x150.jpg 200w, https:\/\/agora.xtec.cat\/esc-l-oreneta\/wp-content\/uploads\/usu2395\/2025\/11\/Imatge-de-WhatsApp-2025-11-12-a-les-11.57.42_edf9c041-1.jpg 2048w\" sizes=\"auto, (max-width: 1024px) 100vw, 1024px\" \/><\/a><\/p>\n","protected":false},"excerpt":{"rendered":"<p>El passat dimecres 5 de novembre, els infants de Cicle Inicial van viure un dia ple d\u2019aprenentatges i emocions al Cim de les \u00c0ligues, a Sant Feliu de Codines.<br \/>\nEn arribar, els infants es van organitzar en grups intercicle\u00a0per comen\u00e7ar un itinerari pel bosc, on van&hellip;  <a href=\"https:\/\/agora.xtec.cat\/esc-l-oreneta\/general\/cicle-inicial-visita-el-cim-de-les-aligues\/\" title=\"Read Cicle inicial visita el Cim de les \u00e0ligues\">Llegeix m\u00e9s\u00bb<\/a><\/p>\n","protected":false},"author":45,"featured_media":4300,"comment_status":"open","ping_status":"open","sticky":false,"template":"","format":"standard","meta":{"_bbp_topic_count":0,"_bbp_reply_count":0,"_bbp_total_topic_count":0,"_bbp_total_reply_count":0,"_bbp_voice_count":0,"_bbp_anonymous_reply_count":0,"_bbp_topic_count_hidden":0,"_bbp_reply_count_hidden":0,"_bbp_forum_subforum_count":0,"footnotes":""},"categories":[10,11,1,4,5],"tags":[],"class_list":["post-4265","post","type-post","status-publish","format-standard","has-post-thumbnail","hentry","category-1r","category-2n","category-general","category-portada","category-primaria"],"post_mailing_queue_ids":[],"_links":{"self":[{"href":"https:\/\/agora.xtec.cat\/esc-l-oreneta\/wp-json\/wp\/v2\/posts\/4265","targetHints":{"allow":["GET"]}}],"collection":[{"href":"https:\/\/agora.xtec.cat\/esc-l-oreneta\/wp-json\/wp\/v2\/posts"}],"about":[{"href":"https:\/\/agora.xtec.cat\/esc-l-oreneta\/wp-json\/wp\/v2\/types\/post"}],"author":[{"embeddable":true,"href":"https:\/\/agora.xtec.cat\/esc-l-oreneta\/wp-json\/wp\/v2\/users\/45"}],"replies":[{"embeddable":true,"href":"https:\/\/agora.xtec.cat\/esc-l-oreneta\/wp-json\/wp\/v2\/comments?post=4265"}],"version-history":[{"count":6,"href":"https:\/\/agora.xtec.cat\/esc-l-oreneta\/wp-json\/wp\/v2\/posts\/4265\/revisions"}],"predecessor-version":[{"id":4308,"href":"https:\/\/agora.xtec.cat\/esc-l-oreneta\/wp-json\/wp\/v2\/posts\/4265\/revisions\/4308"}],"wp:featuredmedia":[{"embeddable":true,"href":"https:\/\/agora.xtec.cat\/esc-l-oreneta\/wp-json\/wp\/v2\/media\/4300"}],"wp:attachment":[{"href":"https:\/\/agora.xtec.cat\/esc-l-oreneta\/wp-json\/wp\/v2\/media?parent=4265"}],"wp:term":[{"taxonomy":"category","embeddable":true,"href":"https:\/\/agora.xtec.cat\/esc-l-oreneta\/wp-json\/wp\/v2\/categories?post=4265"},{"taxonomy":"post_tag","embeddable":true,"href":"https:\/\/agora.xtec.cat\/esc-l-oreneta\/wp-json\/wp\/v2\/tags?post=4265"}],"curies":[{"name":"wp","href":"https:\/\/api.w.org\/{rel}","templated":true}]}}