{"id":4192,"date":"2025-10-24T10:23:21","date_gmt":"2025-10-24T08:23:21","guid":{"rendered":"https:\/\/agora.xtec.cat\/esc-l-oreneta\/?p=4192"},"modified":"2025-11-08T13:32:28","modified_gmt":"2025-11-08T12:32:28","slug":"arriba-la-castanyada-i-halloween-i-ho-volem-celebrar","status":"publish","type":"post","link":"https:\/\/agora.xtec.cat\/esc-l-oreneta\/general\/arriba-la-castanyada-i-halloween-i-ho-volem-celebrar\/","title":{"rendered":"Arriba la Castanyada i Halloween i ho volem celebrar!"},"content":{"rendered":"<p><b>La Castanyada<\/b>\u00a0\u00e9s la primera festivitat del curs escolar amb l\u2019objectiu de promoure el coneixement de les tradicions i festes catalanes.<\/p>\n<p>\u00c9s dona el tret de sortida amb l\u2019exposici\u00f3 de\u00a0<strong>creacions amb fruits de tardor.<\/strong>\u00a0Una activitat pensada per fer a casa i gaudir en fam\u00edlia i posteriorment compartir a l\u2019escola!<\/p>\n<p>A<b>\u00a0educaci\u00f3 infantil, cicle inicia<\/b>l<b>\u00a0i 3r<\/b>\u00a0es celebra la castanyada amb activitats vinculades amb aquesta festivitat i \u00e9s de car\u00e0cter intern:\u00a0 ens visita la castanyera, mengem castanyes i\u00a0\u00a0fem danses internes.<\/p>\n<p>A\u00a0<b>cicle mitj\u00e0 i superior\u00a0\u00a0<\/b>es realitzen activitats\u00a0impulsades pels especialistes d\u2019angl\u00e8s amb la col\u00b7laboraci\u00f3 dels tutors\/es vinculades amb\u00a0 Halloween fomentant l\u2019impuls per l\u00b4\u00fas de la llengua.<\/p>\n<p><strong>L\u2019AFA<\/strong> fa front a les despesa econ\u00f2mica de les castanyes i \u00e9s qui prepara el t\u00fanel del terror i convida als infants i fam\u00edlies de la poblaci\u00f3 fora de l\u2019horari extraescolar.<\/p>\n<p>Gr\u00e0cies a les<strong> fam\u00edlies volunt\u00e0ries<\/strong> que faran possible la preparaci\u00f3 de les castanyes per poder recuperar la tradici\u00f3 de menjar-les a l&#8217;escola!<\/p>\n<p style=\"text-align: center;\">Compartim amb vosaltres l&#8217;infografia amb les informacions m\u00e9s rellevants:<\/p>\n<p style=\"text-align: center;\"><a href=\"https:\/\/agora.xtec.cat\/esc-l-oreneta\/wp-content\/uploads\/usu2395\/2025\/10\/Castaween.jpg\"><img loading=\"lazy\" decoding=\"async\" class=\"alignnone size-full wp-image-4193\" src=\"https:\/\/agora.xtec.cat\/esc-l-oreneta\/wp-content\/uploads\/usu2395\/2025\/10\/Castaween.jpg\" alt=\"\" width=\"384\" height=\"957\" srcset=\"https:\/\/agora.xtec.cat\/esc-l-oreneta\/wp-content\/uploads\/usu2395\/2025\/10\/Castaween.jpg 384w, https:\/\/agora.xtec.cat\/esc-l-oreneta\/wp-content\/uploads\/usu2395\/2025\/10\/Castaween-120x300.jpg 120w\" sizes=\"auto, (max-width: 384px) 100vw, 384px\" \/><\/a><\/p>\n","protected":false},"excerpt":{"rendered":"<p>La Castanyada\u00a0\u00e9s la primera festivitat del curs escolar amb l\u2019objectiu de promoure el coneixement de les tradicions i festes catalanes.<br \/>\n\u00c9s dona el tret de sortida amb l\u2019exposici\u00f3 de\u00a0creacions amb fruits de tardor.\u00a0Una activitat pensada per fer a casa i gaudir en fam\u00edlia i posteriorment compartir&hellip;  <a href=\"https:\/\/agora.xtec.cat\/esc-l-oreneta\/general\/arriba-la-castanyada-i-halloween-i-ho-volem-celebrar\/\" title=\"Read Arriba la Castanyada i Halloween i ho volem celebrar!\">Llegeix m\u00e9s\u00bb<\/a><\/p>\n","protected":false},"author":4,"featured_media":4193,"comment_status":"open","ping_status":"open","sticky":false,"template":"","format":"standard","meta":{"_bbp_topic_count":0,"_bbp_reply_count":0,"_bbp_total_topic_count":0,"_bbp_total_reply_count":0,"_bbp_voice_count":0,"_bbp_anonymous_reply_count":0,"_bbp_topic_count_hidden":0,"_bbp_reply_count_hidden":0,"_bbp_forum_subforum_count":0,"footnotes":""},"categories":[7,1,4],"tags":[],"class_list":["post-4192","post","type-post","status-publish","format-standard","has-post-thumbnail","hentry","category-afa","category-general","category-portada"],"post_mailing_queue_ids":[],"_links":{"self":[{"href":"https:\/\/agora.xtec.cat\/esc-l-oreneta\/wp-json\/wp\/v2\/posts\/4192","targetHints":{"allow":["GET"]}}],"collection":[{"href":"https:\/\/agora.xtec.cat\/esc-l-oreneta\/wp-json\/wp\/v2\/posts"}],"about":[{"href":"https:\/\/agora.xtec.cat\/esc-l-oreneta\/wp-json\/wp\/v2\/types\/post"}],"author":[{"embeddable":true,"href":"https:\/\/agora.xtec.cat\/esc-l-oreneta\/wp-json\/wp\/v2\/users\/4"}],"replies":[{"embeddable":true,"href":"https:\/\/agora.xtec.cat\/esc-l-oreneta\/wp-json\/wp\/v2\/comments?post=4192"}],"version-history":[{"count":3,"href":"https:\/\/agora.xtec.cat\/esc-l-oreneta\/wp-json\/wp\/v2\/posts\/4192\/revisions"}],"predecessor-version":[{"id":4197,"href":"https:\/\/agora.xtec.cat\/esc-l-oreneta\/wp-json\/wp\/v2\/posts\/4192\/revisions\/4197"}],"wp:featuredmedia":[{"embeddable":true,"href":"https:\/\/agora.xtec.cat\/esc-l-oreneta\/wp-json\/wp\/v2\/media\/4193"}],"wp:attachment":[{"href":"https:\/\/agora.xtec.cat\/esc-l-oreneta\/wp-json\/wp\/v2\/media?parent=4192"}],"wp:term":[{"taxonomy":"category","embeddable":true,"href":"https:\/\/agora.xtec.cat\/esc-l-oreneta\/wp-json\/wp\/v2\/categories?post=4192"},{"taxonomy":"post_tag","embeddable":true,"href":"https:\/\/agora.xtec.cat\/esc-l-oreneta\/wp-json\/wp\/v2\/tags?post=4192"}],"curies":[{"name":"wp","href":"https:\/\/api.w.org\/{rel}","templated":true}]}}