{"id":4106,"date":"2025-09-08T17:00:50","date_gmt":"2025-09-08T15:00:50","guid":{"rendered":"https:\/\/agora.xtec.cat\/esc-l-oreneta\/?p=4106"},"modified":"2025-09-06T14:38:36","modified_gmt":"2025-09-06T12:38:36","slug":"reunions-amb-families-inici-de-curs","status":"publish","type":"post","link":"https:\/\/agora.xtec.cat\/esc-l-oreneta\/general\/reunions-amb-families-inici-de-curs\/","title":{"rendered":"Reunions amb fam\u00edlies inici de curs"},"content":{"rendered":"<p>Benvolgudes fam\u00edlies,<\/p>\n<p>Comen\u00e7a un nou curs escolar i \u00e9s molt important que, des del primer dia, fam\u00edlia i escola caminem en la mateixa direcci\u00f3. El di\u00e0leg i col\u00b7laboraci\u00f3 entre nosaltres ha de ser permanent i cal que funcionem com un equip.<\/p>\n<p>La reuni\u00f3 d\u2019inici de curs \u00e9s la primera ocasi\u00f3 que tenim per reunir-nos amb vosaltres! \u00c9s important poder fer un bon primer contacte i establir un clima de col\u00b7laboraci\u00f3 entre tots i totes.<\/p>\n<p>Per tal d\u2019establir una bona relaci\u00f3 fam\u00edlia&amp;escola \u00e9s important que us obrim l\u2019escola. Que us fem part\u00edcips del que fem i us impliquem i estimulem a participar. Som un equip que treballem per un mateix objectiu, educar els infants en totes les seves vessants establint una relaci\u00f3 de confian\u00e7a i complicitat.<\/p>\n<p>Les reunions es convoquen per cicles en dies diferents i en horari de tarda per garantir una major assist\u00e8ncia. Seran presencials i farem una \u00fanica reuni\u00f3 per cicle.<\/p>\n<p>L\u2019AFA oferir\u00e0\u00a0<strong>servei de canguratge<\/strong>\u00a0per aquelles fam\u00edlies que ho necessiteu.<\/p>\n<ul>\n<li dir=\"ltr\"><strong>Fam\u00edlies\u00a0<\/strong><strong>s\u00f2cies<\/strong> de l\u2019AFA: Gratu\u00eft<\/li>\n<li dir=\"ltr\"><strong>Fam\u00edlies NO s\u00f2cies<\/strong>\u00a0de l\u2019AFA: 3\u20ac per infant.<br \/>\nSi encara no sou s\u00f2cies podeu pagar la quota de l\u2019AFA per tokApp o pagar l\u2019import del canguratge el mateix dia en efectiu o targeta.<\/li>\n<\/ul>\n<p><strong><em>Aquestes s\u00f3n les dates i horaris de les reunions establertes per cicles:<\/em><\/strong><\/p>\n<p style=\"text-align: center;\"><a href=\"https:\/\/agora.xtec.cat\/esc-l-oreneta\/wp-content\/uploads\/usu2395\/2025\/09\/Reunions-families.jpg\"><img loading=\"lazy\" decoding=\"async\" class=\"alignnone size-full wp-image-4107\" src=\"https:\/\/agora.xtec.cat\/esc-l-oreneta\/wp-content\/uploads\/usu2395\/2025\/09\/Reunions-families.jpg\" alt=\"\" width=\"812\" height=\"648\" srcset=\"https:\/\/agora.xtec.cat\/esc-l-oreneta\/wp-content\/uploads\/usu2395\/2025\/09\/Reunions-families.jpg 812w, https:\/\/agora.xtec.cat\/esc-l-oreneta\/wp-content\/uploads\/usu2395\/2025\/09\/Reunions-families-300x239.jpg 300w, https:\/\/agora.xtec.cat\/esc-l-oreneta\/wp-content\/uploads\/usu2395\/2025\/09\/Reunions-families-768x613.jpg 768w\" sizes=\"auto, (max-width: 812px) 100vw, 812px\" \/><\/a><\/p>\n","protected":false},"excerpt":{"rendered":"<p>Benvolgudes fam\u00edlies,<br \/>\nComen\u00e7a un nou curs escolar i \u00e9s molt important que, des del primer dia, fam\u00edlia i escola caminem en la mateixa direcci\u00f3. El di\u00e0leg i col\u00b7laboraci\u00f3 entre nosaltres ha de ser permanent i cal que funcionem com un equip.<br \/>\nLa reuni\u00f3 d\u2019inici de curs \u00e9s&hellip;  <a href=\"https:\/\/agora.xtec.cat\/esc-l-oreneta\/general\/reunions-amb-families-inici-de-curs\/\" title=\"Read Reunions amb fam\u00edlies inici de curs\">Llegeix m\u00e9s\u00bb<\/a><\/p>\n","protected":false},"author":4,"featured_media":4107,"comment_status":"open","ping_status":"open","sticky":false,"template":"","format":"standard","meta":{"_bbp_topic_count":0,"_bbp_reply_count":0,"_bbp_total_topic_count":0,"_bbp_total_reply_count":0,"_bbp_voice_count":0,"_bbp_anonymous_reply_count":0,"_bbp_topic_count_hidden":0,"_bbp_reply_count_hidden":0,"_bbp_forum_subforum_count":0,"footnotes":""},"categories":[7,1,4],"tags":[],"class_list":["post-4106","post","type-post","status-publish","format-standard","has-post-thumbnail","hentry","category-afa","category-general","category-portada"],"post_mailing_queue_ids":[],"_links":{"self":[{"href":"https:\/\/agora.xtec.cat\/esc-l-oreneta\/wp-json\/wp\/v2\/posts\/4106","targetHints":{"allow":["GET"]}}],"collection":[{"href":"https:\/\/agora.xtec.cat\/esc-l-oreneta\/wp-json\/wp\/v2\/posts"}],"about":[{"href":"https:\/\/agora.xtec.cat\/esc-l-oreneta\/wp-json\/wp\/v2\/types\/post"}],"author":[{"embeddable":true,"href":"https:\/\/agora.xtec.cat\/esc-l-oreneta\/wp-json\/wp\/v2\/users\/4"}],"replies":[{"embeddable":true,"href":"https:\/\/agora.xtec.cat\/esc-l-oreneta\/wp-json\/wp\/v2\/comments?post=4106"}],"version-history":[{"count":1,"href":"https:\/\/agora.xtec.cat\/esc-l-oreneta\/wp-json\/wp\/v2\/posts\/4106\/revisions"}],"predecessor-version":[{"id":4108,"href":"https:\/\/agora.xtec.cat\/esc-l-oreneta\/wp-json\/wp\/v2\/posts\/4106\/revisions\/4108"}],"wp:featuredmedia":[{"embeddable":true,"href":"https:\/\/agora.xtec.cat\/esc-l-oreneta\/wp-json\/wp\/v2\/media\/4107"}],"wp:attachment":[{"href":"https:\/\/agora.xtec.cat\/esc-l-oreneta\/wp-json\/wp\/v2\/media?parent=4106"}],"wp:term":[{"taxonomy":"category","embeddable":true,"href":"https:\/\/agora.xtec.cat\/esc-l-oreneta\/wp-json\/wp\/v2\/categories?post=4106"},{"taxonomy":"post_tag","embeddable":true,"href":"https:\/\/agora.xtec.cat\/esc-l-oreneta\/wp-json\/wp\/v2\/tags?post=4106"}],"curies":[{"name":"wp","href":"https:\/\/api.w.org\/{rel}","templated":true}]}}