{"id":3807,"date":"2025-06-12T14:09:35","date_gmt":"2025-06-12T12:09:35","guid":{"rendered":"https:\/\/agora.xtec.cat\/esc-l-oreneta\/?p=3807"},"modified":"2025-06-13T14:16:48","modified_gmt":"2025-06-13T12:16:48","slug":"creem-la-nostra-propia-canco-a-laula-de-4td","status":"publish","type":"post","link":"https:\/\/agora.xtec.cat\/esc-l-oreneta\/general\/creem-la-nostra-propia-canco-a-laula-de-4td\/","title":{"rendered":"Creem la nostra pr\u00f2pia can\u00e7\u00f3 a l&#8217;aula de 4tD!"},"content":{"rendered":"<p style=\"text-align: justify;\"><span style=\"font-weight: 400;\">Una de les activitats de final de curs que hem fet a la classe de 4tD ha estat <\/span>crear la nostra pr\u00f2pia can\u00e7\u00f3 personalitzada, una can\u00e7\u00f3 molt especial perqu\u00e8 parla de nosaltres.<\/p>\n<p style=\"text-align: justify;\">Aquesta can\u00e7\u00f3 combina parts on es parla del grup en general i parts on es parla\u00a0 de cada infant. Per poder arribar a aquesta producci\u00f3 final, hem seguit dues fases de treball molt participatives:<\/p>\n<h3 style=\"text-align: justify;\"><b>Primera part: frases per a cada infant<\/b><\/h3>\n<p style=\"text-align: justify;\"><span style=\"font-weight: 400;\">He<\/span><span style=\"font-weight: 400;\">m dividit la classe per grups de taula (cinc en total) i <\/span>cada taula s\u2019ha especialitzat en parlar de cinc alumnes d\u2019una altra taula<span style=\"font-weight: 400;\">. Aix\u00f2 ha fet que cada infant tingui <\/span>una frase personalitzada<span style=\"font-weight: 400;\">, pensada i escrita per cinc companys i companyes de l\u2019aula. Han estat frases\u00a0 que reflecteixen com es veu cada alumne des de la mirada dels altres.<\/span><\/p>\n<p style=\"text-align: justify;\"><span style=\"font-weight: 400;\">Aquesta part ha estat sorpresa, ja que cap infant de l\u2019aula ha escoltat el que deien d&#8217;ell o d&#8217;ella fins que la can\u00e7\u00f3 ha estat acabada i l&#8217;hem escoltada tots junts i juntes!<\/span><\/p>\n\n\t\t<style type=\"text\/css\">\n\t\t\t#gallery-1 {\n\t\t\t\tmargin: auto;\n\t\t\t}\n\t\t\t#gallery-1 .gallery-item {\n\t\t\t\tfloat: left;\n\t\t\t\tmargin-top: 10px;\n\t\t\t\ttext-align: center;\n\t\t\t\twidth: 33%;\n\t\t\t}\n\t\t\t#gallery-1 img {\n\t\t\t\tborder: 2px solid #cfcfcf;\n\t\t\t}\n\t\t\t#gallery-1 .gallery-caption {\n\t\t\t\tmargin-left: 0;\n\t\t\t}\n\t\t\t\/* see gallery_shortcode() in wp-includes\/media.php *\/\n\t\t<\/style>\n\t\t<div id='gallery-1' class='gallery galleryid-3807 gallery-columns-3 gallery-size-medium'><dl class='gallery-item'>\n\t\t\t<dt class='gallery-icon landscape'>\n\t\t\t\t<a href='https:\/\/agora.xtec.cat\/esc-l-oreneta\/general\/creem-la-nostra-propia-canco-a-laula-de-4td\/attachment\/imatge-de-whatsapp-2025-06-12-a-les-13-54-33_ee63bbef\/'><img loading=\"lazy\" decoding=\"async\" width=\"300\" height=\"169\" src=\"https:\/\/agora.xtec.cat\/esc-l-oreneta\/wp-content\/uploads\/usu2395\/2025\/06\/Imatge-de-WhatsApp-2025-06-12-a-les-13.54.33_ee63bbef-300x169.jpg\" class=\"attachment-medium size-medium\" alt=\"\" srcset=\"https:\/\/agora.xtec.cat\/esc-l-oreneta\/wp-content\/uploads\/usu2395\/2025\/06\/Imatge-de-WhatsApp-2025-06-12-a-les-13.54.33_ee63bbef-300x169.jpg 300w, https:\/\/agora.xtec.cat\/esc-l-oreneta\/wp-content\/uploads\/usu2395\/2025\/06\/Imatge-de-WhatsApp-2025-06-12-a-les-13.54.33_ee63bbef-1024x575.jpg 1024w, https:\/\/agora.xtec.cat\/esc-l-oreneta\/wp-content\/uploads\/usu2395\/2025\/06\/Imatge-de-WhatsApp-2025-06-12-a-les-13.54.33_ee63bbef-768x432.jpg 768w, https:\/\/agora.xtec.cat\/esc-l-oreneta\/wp-content\/uploads\/usu2395\/2025\/06\/Imatge-de-WhatsApp-2025-06-12-a-les-13.54.33_ee63bbef-1536x863.jpg 1536w, https:\/\/agora.xtec.cat\/esc-l-oreneta\/wp-content\/uploads\/usu2395\/2025\/06\/Imatge-de-WhatsApp-2025-06-12-a-les-13.54.33_ee63bbef.jpg 1600w\" sizes=\"auto, (max-width: 300px) 100vw, 300px\" \/><\/a>\n\t\t\t<\/dt><\/dl><dl class='gallery-item'>\n\t\t\t<dt class='gallery-icon landscape'>\n\t\t\t\t<a href='https:\/\/agora.xtec.cat\/esc-l-oreneta\/general\/creem-la-nostra-propia-canco-a-laula-de-4td\/attachment\/imatge-de-whatsapp-2025-06-12-a-les-13-54-33_928421ac\/'><img loading=\"lazy\" decoding=\"async\" width=\"300\" height=\"169\" src=\"https:\/\/agora.xtec.cat\/esc-l-oreneta\/wp-content\/uploads\/usu2395\/2025\/06\/Imatge-de-WhatsApp-2025-06-12-a-les-13.54.33_928421ac-300x169.jpg\" class=\"attachment-medium size-medium\" alt=\"\" srcset=\"https:\/\/agora.xtec.cat\/esc-l-oreneta\/wp-content\/uploads\/usu2395\/2025\/06\/Imatge-de-WhatsApp-2025-06-12-a-les-13.54.33_928421ac-300x169.jpg 300w, https:\/\/agora.xtec.cat\/esc-l-oreneta\/wp-content\/uploads\/usu2395\/2025\/06\/Imatge-de-WhatsApp-2025-06-12-a-les-13.54.33_928421ac-1024x575.jpg 1024w, https:\/\/agora.xtec.cat\/esc-l-oreneta\/wp-content\/uploads\/usu2395\/2025\/06\/Imatge-de-WhatsApp-2025-06-12-a-les-13.54.33_928421ac-768x432.jpg 768w, https:\/\/agora.xtec.cat\/esc-l-oreneta\/wp-content\/uploads\/usu2395\/2025\/06\/Imatge-de-WhatsApp-2025-06-12-a-les-13.54.33_928421ac-1536x863.jpg 1536w, https:\/\/agora.xtec.cat\/esc-l-oreneta\/wp-content\/uploads\/usu2395\/2025\/06\/Imatge-de-WhatsApp-2025-06-12-a-les-13.54.33_928421ac.jpg 1600w\" sizes=\"auto, (max-width: 300px) 100vw, 300px\" \/><\/a>\n\t\t\t<\/dt><\/dl><dl class='gallery-item'>\n\t\t\t<dt class='gallery-icon landscape'>\n\t\t\t\t<a href='https:\/\/agora.xtec.cat\/esc-l-oreneta\/general\/creem-la-nostra-propia-canco-a-laula-de-4td\/attachment\/imatge-de-whatsapp-2025-06-12-a-les-13-54-33_bdec8f44\/'><img loading=\"lazy\" decoding=\"async\" width=\"300\" height=\"169\" src=\"https:\/\/agora.xtec.cat\/esc-l-oreneta\/wp-content\/uploads\/usu2395\/2025\/06\/Imatge-de-WhatsApp-2025-06-12-a-les-13.54.33_bdec8f44-300x169.jpg\" class=\"attachment-medium size-medium\" alt=\"\" srcset=\"https:\/\/agora.xtec.cat\/esc-l-oreneta\/wp-content\/uploads\/usu2395\/2025\/06\/Imatge-de-WhatsApp-2025-06-12-a-les-13.54.33_bdec8f44-300x169.jpg 300w, https:\/\/agora.xtec.cat\/esc-l-oreneta\/wp-content\/uploads\/usu2395\/2025\/06\/Imatge-de-WhatsApp-2025-06-12-a-les-13.54.33_bdec8f44-1024x575.jpg 1024w, https:\/\/agora.xtec.cat\/esc-l-oreneta\/wp-content\/uploads\/usu2395\/2025\/06\/Imatge-de-WhatsApp-2025-06-12-a-les-13.54.33_bdec8f44-768x432.jpg 768w, https:\/\/agora.xtec.cat\/esc-l-oreneta\/wp-content\/uploads\/usu2395\/2025\/06\/Imatge-de-WhatsApp-2025-06-12-a-les-13.54.33_bdec8f44-1536x863.jpg 1536w, https:\/\/agora.xtec.cat\/esc-l-oreneta\/wp-content\/uploads\/usu2395\/2025\/06\/Imatge-de-WhatsApp-2025-06-12-a-les-13.54.33_bdec8f44.jpg 1600w\" sizes=\"auto, (max-width: 300px) 100vw, 300px\" \/><\/a>\n\t\t\t<\/dt><\/dl><br style=\"clear: both\" \/><dl class='gallery-item'>\n\t\t\t<dt class='gallery-icon landscape'>\n\t\t\t\t<a href='https:\/\/agora.xtec.cat\/esc-l-oreneta\/general\/creem-la-nostra-propia-canco-a-laula-de-4td\/attachment\/imatge-de-whatsapp-2025-06-12-a-les-13-54-33_9c013754\/'><img loading=\"lazy\" decoding=\"async\" width=\"300\" height=\"169\" src=\"https:\/\/agora.xtec.cat\/esc-l-oreneta\/wp-content\/uploads\/usu2395\/2025\/06\/Imatge-de-WhatsApp-2025-06-12-a-les-13.54.33_9c013754-300x169.jpg\" class=\"attachment-medium size-medium\" alt=\"\" srcset=\"https:\/\/agora.xtec.cat\/esc-l-oreneta\/wp-content\/uploads\/usu2395\/2025\/06\/Imatge-de-WhatsApp-2025-06-12-a-les-13.54.33_9c013754-300x169.jpg 300w, https:\/\/agora.xtec.cat\/esc-l-oreneta\/wp-content\/uploads\/usu2395\/2025\/06\/Imatge-de-WhatsApp-2025-06-12-a-les-13.54.33_9c013754-1024x575.jpg 1024w, https:\/\/agora.xtec.cat\/esc-l-oreneta\/wp-content\/uploads\/usu2395\/2025\/06\/Imatge-de-WhatsApp-2025-06-12-a-les-13.54.33_9c013754-768x432.jpg 768w, https:\/\/agora.xtec.cat\/esc-l-oreneta\/wp-content\/uploads\/usu2395\/2025\/06\/Imatge-de-WhatsApp-2025-06-12-a-les-13.54.33_9c013754-1536x863.jpg 1536w, https:\/\/agora.xtec.cat\/esc-l-oreneta\/wp-content\/uploads\/usu2395\/2025\/06\/Imatge-de-WhatsApp-2025-06-12-a-les-13.54.33_9c013754.jpg 1600w\" sizes=\"auto, (max-width: 300px) 100vw, 300px\" \/><\/a>\n\t\t\t<\/dt><\/dl><dl class='gallery-item'>\n\t\t\t<dt class='gallery-icon landscape'>\n\t\t\t\t<a href='https:\/\/agora.xtec.cat\/esc-l-oreneta\/general\/creem-la-nostra-propia-canco-a-laula-de-4td\/attachment\/imatge-de-whatsapp-2025-06-12-a-les-13-54-32_b5293277\/'><img loading=\"lazy\" decoding=\"async\" width=\"300\" height=\"169\" src=\"https:\/\/agora.xtec.cat\/esc-l-oreneta\/wp-content\/uploads\/usu2395\/2025\/06\/Imatge-de-WhatsApp-2025-06-12-a-les-13.54.32_b5293277-300x169.jpg\" class=\"attachment-medium size-medium\" alt=\"\" srcset=\"https:\/\/agora.xtec.cat\/esc-l-oreneta\/wp-content\/uploads\/usu2395\/2025\/06\/Imatge-de-WhatsApp-2025-06-12-a-les-13.54.32_b5293277-300x169.jpg 300w, https:\/\/agora.xtec.cat\/esc-l-oreneta\/wp-content\/uploads\/usu2395\/2025\/06\/Imatge-de-WhatsApp-2025-06-12-a-les-13.54.32_b5293277-1024x575.jpg 1024w, https:\/\/agora.xtec.cat\/esc-l-oreneta\/wp-content\/uploads\/usu2395\/2025\/06\/Imatge-de-WhatsApp-2025-06-12-a-les-13.54.32_b5293277-768x432.jpg 768w, https:\/\/agora.xtec.cat\/esc-l-oreneta\/wp-content\/uploads\/usu2395\/2025\/06\/Imatge-de-WhatsApp-2025-06-12-a-les-13.54.32_b5293277-1536x863.jpg 1536w, https:\/\/agora.xtec.cat\/esc-l-oreneta\/wp-content\/uploads\/usu2395\/2025\/06\/Imatge-de-WhatsApp-2025-06-12-a-les-13.54.32_b5293277.jpg 1600w\" sizes=\"auto, (max-width: 300px) 100vw, 300px\" \/><\/a>\n\t\t\t<\/dt><\/dl><dl class='gallery-item'>\n\t\t\t<dt class='gallery-icon landscape'>\n\t\t\t\t<a href='https:\/\/agora.xtec.cat\/esc-l-oreneta\/general\/creem-la-nostra-propia-canco-a-laula-de-4td\/attachment\/imatge-de-whatsapp-2025-06-12-a-les-13-54-32_a8e455c7\/'><img loading=\"lazy\" decoding=\"async\" width=\"300\" height=\"169\" src=\"https:\/\/agora.xtec.cat\/esc-l-oreneta\/wp-content\/uploads\/usu2395\/2025\/06\/Imatge-de-WhatsApp-2025-06-12-a-les-13.54.32_a8e455c7-300x169.jpg\" class=\"attachment-medium size-medium\" alt=\"\" srcset=\"https:\/\/agora.xtec.cat\/esc-l-oreneta\/wp-content\/uploads\/usu2395\/2025\/06\/Imatge-de-WhatsApp-2025-06-12-a-les-13.54.32_a8e455c7-300x169.jpg 300w, https:\/\/agora.xtec.cat\/esc-l-oreneta\/wp-content\/uploads\/usu2395\/2025\/06\/Imatge-de-WhatsApp-2025-06-12-a-les-13.54.32_a8e455c7-1024x575.jpg 1024w, https:\/\/agora.xtec.cat\/esc-l-oreneta\/wp-content\/uploads\/usu2395\/2025\/06\/Imatge-de-WhatsApp-2025-06-12-a-les-13.54.32_a8e455c7-768x432.jpg 768w, https:\/\/agora.xtec.cat\/esc-l-oreneta\/wp-content\/uploads\/usu2395\/2025\/06\/Imatge-de-WhatsApp-2025-06-12-a-les-13.54.32_a8e455c7-1536x863.jpg 1536w, https:\/\/agora.xtec.cat\/esc-l-oreneta\/wp-content\/uploads\/usu2395\/2025\/06\/Imatge-de-WhatsApp-2025-06-12-a-les-13.54.32_a8e455c7.jpg 1600w\" sizes=\"auto, (max-width: 300px) 100vw, 300px\" \/><\/a>\n\t\t\t<\/dt><\/dl><br style=\"clear: both\" \/><dl class='gallery-item'>\n\t\t\t<dt class='gallery-icon landscape'>\n\t\t\t\t<a href='https:\/\/agora.xtec.cat\/esc-l-oreneta\/general\/creem-la-nostra-propia-canco-a-laula-de-4td\/attachment\/imatge-de-whatsapp-2025-06-12-a-les-13-54-32_2f0f562c\/'><img loading=\"lazy\" decoding=\"async\" width=\"300\" height=\"169\" src=\"https:\/\/agora.xtec.cat\/esc-l-oreneta\/wp-content\/uploads\/usu2395\/2025\/06\/Imatge-de-WhatsApp-2025-06-12-a-les-13.54.32_2f0f562c-300x169.jpg\" class=\"attachment-medium size-medium\" alt=\"\" srcset=\"https:\/\/agora.xtec.cat\/esc-l-oreneta\/wp-content\/uploads\/usu2395\/2025\/06\/Imatge-de-WhatsApp-2025-06-12-a-les-13.54.32_2f0f562c-300x169.jpg 300w, https:\/\/agora.xtec.cat\/esc-l-oreneta\/wp-content\/uploads\/usu2395\/2025\/06\/Imatge-de-WhatsApp-2025-06-12-a-les-13.54.32_2f0f562c-1024x575.jpg 1024w, https:\/\/agora.xtec.cat\/esc-l-oreneta\/wp-content\/uploads\/usu2395\/2025\/06\/Imatge-de-WhatsApp-2025-06-12-a-les-13.54.32_2f0f562c-768x432.jpg 768w, https:\/\/agora.xtec.cat\/esc-l-oreneta\/wp-content\/uploads\/usu2395\/2025\/06\/Imatge-de-WhatsApp-2025-06-12-a-les-13.54.32_2f0f562c-1536x863.jpg 1536w, https:\/\/agora.xtec.cat\/esc-l-oreneta\/wp-content\/uploads\/usu2395\/2025\/06\/Imatge-de-WhatsApp-2025-06-12-a-les-13.54.32_2f0f562c.jpg 1600w\" sizes=\"auto, (max-width: 300px) 100vw, 300px\" \/><\/a>\n\t\t\t<\/dt><\/dl><dl class='gallery-item'>\n\t\t\t<dt class='gallery-icon landscape'>\n\t\t\t\t<a href='https:\/\/agora.xtec.cat\/esc-l-oreneta\/general\/creem-la-nostra-propia-canco-a-laula-de-4td\/attachment\/sense-titol-2\/'><img loading=\"lazy\" decoding=\"async\" width=\"300\" height=\"230\" src=\"https:\/\/agora.xtec.cat\/esc-l-oreneta\/wp-content\/uploads\/usu2395\/2025\/06\/Sense-titol-300x230.jpg\" class=\"attachment-medium size-medium\" alt=\"\" srcset=\"https:\/\/agora.xtec.cat\/esc-l-oreneta\/wp-content\/uploads\/usu2395\/2025\/06\/Sense-titol-300x230.jpg 300w, https:\/\/agora.xtec.cat\/esc-l-oreneta\/wp-content\/uploads\/usu2395\/2025\/06\/Sense-titol.jpg 456w\" sizes=\"auto, (max-width: 300px) 100vw, 300px\" \/><\/a>\n\t\t\t<\/dt><\/dl>\n\t\t\t<br style='clear: both' \/>\n\t\t<\/div>\n\n<p>&nbsp;<\/p>\n<h3 style=\"text-align: justify;\"><b>Segona part: frases sobre el grup classe<\/b><\/h3>\n<p style=\"text-align: justify;\"><span style=\"font-weight: 400;\">Per fer aquesta part, <\/span>cada infant ha pensat individualment diverses frases<span style=\"font-weight: 400;\"> sobre an\u00e8cdotes, moments del dia a dia, activitats fetes o aspectes que ens defineixen com a grup. Despr\u00e9s, <\/span>hem fet una posada en com\u00fa amb totes les idees<span style=\"font-weight: 400;\"> i <\/span>hem triat aquelles que m\u00e9s ens han agradat<span style=\"font-weight: 400;\"> i que volem que surtin a la can\u00e7\u00f3.<\/span><\/p>\n<p style=\"text-align: justify;\"><span style=\"font-weight: 400;\">Ha estat <\/span>una activitat molt vivencial<span style=\"font-weight: 400;\">, que ens ha perm\u00e8s expressar-nos, escoltar-nos i recordar moments compartits. <\/span>Als infants els ha agradat molt fer-la<span style=\"font-weight: 400;\"> i ha estat una manera ben especial d\u2019acomiadar el curs.<\/span><\/p>\n<p style=\"text-align: justify;\"><span style=\"font-weight: 400;\">\ud83c\udfb6 <span style=\"font-size: 14pt;\"><strong>A continuaci\u00f3 podeu escoltar i llegir la lletra de la can\u00e7\u00f3! <\/strong><\/span><\/span><\/p>\n<p style=\"text-align: justify;\"><span style=\"font-weight: 400;\">Qu\u00e8 us sembla? Esperem que us agradi, ja que els nens i nenes de 4tD l&#8217;han fet amb moltes ganes i il\u00b7lusi\u00f3!<\/span><\/p>\n<!--[if lt IE 9]><script>document.createElement('audio');<\/script><![endif]-->\n<audio class=\"wp-audio-shortcode\" id=\"audio-3807-1\" preload=\"none\" style=\"width: 100%;\" controls=\"controls\"><source type=\"audio\/mpeg\" src=\"https:\/\/agora.xtec.cat\/esc-l-oreneta\/wp-content\/uploads\/usu2395\/2025\/06\/CANCO-DE-COMIAT-DE-4TD.mp3?_=1\" \/><a href=\"https:\/\/agora.xtec.cat\/esc-l-oreneta\/wp-content\/uploads\/usu2395\/2025\/06\/CANCO-DE-COMIAT-DE-4TD.mp3\">https:\/\/agora.xtec.cat\/esc-l-oreneta\/wp-content\/uploads\/usu2395\/2025\/06\/CANCO-DE-COMIAT-DE-4TD.mp3<\/a><\/audio>\n<p style=\"text-align: center;\"><span style=\"font-weight: 400; font-size: 8pt;\">Som els chiwinis de 4tD i amb aquesta can\u00e7\u00f3 direm com som:<\/span><\/p>\n<p style=\"text-align: center;\"><span style=\"font-weight: 400; font-size: 8pt;\">Som molt actius i sempre aconseguim els nostres objectius.<\/span><\/p>\n<p>&nbsp;<\/p>\n<p style=\"text-align: center;\"><span style=\"font-weight: 400; font-size: 8pt;\">Amb l\u2019Ester hem apr\u00e8s des de tercer,<\/span><\/p>\n<p style=\"text-align: center;\"><span style=\"font-weight: 400; font-size: 8pt;\">riem, juguem, i entre tots i totes ens ajudem.<\/span><\/p>\n<p style=\"text-align: center;\"><span style=\"font-weight: 400; font-size: 8pt;\">L\u2019Alma crea danses i dibuixos genials,<\/span><\/p>\n<p style=\"text-align: center;\"><span style=\"font-weight: 400; font-size: 8pt;\">i juga tant als patis com als festivals.<\/span><\/p>\n<p style=\"text-align: center;\"><span style=\"font-weight: 400; font-size: 8pt;\">La Carmen \u00e9s graciosa amb les seves bromes<\/span><\/p>\n<p style=\"text-align: center;\"><span style=\"font-weight: 400; font-size: 8pt;\">i quan estem tristos, ens sap animar.<\/span><\/p>\n<p style=\"text-align: center;\"><span style=\"font-weight: 400; font-size: 8pt;\">El Noah \u00e9s molt divertit i juga amb tots els amics.<\/span><\/p>\n<p style=\"text-align: center;\"><span style=\"font-weight: 400; font-size: 8pt;\">La Mari li agrada molt ballar i quan riu no pot parar.<\/span><\/p>\n<p style=\"text-align: center;\"><span style=\"font-weight: 400; font-size: 8pt;\">L\u2019Eiden dibuixa i juga a futbol,<\/span><\/p>\n<p style=\"text-align: center;\"><span style=\"font-weight: 400; font-size: 8pt;\">i no pensa parar fins marcar molts gols.<\/span><\/p>\n<p style=\"text-align: center;\"><span style=\"font-weight: 400; font-size: 8pt;\">Tots i totes mica en mica superant la vergonya,<\/span><\/p>\n<p style=\"text-align: center;\"><span style=\"font-weight: 400; font-size: 8pt;\">no tenim por a res.<\/span><\/p>\n<p style=\"text-align: center;\"><span style=\"font-weight: 400; font-size: 8pt;\">El Ryan \u00e9s tan graci\u00f3s, bromista i bon ballar\u00ed<\/span><\/p>\n<p style=\"text-align: center;\"><span style=\"font-weight: 400; font-size: 8pt;\">que ens anima a tots cada mat\u00ed.<\/span><\/p>\n<p style=\"text-align: center;\"><span style=\"font-weight: 400; font-size: 8pt;\">La Kisberlyn juga com una estrella<\/span><\/p>\n<p style=\"text-align: center;\"><span style=\"font-weight: 400; font-size: 8pt;\">de b\u00e0squet i el seu cor est\u00e0 ple d\u2019emoci\u00f3 i amor.<\/span><\/p>\n<p style=\"text-align: center;\"><span style=\"font-weight: 400; font-size: 8pt;\">Una nena que es diu Nihad \u00e9s tan trapella<\/span><\/p>\n<p style=\"text-align: center;\"><span style=\"font-weight: 400; font-size: 8pt;\">que sempre fa riure als companys i companyes.<\/span><\/p>\n<p style=\"text-align: center;\"><span style=\"font-weight: 400; font-size: 8pt;\">Canta \u00f2pera amb emoci\u00f3 i entonaci\u00f3.<\/span><\/p>\n<p style=\"text-align: center;\"><span style=\"font-weight: 400; font-size: 8pt;\">L\u2019Hugo \u00e9s llest i molt juganer,<\/span><\/p>\n<p style=\"text-align: center;\"><span style=\"font-weight: 400; font-size: 8pt;\">respon en un minut, i ho fa b\u00e9.<\/span><\/p>\n<p style=\"text-align: center;\"><span style=\"font-weight: 400; font-size: 8pt;\">El Juan \u00e9s molt graci\u00f3s, sempre ens fa riure<\/span><\/p>\n<p style=\"text-align: center;\"><span style=\"font-weight: 400; font-size: 8pt;\">amb el cap i amb el cor.<\/span><\/p>\n<p style=\"text-align: center;\"><span style=\"font-weight: 400; font-size: 8pt;\">Fa dos anys no ens coneixiem\u00a0<\/span><\/p>\n<p style=\"text-align: center;\"><span style=\"font-weight: 400; font-size: 8pt;\">i ara som com una fam\u00edlia.<\/span><\/p>\n<p style=\"text-align: center;\"><span style=\"font-weight: 400; font-size: 8pt;\">A la classe de 4tD estem en el mateix espai\u00a0<\/span><\/p>\n<p style=\"text-align: center;\"><span style=\"font-weight: 400; font-size: 8pt;\">des de principi de tercer.<\/span><\/p>\n<p style=\"text-align: center;\"><span style=\"font-weight: 400; font-size: 8pt;\">La Luc\u00eda amb la seva paci\u00e8ncia i valentia,<\/span><\/p>\n<p style=\"text-align: center;\"><span style=\"font-weight: 400; font-size: 8pt;\">ens ajuda cada dia,<\/span><\/p>\n<p style=\"text-align: center;\"><span style=\"font-weight: 400; font-size: 8pt;\">i fa de delantera a la seva manera.<\/span><\/p>\n<p style=\"text-align: center;\"><span style=\"font-weight: 400; font-size: 8pt;\">La Janis fa gimn\u00e0s amb energia,<\/span><\/p>\n<p style=\"text-align: center;\"><span style=\"font-weight: 400; font-size: 8pt;\">i en totes les mat\u00e8ries brilla nit i dia.<\/span><\/p>\n<p style=\"text-align: center;\"><span style=\"font-weight: 400; font-size: 8pt;\">El Francisco, amb el seu somriure contagi\u00f3s,<\/span><\/p>\n<p style=\"text-align: center;\"><span style=\"font-weight: 400; font-size: 8pt;\">ens ajuda a ser millors.<\/span><\/p>\n<p>&nbsp;<\/p>\n<p style=\"text-align: center;\"><span style=\"font-weight: 400; font-size: 8pt;\">L\u2019Indalecio troba solucions brillants,<\/span><\/p>\n<p style=\"text-align: center;\"><span style=\"font-weight: 400; font-size: 8pt;\">amb les equacions va sempre endavant.<\/span><\/p>\n<p style=\"text-align: center;\"><span style=\"font-weight: 400; font-size: 8pt;\">La Roc\u00edo sempre activa i divertida,<\/span><\/p>\n<p style=\"text-align: center;\"><span style=\"font-weight: 400; font-size: 8pt;\">mai se li acaba la bateria.<\/span><\/p>\n<p style=\"text-align: center;\"><span style=\"font-weight: 400; font-size: 8pt;\">La Sara \u00e9s portera de veritat,<\/span><\/p>\n<p style=\"text-align: center;\"><span style=\"font-weight: 400; font-size: 8pt;\">i para gols amb gran velocitat!<\/span><\/p>\n<p style=\"text-align: center;\"><span style=\"font-weight: 400; font-size: 8pt;\">La Firdaws \u00e9s molt respectuosa, amable i valuosa,<\/span><\/p>\n<p style=\"text-align: center;\"><span style=\"font-weight: 400; font-size: 8pt;\">i amb esfor\u00e7 sempre ens ajuda a ser millors.<\/span><\/p>\n<p style=\"text-align: center;\"><span style=\"font-weight: 400; font-size: 8pt;\">L\u2019\u00c0lex\u00a0 tots els matins es posa a les escales<\/span><\/p>\n<p style=\"text-align: center;\"><span style=\"font-weight: 400; font-size: 8pt;\">per donar-nos moltes abra\u00e7ades.<\/span><\/p>\n<p style=\"text-align: center;\"><span style=\"font-weight: 400; font-size: 8pt;\">El Sergio \u00e9s molt bon amic,<\/span><\/p>\n<p style=\"text-align: center;\"><span style=\"font-weight: 400; font-size: 8pt;\">una mica t\u00edmid per\u00f2 divertit.<\/span><\/p>\n<p style=\"text-align: center;\"><span style=\"font-weight: 400; font-size: 8pt;\">El Yahya fa karate amb gran passi\u00f3,<\/span><\/p>\n<p style=\"text-align: center;\"><span style=\"font-weight: 400; font-size: 8pt;\">li encanten els avions, \u00e9s tot emoci\u00f3.<\/span><\/p>\n<p style=\"text-align: center;\"><span style=\"font-weight: 400; font-size: 8pt;\">Dos anys compartint rialles i jocs,<\/span><\/p>\n<p style=\"text-align: center;\"><span style=\"font-weight: 400; font-size: 8pt;\">A la classe de 4tD estem en el mateix espai<\/span><\/p>\n<p style=\"text-align: center;\"><span style=\"font-weight: 400; font-size: 8pt;\">des de principi de 3r.<\/span><\/p>\n<p style=\"text-align: center;\"><span style=\"font-weight: 400; font-size: 8pt;\">Som els Chiwinis de l\u2019Ester i cada dia<\/span><\/p>\n<p style=\"text-align: center;\"><span style=\"font-weight: 400; font-size: 8pt;\">llegim 15 minuts o m\u00e9s.<\/span><\/p>\n<p style=\"text-align: center;\"><span style=\"font-weight: 400; font-size: 8pt;\">Som la classe de 4tD,<\/span><\/p>\n<p style=\"text-align: center;\"><span style=\"font-weight: 400; font-size: 8pt;\">i no ens volem separar, volem continuar!<\/span><\/p>\n<p style=\"text-align: center;\"><span style=\"font-weight: 400; font-size: 8pt;\">Acabem el curs amb vela i mar,<\/span><\/p>\n<p style=\"text-align: center;\"><span style=\"font-weight: 400; font-size: 8pt;\">ens acomiadem per\u00f2 sense oblidar.<\/span><\/p>\n<p style=\"text-align: center;\"><span style=\"font-weight: 400; font-size: 8pt;\">Els Chiwinis sempre dins del cor,<\/span><\/p>\n<p style=\"text-align: center;\"><span style=\"font-weight: 400; font-size: 8pt;\">una classe unida, un tresor!<\/span><\/p>\n<p style=\"text-align: center;\"><span style=\"font-weight: 400; font-size: 8pt;\">Som els Chiwinis de 4tD,<\/span><\/p>\n<p style=\"text-align: center;\"><span style=\"font-weight: 400; font-size: 8pt;\">acabem cicle mitj\u00e0 per\u00f2<\/span><\/p>\n<p style=\"text-align: center;\"><span style=\"font-weight: 400; font-size: 8pt;\">seguirem aprenent sense parar!<\/span><\/p>\n<p style=\"text-align: center;\">\n","protected":false},"excerpt":{"rendered":"<p>Una de les activitats de final de curs que hem fet a la classe de 4tD ha estat crear la nostra pr\u00f2pia can\u00e7\u00f3 personalitzada, una can\u00e7\u00f3 molt especial perqu\u00e8 parla de nosaltres.<br \/>\nAquesta can\u00e7\u00f3 combina parts on es parla del grup en general i parts on&hellip;  <a href=\"https:\/\/agora.xtec.cat\/esc-l-oreneta\/general\/creem-la-nostra-propia-canco-a-laula-de-4td\/\" title=\"Read Creem la nostra pr\u00f2pia can\u00e7\u00f3 a l&#8217;aula de 4tD!\">Llegeix m\u00e9s\u00bb<\/a><\/p>\n","protected":false},"author":45,"featured_media":3818,"comment_status":"open","ping_status":"open","sticky":false,"template":"","format":"standard","meta":{"_bbp_topic_count":0,"_bbp_reply_count":0,"_bbp_total_topic_count":0,"_bbp_total_reply_count":0,"_bbp_voice_count":0,"_bbp_anonymous_reply_count":0,"_bbp_topic_count_hidden":0,"_bbp_reply_count_hidden":0,"_bbp_forum_subforum_count":0,"footnotes":""},"categories":[13,1,4,5],"tags":[98,94,104],"class_list":["post-3807","post","type-post","status-publish","format-standard","has-post-thumbnail","hentry","category-4t","category-general","category-portada","category-primaria","tag-4t","tag-aules","tag-cicle-mitja"],"post_mailing_queue_ids":[],"_links":{"self":[{"href":"https:\/\/agora.xtec.cat\/esc-l-oreneta\/wp-json\/wp\/v2\/posts\/3807","targetHints":{"allow":["GET"]}}],"collection":[{"href":"https:\/\/agora.xtec.cat\/esc-l-oreneta\/wp-json\/wp\/v2\/posts"}],"about":[{"href":"https:\/\/agora.xtec.cat\/esc-l-oreneta\/wp-json\/wp\/v2\/types\/post"}],"author":[{"embeddable":true,"href":"https:\/\/agora.xtec.cat\/esc-l-oreneta\/wp-json\/wp\/v2\/users\/45"}],"replies":[{"embeddable":true,"href":"https:\/\/agora.xtec.cat\/esc-l-oreneta\/wp-json\/wp\/v2\/comments?post=3807"}],"version-history":[{"count":6,"href":"https:\/\/agora.xtec.cat\/esc-l-oreneta\/wp-json\/wp\/v2\/posts\/3807\/revisions"}],"predecessor-version":[{"id":3873,"href":"https:\/\/agora.xtec.cat\/esc-l-oreneta\/wp-json\/wp\/v2\/posts\/3807\/revisions\/3873"}],"wp:featuredmedia":[{"embeddable":true,"href":"https:\/\/agora.xtec.cat\/esc-l-oreneta\/wp-json\/wp\/v2\/media\/3818"}],"wp:attachment":[{"href":"https:\/\/agora.xtec.cat\/esc-l-oreneta\/wp-json\/wp\/v2\/media?parent=3807"}],"wp:term":[{"taxonomy":"category","embeddable":true,"href":"https:\/\/agora.xtec.cat\/esc-l-oreneta\/wp-json\/wp\/v2\/categories?post=3807"},{"taxonomy":"post_tag","embeddable":true,"href":"https:\/\/agora.xtec.cat\/esc-l-oreneta\/wp-json\/wp\/v2\/tags?post=3807"}],"curies":[{"name":"wp","href":"https:\/\/api.w.org\/{rel}","templated":true}]}}