{"id":3418,"date":"2025-05-07T21:10:51","date_gmt":"2025-05-07T19:10:51","guid":{"rendered":"https:\/\/agora.xtec.cat\/esc-l-oreneta\/?p=3418"},"modified":"2025-05-08T21:31:33","modified_gmt":"2025-05-08T19:31:33","slug":"sortida-a-montblanc-tarragona-alumnat-de-5e","status":"publish","type":"post","link":"https:\/\/agora.xtec.cat\/esc-l-oreneta\/portada\/sortida-a-montblanc-tarragona-alumnat-de-5e\/","title":{"rendered":"Sortida a Montblanc (Tarragona) alumnat de 5\u00e8"},"content":{"rendered":"<p>Hola a tothom!<\/p>\n<p>Avui hem anat d&#8217;excursi\u00f3 al poble medieval de Montblanc, a Tarragona. Ens ha agradat molt i hem apr\u00e8s moltes coses d&#8217;aquesta etapa de la hist\u00f2ria que, juntament amb la fira medieval que ens va preparar l&#8217;institut Federica Montseny, ens ha apropat m\u00e9s a aquesta \u00e8poca.<\/p>\n<p>En arribar, hem esmorzat i despr\u00e9s hem fet una ruta pels llocs m\u00e9s emblem\u00e0tics del poble com ara la muralla, on hem pujat i hem gaudit d&#8217;unes vistes espectaculars, l&#8217;esgl\u00e9sies de Sant Miquel i Santa Maria, el convent de Sant Francesc i la Pla\u00e7a Major, on hem dinat i hem jugat abans de la tornada.<\/p>\n<p>Hem apr\u00e8s les difer\u00e8ncies entre l&#8217;art g\u00f2tic i el rom\u00e0nic, els arcs de mig punt, les diferents classes socials i la impossibiltat d&#8217;ascendir, els oficis i la seva relaci\u00f3 amb el nom dels carrers actuals, els instruments de mesura dels aliments (quartans), que no eren universals com ho s\u00f3n ara els Kg,, conceptes com ara &#8220;retaule&#8221;, &#8220;sagrari&#8221;, &#8220;vitralls&#8221;&#8230; I moltes altres coses m\u00e9s!<\/p>\n<p>Aqu\u00ed us deixem unes imatges d&#8217;aquesta jornada tan &#8220;Medievalera&#8221;!<\/p>\n<p><a href=\"https:\/\/photos.app.goo.gl\/CshjSBcSrywHkU3cA\" target=\"_blank\" rel=\"noopener\">FOTOS MONTBLANC<\/a><\/p>\n<p>Alumnat de 5\u00e8<\/p>\n","protected":false},"excerpt":{"rendered":"<p>Hola a tothom!<br \/>\nAvui hem anat d&#8217;excursi\u00f3 al poble medieval de Montblanc, a Tarragona. Ens ha agradat molt i hem apr\u00e8s moltes coses d&#8217;aquesta etapa de la hist\u00f2ria que, juntament amb la fira medieval que ens va preparar l&#8217;institut Federica Montseny, ens ha apropat m\u00e9s a&hellip;  <a href=\"https:\/\/agora.xtec.cat\/esc-l-oreneta\/portada\/sortida-a-montblanc-tarragona-alumnat-de-5e\/\" title=\"Read Sortida a Montblanc (Tarragona) alumnat de 5\u00e8\">Llegeix m\u00e9s\u00bb<\/a><\/p>\n","protected":false},"author":13,"featured_media":3419,"comment_status":"open","ping_status":"closed","sticky":false,"template":"","format":"standard","meta":{"_bbp_topic_count":0,"_bbp_reply_count":0,"_bbp_total_topic_count":0,"_bbp_total_reply_count":0,"_bbp_voice_count":0,"_bbp_anonymous_reply_count":0,"_bbp_topic_count_hidden":0,"_bbp_reply_count_hidden":0,"_bbp_forum_subforum_count":0,"footnotes":""},"categories":[14,4],"tags":[],"class_list":["post-3418","post","type-post","status-publish","format-standard","has-post-thumbnail","hentry","category-5e","category-portada"],"post_mailing_queue_ids":[],"_links":{"self":[{"href":"https:\/\/agora.xtec.cat\/esc-l-oreneta\/wp-json\/wp\/v2\/posts\/3418","targetHints":{"allow":["GET"]}}],"collection":[{"href":"https:\/\/agora.xtec.cat\/esc-l-oreneta\/wp-json\/wp\/v2\/posts"}],"about":[{"href":"https:\/\/agora.xtec.cat\/esc-l-oreneta\/wp-json\/wp\/v2\/types\/post"}],"author":[{"embeddable":true,"href":"https:\/\/agora.xtec.cat\/esc-l-oreneta\/wp-json\/wp\/v2\/users\/13"}],"replies":[{"embeddable":true,"href":"https:\/\/agora.xtec.cat\/esc-l-oreneta\/wp-json\/wp\/v2\/comments?post=3418"}],"version-history":[{"count":2,"href":"https:\/\/agora.xtec.cat\/esc-l-oreneta\/wp-json\/wp\/v2\/posts\/3418\/revisions"}],"predecessor-version":[{"id":3421,"href":"https:\/\/agora.xtec.cat\/esc-l-oreneta\/wp-json\/wp\/v2\/posts\/3418\/revisions\/3421"}],"wp:featuredmedia":[{"embeddable":true,"href":"https:\/\/agora.xtec.cat\/esc-l-oreneta\/wp-json\/wp\/v2\/media\/3419"}],"wp:attachment":[{"href":"https:\/\/agora.xtec.cat\/esc-l-oreneta\/wp-json\/wp\/v2\/media?parent=3418"}],"wp:term":[{"taxonomy":"category","embeddable":true,"href":"https:\/\/agora.xtec.cat\/esc-l-oreneta\/wp-json\/wp\/v2\/categories?post=3418"},{"taxonomy":"post_tag","embeddable":true,"href":"https:\/\/agora.xtec.cat\/esc-l-oreneta\/wp-json\/wp\/v2\/tags?post=3418"}],"curies":[{"name":"wp","href":"https:\/\/api.w.org\/{rel}","templated":true}]}}