{"id":3349,"date":"2025-04-23T13:37:29","date_gmt":"2025-04-23T11:37:29","guid":{"rendered":"https:\/\/agora.xtec.cat\/esc-l-oreneta\/?p=3349"},"modified":"2025-04-30T18:00:58","modified_gmt":"2025-04-30T16:00:58","slug":"5e-visita-una-fira-medieval","status":"publish","type":"post","link":"https:\/\/agora.xtec.cat\/esc-l-oreneta\/portada\/5e-visita-una-fira-medieval\/","title":{"rendered":"5\u00e8 Visita la Fira Medieval de l&#8217;Institut Federica Montseny"},"content":{"rendered":"<p>Aquest mat\u00ed, els nens i les nenes de cinqu\u00e8 han visitat la Fira Medieval de Sant Jordi que l&#8217;Institut Federica Montseny ha preparat!<\/p>\n<p>Hi havia moltes parades&#8230;. de flors, de menjar, de joies per\u00f2, sens dubte les que m\u00e9s els hi ha agradat als vostres fills\/es han estat la dels jocs medievals. Despr\u00e9s de visitar les diverses parades hem gaudit d&#8217;unes funcions de la Diada de Sant Jordi que els nois i les noies de l&#8217;Institut han protagonitzat!<\/p>\n<p>Hem passat una estona del m\u00e9s entretinguda i divertida!<\/p>\n<p><a href=\"https:\/\/photos.app.goo.gl\/mJCJAMWaDQPA8tfu9\" target=\"_blank\" rel=\"noopener\">Fotografies Fira Medieval Sant Jordi<\/a><\/p>\n<p>&nbsp;<\/p>\n","protected":false},"excerpt":{"rendered":"<p>Aquest mat\u00ed, els nens i les nenes de cinqu\u00e8 han visitat la Fira Medieval de Sant Jordi que l&#8217;Institut Federica Montseny ha preparat!<br \/>\nHi havia moltes parades&#8230;. de flors, de menjar, de joies per\u00f2, sens dubte les que m\u00e9s els hi ha agradat als vostres fills\/es&hellip;  <a href=\"https:\/\/agora.xtec.cat\/esc-l-oreneta\/portada\/5e-visita-una-fira-medieval\/\" title=\"Read 5\u00e8 Visita la Fira Medieval de l&#8217;Institut Federica Montseny\">Llegeix m\u00e9s\u00bb<\/a><\/p>\n","protected":false},"author":13,"featured_media":3350,"comment_status":"open","ping_status":"closed","sticky":false,"template":"","format":"standard","meta":{"_bbp_topic_count":0,"_bbp_reply_count":0,"_bbp_total_topic_count":0,"_bbp_total_reply_count":0,"_bbp_voice_count":0,"_bbp_anonymous_reply_count":0,"_bbp_topic_count_hidden":0,"_bbp_reply_count_hidden":0,"_bbp_forum_subforum_count":0,"footnotes":""},"categories":[14,4],"tags":[],"class_list":["post-3349","post","type-post","status-publish","format-standard","has-post-thumbnail","hentry","category-5e","category-portada"],"post_mailing_queue_ids":[],"_links":{"self":[{"href":"https:\/\/agora.xtec.cat\/esc-l-oreneta\/wp-json\/wp\/v2\/posts\/3349","targetHints":{"allow":["GET"]}}],"collection":[{"href":"https:\/\/agora.xtec.cat\/esc-l-oreneta\/wp-json\/wp\/v2\/posts"}],"about":[{"href":"https:\/\/agora.xtec.cat\/esc-l-oreneta\/wp-json\/wp\/v2\/types\/post"}],"author":[{"embeddable":true,"href":"https:\/\/agora.xtec.cat\/esc-l-oreneta\/wp-json\/wp\/v2\/users\/13"}],"replies":[{"embeddable":true,"href":"https:\/\/agora.xtec.cat\/esc-l-oreneta\/wp-json\/wp\/v2\/comments?post=3349"}],"version-history":[{"count":5,"href":"https:\/\/agora.xtec.cat\/esc-l-oreneta\/wp-json\/wp\/v2\/posts\/3349\/revisions"}],"predecessor-version":[{"id":3358,"href":"https:\/\/agora.xtec.cat\/esc-l-oreneta\/wp-json\/wp\/v2\/posts\/3349\/revisions\/3358"}],"wp:featuredmedia":[{"embeddable":true,"href":"https:\/\/agora.xtec.cat\/esc-l-oreneta\/wp-json\/wp\/v2\/media\/3350"}],"wp:attachment":[{"href":"https:\/\/agora.xtec.cat\/esc-l-oreneta\/wp-json\/wp\/v2\/media?parent=3349"}],"wp:term":[{"taxonomy":"category","embeddable":true,"href":"https:\/\/agora.xtec.cat\/esc-l-oreneta\/wp-json\/wp\/v2\/categories?post=3349"},{"taxonomy":"post_tag","embeddable":true,"href":"https:\/\/agora.xtec.cat\/esc-l-oreneta\/wp-json\/wp\/v2\/tags?post=3349"}],"curies":[{"name":"wp","href":"https:\/\/api.w.org\/{rel}","templated":true}]}}