{"id":3053,"date":"2025-04-12T10:54:20","date_gmt":"2025-04-12T08:54:20","guid":{"rendered":"https:\/\/agora.xtec.cat\/esc-l-oreneta\/?p=3053"},"modified":"2025-04-12T10:55:02","modified_gmt":"2025-04-12T08:55:02","slug":"descobrint-lefecte-optic-en-lart-un-repte-creatiu-a-laula-de-4td","status":"publish","type":"post","link":"https:\/\/agora.xtec.cat\/esc-l-oreneta\/general\/descobrint-lefecte-optic-en-lart-un-repte-creatiu-a-laula-de-4td\/","title":{"rendered":"Descobrint l&#8217;efecte \u00f2ptic en l&#8217;art: un repte creatiu a l&#8217;aula de 4tD"},"content":{"rendered":"<p style=\"text-align: justify;\"><span style=\"font-weight: 400;\">Una de les activitats que hem\u00a0 treballat a l&#8217;\u00e0rea d&#8217;educaci\u00f3 visual i pl\u00e0stica aquest trimestre ha estat l&#8217;efecte \u00f2ptic en dibuixos en 3D. L&#8217;objectiu d&#8217;aquesta activitat ha estat desenvolupar la precisi\u00f3 en l&#8217;\u00fas del regle per crear l\u00ednies rectes, comprendre la import\u00e0ncia de la perspectiva en la creaci\u00f3 art\u00edstica, fomentar la paci\u00e8ncia i l&#8217;atenci\u00f3 als detalls i potenciar la seva creativitat a trav\u00e9s del joc visual amb formes i colors. Aquesta experi\u00e8ncia ha perm\u00e8s a l&#8217;alumnat entendre com el contrast i la perspectiva poden generar la sensaci\u00f3 de profunditat.<\/span><\/p>\n<h3 style=\"text-align: justify;\"><span style=\"font-size: 14pt;\"><b>El proc\u00e9s creatiu<\/b><\/span><\/h3>\n<p style=\"text-align: justify;\"><span style=\"font-weight: 400;\">Per comen\u00e7ar, els alumnes han apr\u00e8s a dividir l&#8217;espai en diferents seccions utilitzant l\u00ednies rectes, assegurant-se que convergien cap a un punt central per aconseguir l&#8217;efecte de profunditat. Aquesta part del proc\u00e9s ha requerit concentraci\u00f3 i paci\u00e8ncia per tal de mantenir la simetria i la regularitat en el tra\u00e7.<\/span><\/p>\n<p style=\"text-align: justify;\"><span style=\"font-weight: 400;\">Un cop definida l&#8217;estructura b\u00e0sica, els nens i nenes han resseguit totes les l\u00ednies amb retolador i despr\u00e9s han pintat parts de les diferents seccions per donar contrast i refor\u00e7ar l&#8217;efecte \u00f2ptic del fons.\u00a0 Tamb\u00e9, han pintat amb diferents intensitats i colors esferes amb una quadr\u00edcula que seguia la forma corba, aconseguint aix\u00ed la il\u00b7lusi\u00f3 de volum i tridimensionalitat.<\/span><\/p>\n<p style=\"text-align: justify;\"><span style=\"font-weight: 400;\">L&#8217;experi\u00e8ncia ha estat molt enriquidora i el resultat final els hi ha encantat!<\/span><\/p>\n<p>&nbsp;<\/p>\n<p><img loading=\"lazy\" decoding=\"async\" class=\"aligncenter size-large wp-image-3063\" src=\"https:\/\/agora.xtec.cat\/esc-l-oreneta\/wp-content\/uploads\/usu2395\/2025\/04\/Imatge-de-WhatsApp-2025-04-10-a-les-09.43.28_67c3dd67-1024x575.jpg\" alt=\"\" width=\"1024\" height=\"575\" srcset=\"https:\/\/agora.xtec.cat\/esc-l-oreneta\/wp-content\/uploads\/usu2395\/2025\/04\/Imatge-de-WhatsApp-2025-04-10-a-les-09.43.28_67c3dd67-1024x575.jpg 1024w, https:\/\/agora.xtec.cat\/esc-l-oreneta\/wp-content\/uploads\/usu2395\/2025\/04\/Imatge-de-WhatsApp-2025-04-10-a-les-09.43.28_67c3dd67-300x169.jpg 300w, https:\/\/agora.xtec.cat\/esc-l-oreneta\/wp-content\/uploads\/usu2395\/2025\/04\/Imatge-de-WhatsApp-2025-04-10-a-les-09.43.28_67c3dd67-768x432.jpg 768w, https:\/\/agora.xtec.cat\/esc-l-oreneta\/wp-content\/uploads\/usu2395\/2025\/04\/Imatge-de-WhatsApp-2025-04-10-a-les-09.43.28_67c3dd67-1536x863.jpg 1536w, https:\/\/agora.xtec.cat\/esc-l-oreneta\/wp-content\/uploads\/usu2395\/2025\/04\/Imatge-de-WhatsApp-2025-04-10-a-les-09.43.28_67c3dd67.jpg 1600w\" sizes=\"auto, (max-width: 1024px) 100vw, 1024px\" \/><img loading=\"lazy\" decoding=\"async\" class=\"aligncenter size-large wp-image-3062\" src=\"https:\/\/agora.xtec.cat\/esc-l-oreneta\/wp-content\/uploads\/usu2395\/2025\/04\/Imatge-de-WhatsApp-2025-04-10-a-les-09.43.28_49d739b9-1024x575.jpg\" alt=\"\" width=\"1024\" height=\"575\" srcset=\"https:\/\/agora.xtec.cat\/esc-l-oreneta\/wp-content\/uploads\/usu2395\/2025\/04\/Imatge-de-WhatsApp-2025-04-10-a-les-09.43.28_49d739b9-1024x575.jpg 1024w, https:\/\/agora.xtec.cat\/esc-l-oreneta\/wp-content\/uploads\/usu2395\/2025\/04\/Imatge-de-WhatsApp-2025-04-10-a-les-09.43.28_49d739b9-300x169.jpg 300w, https:\/\/agora.xtec.cat\/esc-l-oreneta\/wp-content\/uploads\/usu2395\/2025\/04\/Imatge-de-WhatsApp-2025-04-10-a-les-09.43.28_49d739b9-768x432.jpg 768w, https:\/\/agora.xtec.cat\/esc-l-oreneta\/wp-content\/uploads\/usu2395\/2025\/04\/Imatge-de-WhatsApp-2025-04-10-a-les-09.43.28_49d739b9-1536x863.jpg 1536w, https:\/\/agora.xtec.cat\/esc-l-oreneta\/wp-content\/uploads\/usu2395\/2025\/04\/Imatge-de-WhatsApp-2025-04-10-a-les-09.43.28_49d739b9.jpg 1600w\" sizes=\"auto, (max-width: 1024px) 100vw, 1024px\" \/><img loading=\"lazy\" decoding=\"async\" class=\"aligncenter size-large wp-image-3060\" src=\"https:\/\/agora.xtec.cat\/esc-l-oreneta\/wp-content\/uploads\/usu2395\/2025\/04\/aaa-1024x575.jpg\" alt=\"\" width=\"1024\" height=\"575\" srcset=\"https:\/\/agora.xtec.cat\/esc-l-oreneta\/wp-content\/uploads\/usu2395\/2025\/04\/aaa-1024x575.jpg 1024w, https:\/\/agora.xtec.cat\/esc-l-oreneta\/wp-content\/uploads\/usu2395\/2025\/04\/aaa-300x169.jpg 300w, https:\/\/agora.xtec.cat\/esc-l-oreneta\/wp-content\/uploads\/usu2395\/2025\/04\/aaa-768x432.jpg 768w, https:\/\/agora.xtec.cat\/esc-l-oreneta\/wp-content\/uploads\/usu2395\/2025\/04\/aaa-1536x863.jpg 1536w, https:\/\/agora.xtec.cat\/esc-l-oreneta\/wp-content\/uploads\/usu2395\/2025\/04\/aaa.jpg 1600w\" sizes=\"auto, (max-width: 1024px) 100vw, 1024px\" \/><img loading=\"lazy\" decoding=\"async\" class=\"aligncenter size-large wp-image-3054\" src=\"https:\/\/agora.xtec.cat\/esc-l-oreneta\/wp-content\/uploads\/usu2395\/2025\/04\/Imatge-de-WhatsApp-2025-04-10-a-les-09.43.28_7f1de9bd-1024x575.jpg\" alt=\"\" width=\"1024\" height=\"575\" srcset=\"https:\/\/agora.xtec.cat\/esc-l-oreneta\/wp-content\/uploads\/usu2395\/2025\/04\/Imatge-de-WhatsApp-2025-04-10-a-les-09.43.28_7f1de9bd-1024x575.jpg 1024w, https:\/\/agora.xtec.cat\/esc-l-oreneta\/wp-content\/uploads\/usu2395\/2025\/04\/Imatge-de-WhatsApp-2025-04-10-a-les-09.43.28_7f1de9bd-300x169.jpg 300w, https:\/\/agora.xtec.cat\/esc-l-oreneta\/wp-content\/uploads\/usu2395\/2025\/04\/Imatge-de-WhatsApp-2025-04-10-a-les-09.43.28_7f1de9bd-768x432.jpg 768w, https:\/\/agora.xtec.cat\/esc-l-oreneta\/wp-content\/uploads\/usu2395\/2025\/04\/Imatge-de-WhatsApp-2025-04-10-a-les-09.43.28_7f1de9bd-1536x863.jpg 1536w, https:\/\/agora.xtec.cat\/esc-l-oreneta\/wp-content\/uploads\/usu2395\/2025\/04\/Imatge-de-WhatsApp-2025-04-10-a-les-09.43.28_7f1de9bd.jpg 1600w\" sizes=\"auto, (max-width: 1024px) 100vw, 1024px\" \/><\/p>\n<p><img loading=\"lazy\" decoding=\"async\" class=\"aligncenter size-large wp-image-3272\" src=\"https:\/\/agora.xtec.cat\/esc-l-oreneta\/wp-content\/uploads\/usu2395\/2025\/04\/Imatge-de-WhatsApp-2025-04-12-a-les-10.50.18_298da718-1024x576.jpg\" alt=\"\" width=\"1024\" height=\"576\" srcset=\"https:\/\/agora.xtec.cat\/esc-l-oreneta\/wp-content\/uploads\/usu2395\/2025\/04\/Imatge-de-WhatsApp-2025-04-12-a-les-10.50.18_298da718-1024x576.jpg 1024w, https:\/\/agora.xtec.cat\/esc-l-oreneta\/wp-content\/uploads\/usu2395\/2025\/04\/Imatge-de-WhatsApp-2025-04-12-a-les-10.50.18_298da718-300x169.jpg 300w, https:\/\/agora.xtec.cat\/esc-l-oreneta\/wp-content\/uploads\/usu2395\/2025\/04\/Imatge-de-WhatsApp-2025-04-12-a-les-10.50.18_298da718-768x432.jpg 768w, https:\/\/agora.xtec.cat\/esc-l-oreneta\/wp-content\/uploads\/usu2395\/2025\/04\/Imatge-de-WhatsApp-2025-04-12-a-les-10.50.18_298da718-1536x863.jpg 1536w, https:\/\/agora.xtec.cat\/esc-l-oreneta\/wp-content\/uploads\/usu2395\/2025\/04\/Imatge-de-WhatsApp-2025-04-12-a-les-10.50.18_298da718.jpg 2048w\" sizes=\"auto, (max-width: 1024px) 100vw, 1024px\" \/><\/p>\n","protected":false},"excerpt":{"rendered":"<p>Una de les activitats que hem\u00a0 treballat a l&#8217;\u00e0rea d&#8217;educaci\u00f3 visual i pl\u00e0stica aquest trimestre ha estat l&#8217;efecte \u00f2ptic en dibuixos en 3D. L&#8217;objectiu d&#8217;aquesta activitat ha estat desenvolupar la precisi\u00f3 en l&#8217;\u00fas del regle per crear l\u00ednies rectes, comprendre la import\u00e0ncia de la perspectiva&hellip;  <a href=\"https:\/\/agora.xtec.cat\/esc-l-oreneta\/general\/descobrint-lefecte-optic-en-lart-un-repte-creatiu-a-laula-de-4td\/\" title=\"Read Descobrint l&#8217;efecte \u00f2ptic en l&#8217;art: un repte creatiu a l&#8217;aula de 4tD\">Llegeix m\u00e9s\u00bb<\/a><\/p>\n","protected":false},"author":45,"featured_media":3272,"comment_status":"open","ping_status":"closed","sticky":false,"template":"","format":"standard","meta":{"_bbp_topic_count":0,"_bbp_reply_count":0,"_bbp_total_topic_count":0,"_bbp_total_reply_count":0,"_bbp_voice_count":0,"_bbp_anonymous_reply_count":0,"_bbp_topic_count_hidden":0,"_bbp_reply_count_hidden":0,"_bbp_forum_subforum_count":0,"footnotes":""},"categories":[13,1,4,5],"tags":[98,105,104,106],"class_list":["post-3053","post","type-post","status-publish","format-standard","has-post-thumbnail","hentry","category-4t","category-general","category-portada","category-primaria","tag-4t","tag-art","tag-cicle-mitja","tag-educacio-visual-i-plastica"],"post_mailing_queue_ids":[],"_links":{"self":[{"href":"https:\/\/agora.xtec.cat\/esc-l-oreneta\/wp-json\/wp\/v2\/posts\/3053","targetHints":{"allow":["GET"]}}],"collection":[{"href":"https:\/\/agora.xtec.cat\/esc-l-oreneta\/wp-json\/wp\/v2\/posts"}],"about":[{"href":"https:\/\/agora.xtec.cat\/esc-l-oreneta\/wp-json\/wp\/v2\/types\/post"}],"author":[{"embeddable":true,"href":"https:\/\/agora.xtec.cat\/esc-l-oreneta\/wp-json\/wp\/v2\/users\/45"}],"replies":[{"embeddable":true,"href":"https:\/\/agora.xtec.cat\/esc-l-oreneta\/wp-json\/wp\/v2\/comments?post=3053"}],"version-history":[{"count":3,"href":"https:\/\/agora.xtec.cat\/esc-l-oreneta\/wp-json\/wp\/v2\/posts\/3053\/revisions"}],"predecessor-version":[{"id":3274,"href":"https:\/\/agora.xtec.cat\/esc-l-oreneta\/wp-json\/wp\/v2\/posts\/3053\/revisions\/3274"}],"wp:featuredmedia":[{"embeddable":true,"href":"https:\/\/agora.xtec.cat\/esc-l-oreneta\/wp-json\/wp\/v2\/media\/3272"}],"wp:attachment":[{"href":"https:\/\/agora.xtec.cat\/esc-l-oreneta\/wp-json\/wp\/v2\/media?parent=3053"}],"wp:term":[{"taxonomy":"category","embeddable":true,"href":"https:\/\/agora.xtec.cat\/esc-l-oreneta\/wp-json\/wp\/v2\/categories?post=3053"},{"taxonomy":"post_tag","embeddable":true,"href":"https:\/\/agora.xtec.cat\/esc-l-oreneta\/wp-json\/wp\/v2\/tags?post=3053"}],"curies":[{"name":"wp","href":"https:\/\/api.w.org\/{rel}","templated":true}]}}