{"id":3025,"date":"2025-04-09T17:00:03","date_gmt":"2025-04-09T15:00:03","guid":{"rendered":"https:\/\/agora.xtec.cat\/esc-l-oreneta\/?p=3025"},"modified":"2025-04-10T12:30:52","modified_gmt":"2025-04-10T10:30:52","slug":"activitats-amb-families-al-cicle-inicial","status":"publish","type":"post","link":"https:\/\/agora.xtec.cat\/esc-l-oreneta\/portada\/activitats-amb-families-al-cicle-inicial\/","title":{"rendered":"Activitats amb fam\u00edlies al Cicle Inicial"},"content":{"rendered":"<p>Amb motiu de les jornades d&#8217;Escola Verda hem convidat a participar\u00a0 a les nostres fam\u00edlies a fer un taller amb els seus fills\/es.<\/p>\n<p>Les fam\u00edlies ens heu ajudat a realitzar de manera conjunta una manualitat per Sant Jordi.<\/p>\n<p>Us volem agrair que al llarg de la setmana ens heu portat oueres de cartr\u00f3 per contribuir a fer-ho possible i alhora la vostra assist\u00e8ncia i col\u00b7laboraci\u00f3 al llarg de la tarda, en un ambient dist\u00e9s, de conviv\u00e8ncia i de gaudir de l&#8217;experi\u00e8ncia.<\/p>\n<p style=\"text-align: center;\">\r\n\t<div class=\"slideshow_container slideshow_container_style-light\" style=\"height: 300px; \" data-slideshow-id=\"3026\" data-style-name=\"style-light\" data-style-version=\"2.3.1\" >\r\n\r\n\t\t\t\t\t<div class=\"slideshow_loading_icon\"><\/div>\r\n\t\t\r\n\t\t<div class=\"slideshow_content\" style=\"display: none;\">\r\n\r\n\t\t\t<div class=\"slideshow_view\">\r\n\t\t\t\t<div class=\"slideshow_slide slideshow_slide_image\">\r\n\t\t\t\t\t\t\t\t\t\t\t<img src=\"https:\/\/agora.xtec.cat\/esc-l-oreneta\/wp-content\/uploads\/usu2395\/2025\/04\/7.jpg\" alt=\"7\" width=\"2048\" height=\"1536\" \/>\r\n\t\t\t\t\t\t\t\t\t\t<div class=\"slideshow_description_box slideshow_transparent\">\r\n\t\t\t\t\t\t<div class=\"slideshow_title\">7<\/div>\t\t\t\t\t\t\t\t\t\t\t<\/div>\r\n\t\t\t\t<\/div>\r\n\r\n\t\t\t\t\t\t<div style=\"clear: both;\"><\/div><\/div><div class=\"slideshow_view\">\r\n\t\t\t\t<div class=\"slideshow_slide slideshow_slide_image\">\r\n\t\t\t\t\t\t\t\t\t\t\t<img src=\"https:\/\/agora.xtec.cat\/esc-l-oreneta\/wp-content\/uploads\/usu2395\/2025\/04\/6.jpg\" alt=\"6\" width=\"2048\" height=\"1536\" \/>\r\n\t\t\t\t\t\t\t\t\t\t<div class=\"slideshow_description_box slideshow_transparent\">\r\n\t\t\t\t\t\t<div class=\"slideshow_title\">6<\/div>\t\t\t\t\t\t\t\t\t\t\t<\/div>\r\n\t\t\t\t<\/div>\r\n\r\n\t\t\t\t\t\t<div style=\"clear: both;\"><\/div><\/div><div class=\"slideshow_view\">\r\n\t\t\t\t<div class=\"slideshow_slide slideshow_slide_image\">\r\n\t\t\t\t\t\t\t\t\t\t\t<img src=\"https:\/\/agora.xtec.cat\/esc-l-oreneta\/wp-content\/uploads\/usu2395\/2025\/04\/5.jpg\" alt=\"5\" width=\"2048\" height=\"1536\" \/>\r\n\t\t\t\t\t\t\t\t\t\t<div class=\"slideshow_description_box slideshow_transparent\">\r\n\t\t\t\t\t\t<div class=\"slideshow_title\">5<\/div>\t\t\t\t\t\t\t\t\t\t\t<\/div>\r\n\t\t\t\t<\/div>\r\n\r\n\t\t\t\t\t\t<div style=\"clear: both;\"><\/div><\/div><div class=\"slideshow_view\">\r\n\t\t\t\t<div class=\"slideshow_slide slideshow_slide_image\">\r\n\t\t\t\t\t\t\t\t\t\t\t<img src=\"https:\/\/agora.xtec.cat\/esc-l-oreneta\/wp-content\/uploads\/usu2395\/2025\/04\/4.jpg\" alt=\"4\" width=\"2048\" height=\"1536\" \/>\r\n\t\t\t\t\t\t\t\t\t\t<div class=\"slideshow_description_box slideshow_transparent\">\r\n\t\t\t\t\t\t<div class=\"slideshow_title\">4<\/div>\t\t\t\t\t\t\t\t\t\t\t<\/div>\r\n\t\t\t\t<\/div>\r\n\r\n\t\t\t\t\t\t<div style=\"clear: both;\"><\/div><\/div><div class=\"slideshow_view\">\r\n\t\t\t\t<div class=\"slideshow_slide slideshow_slide_image\">\r\n\t\t\t\t\t\t\t\t\t\t\t<img src=\"https:\/\/agora.xtec.cat\/esc-l-oreneta\/wp-content\/uploads\/usu2395\/2025\/04\/3.jpg\" alt=\"3\" width=\"2048\" height=\"1536\" \/>\r\n\t\t\t\t\t\t\t\t\t\t<div class=\"slideshow_description_box slideshow_transparent\">\r\n\t\t\t\t\t\t<div class=\"slideshow_title\">3<\/div>\t\t\t\t\t\t\t\t\t\t\t<\/div>\r\n\t\t\t\t<\/div>\r\n\r\n\t\t\t\t\t\t<div style=\"clear: both;\"><\/div><\/div><div class=\"slideshow_view\">\r\n\t\t\t\t<div class=\"slideshow_slide slideshow_slide_image\">\r\n\t\t\t\t\t\t\t\t\t\t\t<img src=\"https:\/\/agora.xtec.cat\/esc-l-oreneta\/wp-content\/uploads\/usu2395\/2025\/04\/2.jpg\" alt=\"2\" width=\"2048\" height=\"1536\" \/>\r\n\t\t\t\t\t\t\t\t\t\t<div class=\"slideshow_description_box slideshow_transparent\">\r\n\t\t\t\t\t\t<div class=\"slideshow_title\">2<\/div>\t\t\t\t\t\t\t\t\t\t\t<\/div>\r\n\t\t\t\t<\/div>\r\n\r\n\t\t\t\t\t\t<div style=\"clear: both;\"><\/div><\/div><div class=\"slideshow_view\">\r\n\t\t\t\t<div class=\"slideshow_slide slideshow_slide_image\">\r\n\t\t\t\t\t\t\t\t\t\t\t<img src=\"https:\/\/agora.xtec.cat\/esc-l-oreneta\/wp-content\/uploads\/usu2395\/2025\/04\/1.jpg\" alt=\"1\" width=\"2048\" height=\"1536\" \/>\r\n\t\t\t\t\t\t\t\t\t\t<div class=\"slideshow_description_box slideshow_transparent\">\r\n\t\t\t\t\t\t<div class=\"slideshow_title\">1<\/div>\t\t\t\t\t\t\t\t\t\t\t<\/div>\r\n\t\t\t\t<\/div>\r\n\r\n\t\t\t\t\t\t<div style=\"clear: both;\"><\/div><\/div>\r\n\t\t<\/div>\r\n\r\n\t\t<div class=\"slideshow_controlPanel slideshow_transparent\" style=\"display: none;\"><ul><li class=\"slideshow_togglePlay\" data-play-text=\"Visualitza\" data-pause-text=\"Pausa\"><\/li><\/ul><\/div>\r\n\r\n\t\t<div class=\"slideshow_button slideshow_previous slideshow_transparent\" role=\"button\" data-previous-text=\"Anterior\" style=\"display: none;\"><\/div>\r\n\t\t<div class=\"slideshow_button slideshow_next slideshow_transparent\" role=\"button\" data-next-text=\"Seg\u00fcent\" style=\"display: none;\"><\/div>\r\n\r\n\t\t<div class=\"slideshow_pagination\" style=\"display: none;\" data-go-to-text=\"V\u00e9s a la diapositiva\"><div class=\"slideshow_pagination_center\"><\/div><\/div>\r\n\r\n\t\t<!-- WordPress Slideshow Version 2.3.1 -->\r\n\r\n\t\t\t<\/div>\r\n\r\n<\/p>\n","protected":false},"excerpt":{"rendered":"<p>Amb motiu de les jornades d&#8217;Escola Verda hem convidat a participar\u00a0 a les nostres fam\u00edlies a fer un taller amb els seus fills\/es.<br \/>\nLes fam\u00edlies ens heu ajudat a realitzar de manera conjunta una manualitat per Sant Jordi.<br \/>\nUs volem agrair que al llarg de la setmana&hellip;  <a href=\"https:\/\/agora.xtec.cat\/esc-l-oreneta\/portada\/activitats-amb-families-al-cicle-inicial\/\" title=\"Read Activitats amb fam\u00edlies al Cicle Inicial\">Llegeix m\u00e9s\u00bb<\/a><\/p>\n","protected":false},"author":4,"featured_media":3027,"comment_status":"open","ping_status":"closed","sticky":false,"template":"","format":"standard","meta":{"_bbp_topic_count":0,"_bbp_reply_count":0,"_bbp_total_topic_count":0,"_bbp_total_reply_count":0,"_bbp_voice_count":0,"_bbp_anonymous_reply_count":0,"_bbp_topic_count_hidden":0,"_bbp_reply_count_hidden":0,"_bbp_forum_subforum_count":0,"footnotes":""},"categories":[10,11,97,4],"tags":[],"class_list":["post-3025","post","type-post","status-publish","format-standard","has-post-thumbnail","hentry","category-1r","category-2n","category-escola-verda","category-portada"],"post_mailing_queue_ids":[],"_links":{"self":[{"href":"https:\/\/agora.xtec.cat\/esc-l-oreneta\/wp-json\/wp\/v2\/posts\/3025","targetHints":{"allow":["GET"]}}],"collection":[{"href":"https:\/\/agora.xtec.cat\/esc-l-oreneta\/wp-json\/wp\/v2\/posts"}],"about":[{"href":"https:\/\/agora.xtec.cat\/esc-l-oreneta\/wp-json\/wp\/v2\/types\/post"}],"author":[{"embeddable":true,"href":"https:\/\/agora.xtec.cat\/esc-l-oreneta\/wp-json\/wp\/v2\/users\/4"}],"replies":[{"embeddable":true,"href":"https:\/\/agora.xtec.cat\/esc-l-oreneta\/wp-json\/wp\/v2\/comments?post=3025"}],"version-history":[{"count":2,"href":"https:\/\/agora.xtec.cat\/esc-l-oreneta\/wp-json\/wp\/v2\/posts\/3025\/revisions"}],"predecessor-version":[{"id":3089,"href":"https:\/\/agora.xtec.cat\/esc-l-oreneta\/wp-json\/wp\/v2\/posts\/3025\/revisions\/3089"}],"wp:featuredmedia":[{"embeddable":true,"href":"https:\/\/agora.xtec.cat\/esc-l-oreneta\/wp-json\/wp\/v2\/media\/3027"}],"wp:attachment":[{"href":"https:\/\/agora.xtec.cat\/esc-l-oreneta\/wp-json\/wp\/v2\/media?parent=3025"}],"wp:term":[{"taxonomy":"category","embeddable":true,"href":"https:\/\/agora.xtec.cat\/esc-l-oreneta\/wp-json\/wp\/v2\/categories?post=3025"},{"taxonomy":"post_tag","embeddable":true,"href":"https:\/\/agora.xtec.cat\/esc-l-oreneta\/wp-json\/wp\/v2\/tags?post=3025"}],"curies":[{"name":"wp","href":"https:\/\/api.w.org\/{rel}","templated":true}]}}