{"id":2910,"date":"2025-04-11T10:00:55","date_gmt":"2025-04-11T08:00:55","guid":{"rendered":"https:\/\/agora.xtec.cat\/esc-l-oreneta\/?p=2910"},"modified":"2025-04-08T16:47:30","modified_gmt":"2025-04-08T14:47:30","slug":"servei-de-menjador-i-espai-de-migdia","status":"publish","type":"post","link":"https:\/\/agora.xtec.cat\/esc-l-oreneta\/portada\/servei-de-menjador-i-espai-de-migdia\/","title":{"rendered":"Servei de menjador i espai de migdia."},"content":{"rendered":"<p>L&#8217;espai de migdia \u00e9s\u00a0 un servei complementari a l&#8217;educaci\u00f3 i un recurs educatiu!<\/p>\n<p>\u00c9s per aquest motiu que tant escola com l&#8217;empesa de menjador han de treballar en estreta col\u00b7laboraci\u00f3 i alineats amb el Projecte educatiu de centre.<\/p>\n<p>Com cada any s&#8217;estableix una comissi\u00f3 de menjador conformada per l&#8217;Equip Directiu, Roca Gonz\u00e1lez i amb la participaci\u00f3 imprescindible de les representants de les fam\u00edlies i AFA que es troben al llarg del curs per fer un seguiment i valoraci\u00f3 del servei i per establir propostes de millora si s&#8217;escau.<\/p>\n<p>Aquest curs 2024-25 el principal objectiu era establir el<strong> Pla de funcionament del menjador Escola L&#8217;Oreneta. <\/strong>Un document marc que ens orienta sobre l&#8217;organitzaci\u00f3 i funcionament del servei.<\/p>\n<p style=\"text-align: center;\">Aprofitem per compartir-ho amb totes vosaltres i us convidem a que feu una lectura del mateix!<\/p>\n<p style=\"text-align: center;\"><a href=\"https:\/\/agora.xtec.cat\/esc-l-oreneta\/wp-content\/uploads\/usu2395\/2025\/04\/PLA-I-PROJECTE-ROCA-GONZALEZ-ORENETA.pdf\">PLA EDUCATIU DEL SERVEI DE MIGIDA ROCA GONZALEZ- ESCOLA L&#8217;ORENETA<\/a><\/p>\n<p style=\"text-align: center;\">i<\/p>\n<p style=\"text-align: center;\"><a href=\"https:\/\/agora.xtec.cat\/esc-l-oreneta\/wp-content\/uploads\/usu2395\/2025\/04\/PLA-DE-CONVIVENCIA-DEL-SERVEI-DE-MENJADOR-CURS-24-25_LORENETA.pdf\">PLA DE CONVIV\u00c8NCIA AL SERVEI DE MIGDIA <\/a><\/p>\n<p>&nbsp;<\/p>\n<p>&nbsp;<\/p>\n","protected":false},"excerpt":{"rendered":"<p>L&#8217;espai de migdia \u00e9s\u00a0 un servei complementari a l&#8217;educaci\u00f3 i un recurs educatiu!<br \/>\n\u00c9s per aquest motiu que tant escola com l&#8217;empesa de menjador han de treballar en estreta col\u00b7laboraci\u00f3 i alineats amb el Projecte educatiu de centre.<br \/>\nCom cada any s&#8217;estableix una comissi\u00f3 de menjador conformada&hellip;  <a href=\"https:\/\/agora.xtec.cat\/esc-l-oreneta\/portada\/servei-de-menjador-i-espai-de-migdia\/\" title=\"Read Servei de menjador i espai de migdia.\">Llegeix m\u00e9s\u00bb<\/a><\/p>\n","protected":false},"author":4,"featured_media":2918,"comment_status":"open","ping_status":"closed","sticky":false,"template":"","format":"standard","meta":{"_bbp_topic_count":0,"_bbp_reply_count":0,"_bbp_total_topic_count":0,"_bbp_total_reply_count":0,"_bbp_voice_count":0,"_bbp_anonymous_reply_count":0,"_bbp_topic_count_hidden":0,"_bbp_reply_count_hidden":0,"_bbp_forum_subforum_count":0,"footnotes":""},"categories":[7,4],"tags":[],"class_list":["post-2910","post","type-post","status-publish","format-standard","has-post-thumbnail","hentry","category-afa","category-portada"],"post_mailing_queue_ids":[],"_links":{"self":[{"href":"https:\/\/agora.xtec.cat\/esc-l-oreneta\/wp-json\/wp\/v2\/posts\/2910","targetHints":{"allow":["GET"]}}],"collection":[{"href":"https:\/\/agora.xtec.cat\/esc-l-oreneta\/wp-json\/wp\/v2\/posts"}],"about":[{"href":"https:\/\/agora.xtec.cat\/esc-l-oreneta\/wp-json\/wp\/v2\/types\/post"}],"author":[{"embeddable":true,"href":"https:\/\/agora.xtec.cat\/esc-l-oreneta\/wp-json\/wp\/v2\/users\/4"}],"replies":[{"embeddable":true,"href":"https:\/\/agora.xtec.cat\/esc-l-oreneta\/wp-json\/wp\/v2\/comments?post=2910"}],"version-history":[{"count":5,"href":"https:\/\/agora.xtec.cat\/esc-l-oreneta\/wp-json\/wp\/v2\/posts\/2910\/revisions"}],"predecessor-version":[{"id":2962,"href":"https:\/\/agora.xtec.cat\/esc-l-oreneta\/wp-json\/wp\/v2\/posts\/2910\/revisions\/2962"}],"wp:featuredmedia":[{"embeddable":true,"href":"https:\/\/agora.xtec.cat\/esc-l-oreneta\/wp-json\/wp\/v2\/media\/2918"}],"wp:attachment":[{"href":"https:\/\/agora.xtec.cat\/esc-l-oreneta\/wp-json\/wp\/v2\/media?parent=2910"}],"wp:term":[{"taxonomy":"category","embeddable":true,"href":"https:\/\/agora.xtec.cat\/esc-l-oreneta\/wp-json\/wp\/v2\/categories?post=2910"},{"taxonomy":"post_tag","embeddable":true,"href":"https:\/\/agora.xtec.cat\/esc-l-oreneta\/wp-json\/wp\/v2\/tags?post=2910"}],"curies":[{"name":"wp","href":"https:\/\/api.w.org\/{rel}","templated":true}]}}