{"id":2782,"date":"2025-03-19T21:17:27","date_gmt":"2025-03-19T20:17:27","guid":{"rendered":"https:\/\/agora.xtec.cat\/esc-l-oreneta\/?p=2782"},"modified":"2025-03-19T21:18:23","modified_gmt":"2025-03-19T20:18:23","slug":"visita-al-museu-olimpic-i-de-montjuic","status":"publish","type":"post","link":"https:\/\/agora.xtec.cat\/esc-l-oreneta\/portada\/visita-al-museu-olimpic-i-de-montjuic\/","title":{"rendered":"Visita al Museu Ol\u00edmpic i de Montju\u00efc"},"content":{"rendered":"<p>El passat 18 de mar\u00e7, els nens i les nenes de 4t vam visitar el Museu Ol\u00edmpic i de l\u2019Esport, a Montju\u00efc, per realitzar el taller \u00a0<em><strong>&#8220;Sense l\u00edmits &#8211;<\/strong><\/em><strong> Endinsa\u2019t en el m\u00f3n de la discapacitat i l\u2019esport\u201d<\/strong> Aquesta activitat ens ha perm\u00e8s aprendre, reflexionar i viure en primera persona l&#8217;esperit dels esports adaptats i inclusius. El taller s\u2019emmarca dins de l\u2019\u00e0rea d\u2019educaci\u00f3 f\u00edsica i valors.<\/p>\n<p>El taller va comen\u00e7ar amb una presentaci\u00f3 dels diferents esports dels Jocs Paral\u00edmpics, que ens va convidar a reflexionar sobre les barreres que afronten les persones amb diversitat funcional en l&#8217;\u00e0mbit esportiu.<\/p>\n<p>Despr\u00e9s vam practicar \u201cel goalball\u201d, un esport adaptat. Ens vam posar a la pell dels esportistes paral\u00edmpics jugant en equips de tres, amb una pilota amb cascavells. Port\u00e0vem antifa\u00e7os per garantir la igualtat i hav\u00edem de bloquejar la pilota amb el cos mentre intent\u00e0vem marcar gol. Va ser tot un repte! Vam treballar en equip, vam riure molt i vam valorar l\u2019esfor\u00e7 de superaci\u00f3 de les persones amb defici\u00e8ncia visual.<\/p>\n<p>Finalment, vam visitar tot el Museu Ol\u00edmpic i de l\u2019Esport, on vam descobrir moltes coses i objectes\u00a0 interessants sobre els esports ol\u00edmpics.<\/p>\n<p>Durant la visita vam tenir l\u2019oportunitat de visitar l\u2019anella i\u00a0 l\u2019estadi Ol\u00edmpic de Montjuic. Ens ho vam passar molt b\u00e9!<\/p>\n<p><a href=\"https:\/\/agora.xtec.cat\/esc-l-oreneta\/wp-content\/uploads\/usu2395\/2025\/03\/1.goldball.jpeg\"><img loading=\"lazy\" decoding=\"async\" class=\"alignnone wp-image-2784\" src=\"https:\/\/agora.xtec.cat\/esc-l-oreneta\/wp-content\/uploads\/usu2395\/2025\/03\/1.goldball-1024x576.jpeg\" alt=\"\" width=\"811\" height=\"456\" srcset=\"https:\/\/agora.xtec.cat\/esc-l-oreneta\/wp-content\/uploads\/usu2395\/2025\/03\/1.goldball-1024x576.jpeg 1024w, https:\/\/agora.xtec.cat\/esc-l-oreneta\/wp-content\/uploads\/usu2395\/2025\/03\/1.goldball-300x169.jpeg 300w, https:\/\/agora.xtec.cat\/esc-l-oreneta\/wp-content\/uploads\/usu2395\/2025\/03\/1.goldball-768x432.jpeg 768w, https:\/\/agora.xtec.cat\/esc-l-oreneta\/wp-content\/uploads\/usu2395\/2025\/03\/1.goldball-1536x863.jpeg 1536w, https:\/\/agora.xtec.cat\/esc-l-oreneta\/wp-content\/uploads\/usu2395\/2025\/03\/1.goldball.jpeg 2048w\" sizes=\"auto, (max-width: 811px) 100vw, 811px\" \/><\/a><\/p>\n<p><a href=\"https:\/\/agora.xtec.cat\/esc-l-oreneta\/wp-content\/uploads\/usu2395\/2025\/03\/GRUP-2.jpeg\"><img loading=\"lazy\" decoding=\"async\" class=\"alignnone size-large wp-image-2787\" src=\"https:\/\/agora.xtec.cat\/esc-l-oreneta\/wp-content\/uploads\/usu2395\/2025\/03\/GRUP-2-1024x768.jpeg\" alt=\"\" width=\"1024\" height=\"768\" srcset=\"https:\/\/agora.xtec.cat\/esc-l-oreneta\/wp-content\/uploads\/usu2395\/2025\/03\/GRUP-2-1024x768.jpeg 1024w, https:\/\/agora.xtec.cat\/esc-l-oreneta\/wp-content\/uploads\/usu2395\/2025\/03\/GRUP-2-300x225.jpeg 300w, https:\/\/agora.xtec.cat\/esc-l-oreneta\/wp-content\/uploads\/usu2395\/2025\/03\/GRUP-2-768x576.jpeg 768w, https:\/\/agora.xtec.cat\/esc-l-oreneta\/wp-content\/uploads\/usu2395\/2025\/03\/GRUP-2-1536x1152.jpeg 1536w, https:\/\/agora.xtec.cat\/esc-l-oreneta\/wp-content\/uploads\/usu2395\/2025\/03\/GRUP-2-200x150.jpeg 200w, https:\/\/agora.xtec.cat\/esc-l-oreneta\/wp-content\/uploads\/usu2395\/2025\/03\/GRUP-2.jpeg 1600w\" sizes=\"auto, (max-width: 1024px) 100vw, 1024px\" \/><\/a><\/p>\n<p><a href=\"https:\/\/agora.xtec.cat\/esc-l-oreneta\/wp-content\/uploads\/usu2395\/2025\/03\/GRUP3-1.jpeg\"><img loading=\"lazy\" decoding=\"async\" class=\"alignnone size-large wp-image-2788\" src=\"https:\/\/agora.xtec.cat\/esc-l-oreneta\/wp-content\/uploads\/usu2395\/2025\/03\/GRUP3-1-1024x768.jpeg\" alt=\"\" width=\"1024\" height=\"768\" srcset=\"https:\/\/agora.xtec.cat\/esc-l-oreneta\/wp-content\/uploads\/usu2395\/2025\/03\/GRUP3-1-1024x768.jpeg 1024w, https:\/\/agora.xtec.cat\/esc-l-oreneta\/wp-content\/uploads\/usu2395\/2025\/03\/GRUP3-1-300x225.jpeg 300w, https:\/\/agora.xtec.cat\/esc-l-oreneta\/wp-content\/uploads\/usu2395\/2025\/03\/GRUP3-1-768x576.jpeg 768w, https:\/\/agora.xtec.cat\/esc-l-oreneta\/wp-content\/uploads\/usu2395\/2025\/03\/GRUP3-1-1536x1152.jpeg 1536w, https:\/\/agora.xtec.cat\/esc-l-oreneta\/wp-content\/uploads\/usu2395\/2025\/03\/GRUP3-1-200x150.jpeg 200w, https:\/\/agora.xtec.cat\/esc-l-oreneta\/wp-content\/uploads\/usu2395\/2025\/03\/GRUP3-1.jpeg 2040w\" sizes=\"auto, (max-width: 1024px) 100vw, 1024px\" \/><\/a><\/p>\n<p><a href=\"https:\/\/agora.xtec.cat\/esc-l-oreneta\/wp-content\/uploads\/usu2395\/2025\/03\/GRUP-1-1.jpeg\"><img loading=\"lazy\" decoding=\"async\" class=\"alignnone size-large wp-image-2789\" src=\"https:\/\/agora.xtec.cat\/esc-l-oreneta\/wp-content\/uploads\/usu2395\/2025\/03\/GRUP-1-1-1024x768.jpeg\" alt=\"\" width=\"1024\" height=\"768\" srcset=\"https:\/\/agora.xtec.cat\/esc-l-oreneta\/wp-content\/uploads\/usu2395\/2025\/03\/GRUP-1-1-1024x768.jpeg 1024w, https:\/\/agora.xtec.cat\/esc-l-oreneta\/wp-content\/uploads\/usu2395\/2025\/03\/GRUP-1-1-300x225.jpeg 300w, https:\/\/agora.xtec.cat\/esc-l-oreneta\/wp-content\/uploads\/usu2395\/2025\/03\/GRUP-1-1-768x576.jpeg 768w, https:\/\/agora.xtec.cat\/esc-l-oreneta\/wp-content\/uploads\/usu2395\/2025\/03\/GRUP-1-1-1536x1152.jpeg 1536w, https:\/\/agora.xtec.cat\/esc-l-oreneta\/wp-content\/uploads\/usu2395\/2025\/03\/GRUP-1-1-200x150.jpeg 200w, https:\/\/agora.xtec.cat\/esc-l-oreneta\/wp-content\/uploads\/usu2395\/2025\/03\/GRUP-1-1.jpeg 2000w\" sizes=\"auto, (max-width: 1024px) 100vw, 1024px\" \/><\/a><\/p>\n","protected":false},"excerpt":{"rendered":"<p>El passat 18 de mar\u00e7, els nens i les nenes de 4t vam visitar el Museu Ol\u00edmpic i de l\u2019Esport, a Montju\u00efc, per realitzar el taller \u00a0&#8220;Sense l\u00edmits &#8211; Endinsa\u2019t en el m\u00f3n de la discapacitat i l\u2019esport\u201d Aquesta activitat ens ha perm\u00e8s aprendre, reflexionar&hellip;  <a href=\"https:\/\/agora.xtec.cat\/esc-l-oreneta\/portada\/visita-al-museu-olimpic-i-de-montjuic\/\" title=\"Read Visita al Museu Ol\u00edmpic i de Montju\u00efc\">Llegeix m\u00e9s\u00bb<\/a><\/p>\n","protected":false},"author":19,"featured_media":2786,"comment_status":"open","ping_status":"closed","sticky":false,"template":"","format":"standard","meta":{"_bbp_topic_count":0,"_bbp_reply_count":0,"_bbp_total_topic_count":0,"_bbp_total_reply_count":0,"_bbp_voice_count":0,"_bbp_anonymous_reply_count":0,"_bbp_topic_count_hidden":0,"_bbp_reply_count_hidden":0,"_bbp_forum_subforum_count":0,"footnotes":""},"categories":[13,4],"tags":[],"class_list":["post-2782","post","type-post","status-publish","format-standard","has-post-thumbnail","hentry","category-4t","category-portada"],"post_mailing_queue_ids":[],"_links":{"self":[{"href":"https:\/\/agora.xtec.cat\/esc-l-oreneta\/wp-json\/wp\/v2\/posts\/2782","targetHints":{"allow":["GET"]}}],"collection":[{"href":"https:\/\/agora.xtec.cat\/esc-l-oreneta\/wp-json\/wp\/v2\/posts"}],"about":[{"href":"https:\/\/agora.xtec.cat\/esc-l-oreneta\/wp-json\/wp\/v2\/types\/post"}],"author":[{"embeddable":true,"href":"https:\/\/agora.xtec.cat\/esc-l-oreneta\/wp-json\/wp\/v2\/users\/19"}],"replies":[{"embeddable":true,"href":"https:\/\/agora.xtec.cat\/esc-l-oreneta\/wp-json\/wp\/v2\/comments?post=2782"}],"version-history":[{"count":1,"href":"https:\/\/agora.xtec.cat\/esc-l-oreneta\/wp-json\/wp\/v2\/posts\/2782\/revisions"}],"predecessor-version":[{"id":2790,"href":"https:\/\/agora.xtec.cat\/esc-l-oreneta\/wp-json\/wp\/v2\/posts\/2782\/revisions\/2790"}],"wp:featuredmedia":[{"embeddable":true,"href":"https:\/\/agora.xtec.cat\/esc-l-oreneta\/wp-json\/wp\/v2\/media\/2786"}],"wp:attachment":[{"href":"https:\/\/agora.xtec.cat\/esc-l-oreneta\/wp-json\/wp\/v2\/media?parent=2782"}],"wp:term":[{"taxonomy":"category","embeddable":true,"href":"https:\/\/agora.xtec.cat\/esc-l-oreneta\/wp-json\/wp\/v2\/categories?post=2782"},{"taxonomy":"post_tag","embeddable":true,"href":"https:\/\/agora.xtec.cat\/esc-l-oreneta\/wp-json\/wp\/v2\/tags?post=2782"}],"curies":[{"name":"wp","href":"https:\/\/api.w.org\/{rel}","templated":true}]}}