{"id":2586,"date":"2025-03-13T12:31:19","date_gmt":"2025-03-13T11:31:19","guid":{"rendered":"https:\/\/agora.xtec.cat\/esc-l-oreneta\/?p=2586"},"modified":"2025-03-13T18:41:21","modified_gmt":"2025-03-13T17:41:21","slug":"rondo-clicka-marxa-turca-i-pirates-la-musica-a-lescola-loreneta","status":"publish","type":"post","link":"https:\/\/agora.xtec.cat\/esc-l-oreneta\/portada\/rondo-clicka-marxa-turca-i-pirates-la-musica-a-lescola-loreneta\/","title":{"rendered":"Rond\u00f3, Clicka, Marxa Turca&#8230; i pirates! La m\u00fasica a l&#8217;escola l&#8217;Oreneta"},"content":{"rendered":"<p>A<em> <strong>Cicle Inicial<\/strong><\/em>, amb 1r estem descobrint els <strong>ritmes musicals b\u00e0sics<\/strong>, i ens convertim en artistes per interpretar-los davant els companys i companyes de classe. Ja en sabem 3 diferents, i estem experimentant com els podem combinar i crear els nostres propis ritmes, fent el que m\u00e9s ens agradi.<\/p>\n<p>A les classes de 2n, seguim preparant \u201c<strong>La Clika<\/strong>\u201d, per poder fer un gran concert al maig on les fam\u00edlies puguin veure la feina que estem fent!<\/p>\n<p>A <em><strong>Cicle Mitj\u00e0<\/strong><\/em> els alumnes de 3r han estat treballant l\u2019estructura musical del <strong>rond\u00f3<\/strong>. Per fer-ho hem apr\u00e8s primerament uns ritmes senzills que hem interpretat amb percussi\u00f3 corporal. A partir de l&#8217;interpretaci\u00f3 hem constru\u00eft el rond\u00f3 amb estructura ABACA.<br \/>\nPer ampliar aquest primer contacte amb el rond\u00f3 tamb\u00e9 hem treballat l\u2019audici\u00f3 \u201cTe Deum\u201d de Charpentier amb moviments associats a cada part. A m\u00e9s a m\u00e9s, aix\u00f2 ens ha perm\u00e8s iniciar-nos a la lectura musical amb les negres, dues corxeres i silencis i les notes do, mi i sol! Amb <strong>recursos digitals<\/strong> hem entrenat aquesta lectura i incl\u00fas hem fet un bingo musical!<\/p>\n<p><a href=\"https:\/\/agora.xtec.cat\/esc-l-oreneta\/wp-content\/uploads\/usu2395\/2025\/03\/IMG_0246-scaled.jpg\"><img loading=\"lazy\" decoding=\"async\" class=\"alignnone wp-image-2597 \" src=\"https:\/\/agora.xtec.cat\/esc-l-oreneta\/wp-content\/uploads\/usu2395\/2025\/03\/IMG_0246-scaled-e1741866376531-300x202.jpg\" alt=\"\" width=\"346\" height=\"233\" srcset=\"https:\/\/agora.xtec.cat\/esc-l-oreneta\/wp-content\/uploads\/usu2395\/2025\/03\/IMG_0246-scaled-e1741866376531-300x202.jpg 300w, https:\/\/agora.xtec.cat\/esc-l-oreneta\/wp-content\/uploads\/usu2395\/2025\/03\/IMG_0246-scaled-e1741866376531-1024x689.jpg 1024w, https:\/\/agora.xtec.cat\/esc-l-oreneta\/wp-content\/uploads\/usu2395\/2025\/03\/IMG_0246-scaled-e1741866376531-768x517.jpg 768w, https:\/\/agora.xtec.cat\/esc-l-oreneta\/wp-content\/uploads\/usu2395\/2025\/03\/IMG_0246-scaled-e1741866376531-1536x1034.jpg 1536w, https:\/\/agora.xtec.cat\/esc-l-oreneta\/wp-content\/uploads\/usu2395\/2025\/03\/IMG_0246-scaled-e1741866376531-2048x1378.jpg 2048w\" sizes=\"auto, (max-width: 346px) 100vw, 346px\" \/><\/a><a href=\"https:\/\/agora.xtec.cat\/esc-l-oreneta\/wp-content\/uploads\/usu2395\/2025\/03\/IMG_0248-scaled.jpg\"><img loading=\"lazy\" decoding=\"async\" class=\"wp-image-2598 size-medium alignnone\" src=\"https:\/\/agora.xtec.cat\/esc-l-oreneta\/wp-content\/uploads\/usu2395\/2025\/03\/IMG_0248-scaled-e1741866434614-300x234.jpg\" alt=\"\" width=\"300\" height=\"234\" srcset=\"https:\/\/agora.xtec.cat\/esc-l-oreneta\/wp-content\/uploads\/usu2395\/2025\/03\/IMG_0248-scaled-e1741866434614-300x234.jpg 300w, https:\/\/agora.xtec.cat\/esc-l-oreneta\/wp-content\/uploads\/usu2395\/2025\/03\/IMG_0248-scaled-e1741866434614-1024x799.jpg 1024w, https:\/\/agora.xtec.cat\/esc-l-oreneta\/wp-content\/uploads\/usu2395\/2025\/03\/IMG_0248-scaled-e1741866434614-768x599.jpg 768w, https:\/\/agora.xtec.cat\/esc-l-oreneta\/wp-content\/uploads\/usu2395\/2025\/03\/IMG_0248-scaled-e1741866434614-1536x1199.jpg 1536w, https:\/\/agora.xtec.cat\/esc-l-oreneta\/wp-content\/uploads\/usu2395\/2025\/03\/IMG_0248-scaled-e1741866434614-2048x1598.jpg 2048w\" sizes=\"auto, (max-width: 300px) 100vw, 300px\" \/><\/a><a href=\"https:\/\/agora.xtec.cat\/esc-l-oreneta\/wp-content\/uploads\/usu2395\/2025\/03\/IMG_0246.heic\"><img decoding=\"async\" class=\"alignnone size-full wp-image-2589\" src=\"https:\/\/agora.xtec.cat\/esc-l-oreneta\/wp-content\/uploads\/usu2395\/2025\/03\/IMG_0246.heic\" alt=\"\" \/><\/a><a href=\"https:\/\/agora.xtec.cat\/esc-l-oreneta\/wp-content\/uploads\/usu2395\/2025\/03\/IMG_0246.heic\"><img decoding=\"async\" class=\"alignnone size-full wp-image-2590\" src=\"https:\/\/agora.xtec.cat\/esc-l-oreneta\/wp-content\/uploads\/usu2395\/2025\/03\/IMG_0246.heic\" alt=\"\" \/><\/a><br \/>\nEls alumnes de 4rt hem treballat les audicions \u201cel Carnaval de Ven\u00e8cia\u201d de Paganini i \u201cSimfonia n.4, Finale\u201d de Txaikovski per identificar el tema principal i despr\u00e9s observar el <strong>tema amb variacions<\/strong> d\u2019aquest mateix tema. A m\u00e9s a m\u00e9s, ens hem endinsat al m\u00f3n del Poni Pisador amb un fragment de la can\u00e7\u00f3 \u201cTot \u00e9s part de ser un pirata\u201d! Tot plegat ampliant el repertori de can\u00e7ons que els alumnes estan aprenent aquest curs i de percussi\u00f3 corporal.<\/p>\n<p>A <em><strong>Cicle Superior<\/strong><\/em>, 5\u00e8 segueix preparant la <strong>cant\u00e0nia<\/strong>. Ja ens sabem totes les can\u00e7ons, i comencem a preparar les coreografies. Ser\u00e0 un gran espectacle!<\/p>\n<p><a href=\"https:\/\/agora.xtec.cat\/esc-l-oreneta\/wp-content\/uploads\/usu2395\/2025\/03\/843fc356-507d-4629-84c7-7f7ad66f9d39.jpg\"><img loading=\"lazy\" decoding=\"async\" class=\"wp-image-2588 aligncenter\" src=\"https:\/\/agora.xtec.cat\/esc-l-oreneta\/wp-content\/uploads\/usu2395\/2025\/03\/843fc356-507d-4629-84c7-7f7ad66f9d39-300x225.jpg\" alt=\"\" width=\"455\" height=\"341\" srcset=\"https:\/\/agora.xtec.cat\/esc-l-oreneta\/wp-content\/uploads\/usu2395\/2025\/03\/843fc356-507d-4629-84c7-7f7ad66f9d39-300x225.jpg 300w, https:\/\/agora.xtec.cat\/esc-l-oreneta\/wp-content\/uploads\/usu2395\/2025\/03\/843fc356-507d-4629-84c7-7f7ad66f9d39-1024x768.jpg 1024w, https:\/\/agora.xtec.cat\/esc-l-oreneta\/wp-content\/uploads\/usu2395\/2025\/03\/843fc356-507d-4629-84c7-7f7ad66f9d39-768x576.jpg 768w, https:\/\/agora.xtec.cat\/esc-l-oreneta\/wp-content\/uploads\/usu2395\/2025\/03\/843fc356-507d-4629-84c7-7f7ad66f9d39-1536x1152.jpg 1536w, https:\/\/agora.xtec.cat\/esc-l-oreneta\/wp-content\/uploads\/usu2395\/2025\/03\/843fc356-507d-4629-84c7-7f7ad66f9d39-200x150.jpg 200w, https:\/\/agora.xtec.cat\/esc-l-oreneta\/wp-content\/uploads\/usu2395\/2025\/03\/843fc356-507d-4629-84c7-7f7ad66f9d39.jpg 2048w\" sizes=\"auto, (max-width: 455px) 100vw, 455px\" \/><\/a><\/p>\n<p>Amb els m\u00e9s grans de l\u2019escola, 6\u00e8, estem treballant a partir de la \u201cMarxa Turca\u201d de Mozart, i estem preparant una <strong>creaci\u00f3 amb instruments<\/strong>. Estan fets uns i unes artistes!<\/p>\n","protected":false},"excerpt":{"rendered":"<p>A Cicle Inicial, amb 1r estem descobrint els ritmes musicals b\u00e0sics, i ens convertim en artistes per interpretar-los davant els companys i companyes de classe. Ja en sabem 3 diferents, i estem experimentant com els podem combinar i crear els nostres propis ritmes, fent el&hellip;  <a href=\"https:\/\/agora.xtec.cat\/esc-l-oreneta\/portada\/rondo-clicka-marxa-turca-i-pirates-la-musica-a-lescola-loreneta\/\" title=\"Read Rond\u00f3, Clicka, Marxa Turca&#8230; i pirates! La m\u00fasica a l&#8217;escola l&#8217;Oreneta\">Llegeix m\u00e9s\u00bb<\/a><\/p>\n","protected":false},"author":65,"featured_media":2588,"comment_status":"open","ping_status":"closed","sticky":false,"template":"","format":"standard","meta":{"_bbp_topic_count":0,"_bbp_reply_count":0,"_bbp_total_topic_count":0,"_bbp_total_reply_count":0,"_bbp_voice_count":0,"_bbp_anonymous_reply_count":0,"_bbp_topic_count_hidden":0,"_bbp_reply_count_hidden":0,"_bbp_forum_subforum_count":0,"footnotes":""},"categories":[10,11,12,13,14,15,4],"tags":[],"class_list":["post-2586","post","type-post","status-publish","format-standard","has-post-thumbnail","hentry","category-1r","category-2n","category-3r","category-4t","category-5e","category-6e","category-portada"],"post_mailing_queue_ids":[],"_links":{"self":[{"href":"https:\/\/agora.xtec.cat\/esc-l-oreneta\/wp-json\/wp\/v2\/posts\/2586","targetHints":{"allow":["GET"]}}],"collection":[{"href":"https:\/\/agora.xtec.cat\/esc-l-oreneta\/wp-json\/wp\/v2\/posts"}],"about":[{"href":"https:\/\/agora.xtec.cat\/esc-l-oreneta\/wp-json\/wp\/v2\/types\/post"}],"author":[{"embeddable":true,"href":"https:\/\/agora.xtec.cat\/esc-l-oreneta\/wp-json\/wp\/v2\/users\/65"}],"replies":[{"embeddable":true,"href":"https:\/\/agora.xtec.cat\/esc-l-oreneta\/wp-json\/wp\/v2\/comments?post=2586"}],"version-history":[{"count":4,"href":"https:\/\/agora.xtec.cat\/esc-l-oreneta\/wp-json\/wp\/v2\/posts\/2586\/revisions"}],"predecessor-version":[{"id":2601,"href":"https:\/\/agora.xtec.cat\/esc-l-oreneta\/wp-json\/wp\/v2\/posts\/2586\/revisions\/2601"}],"wp:featuredmedia":[{"embeddable":true,"href":"https:\/\/agora.xtec.cat\/esc-l-oreneta\/wp-json\/wp\/v2\/media\/2588"}],"wp:attachment":[{"href":"https:\/\/agora.xtec.cat\/esc-l-oreneta\/wp-json\/wp\/v2\/media?parent=2586"}],"wp:term":[{"taxonomy":"category","embeddable":true,"href":"https:\/\/agora.xtec.cat\/esc-l-oreneta\/wp-json\/wp\/v2\/categories?post=2586"},{"taxonomy":"post_tag","embeddable":true,"href":"https:\/\/agora.xtec.cat\/esc-l-oreneta\/wp-json\/wp\/v2\/tags?post=2586"}],"curies":[{"name":"wp","href":"https:\/\/api.w.org\/{rel}","templated":true}]}}