{"id":2506,"date":"2025-03-11T13:49:09","date_gmt":"2025-03-11T12:49:09","guid":{"rendered":"https:\/\/agora.xtec.cat\/esc-l-oreneta\/?p=2506"},"modified":"2025-03-11T13:55:08","modified_gmt":"2025-03-11T12:55:08","slug":"tutti-fan-piu-els-petits-anem-a-lauditori","status":"publish","type":"post","link":"https:\/\/agora.xtec.cat\/esc-l-oreneta\/infantil\/tutti-fan-piu-els-petits-anem-a-lauditori\/","title":{"rendered":"Tutti Fan Piu: els petits anem a l&#8217;Auditori!"},"content":{"rendered":"<p data-pm-slice=\"1 1 []\">El passat 7 de mar\u00e7 els alumnes d\u2019I3 vam anar a l\u2019auditori de Barcelona. Enguany el concert que vam anar veure es titula <strong>\u201cTutti fan Piu\u201d<\/strong> i \u00e9s un espectacle que ens apropa a altres pa\u00efsos i els seus sons a trav\u00e9s del cant dels diferents ocells que hi habiten. D\u2019aquesta manera, personatges com ping\u00fcins, oques, cignes o merles exploren a trav\u00e9s de la m\u00fasica sons tradicionals d\u2019aqu\u00ed i d\u2019all\u00e0 i aix\u00ed com can\u00e7ons m\u00e9s modernes com la m\u00edtica \u201cblackbird\u201d de The Beatles. Tot plegat interpretat per m\u00fasics amb acordi\u00f3, percussi\u00f3, mandolines, banjos, guitarres, violoncels, trompetes\u2026 i molts m\u00e9s!<\/p>\n<p>Per treballar algunes d\u2019aquestes audicions pr\u00e8viament a la sortida, hem ballat conjuntament seguint una coreografia que ens ajuda a entendre l\u2019estructura i car\u00e0cter de la pe\u00e7a. Tamb\u00e9 hem cantat tant amb acompanyament musical com sense una can\u00e7\u00f3 tradicional que segur que us sona: les Oques van descalces. D\u2019aquesta manera els alumnes el dia del concert van poder anticipar tres de les peces que s\u2019interpretarien i participar-hi cantant i ballant.<\/p>\n<p data-pm-slice=\"1 1 []\">Durant l&#8217;espectacle no es podien fer enregistraments, per\u00f2 s\u00ed que us podem compartir imatges dels infants d&#8217;I3 preparats per comen\u00e7ar tan fora l&#8217;auditori esperant l&#8217;hora d&#8217;entrada com un cop dins frisant perqu\u00e8 comenci l&#8217;espectacle!<\/p>\n<p><a href=\"https:\/\/agora.xtec.cat\/esc-l-oreneta\/wp-content\/uploads\/usu2395\/2025\/03\/b020ce52-e92b-442d-8115-caa88a85ba1e.jpg\"><img loading=\"lazy\" decoding=\"async\" class=\"alignnone wp-image-2507 \" src=\"https:\/\/agora.xtec.cat\/esc-l-oreneta\/wp-content\/uploads\/usu2395\/2025\/03\/b020ce52-e92b-442d-8115-caa88a85ba1e-300x169.jpg\" alt=\"\" width=\"423\" height=\"238\" srcset=\"https:\/\/agora.xtec.cat\/esc-l-oreneta\/wp-content\/uploads\/usu2395\/2025\/03\/b020ce52-e92b-442d-8115-caa88a85ba1e-300x169.jpg 300w, https:\/\/agora.xtec.cat\/esc-l-oreneta\/wp-content\/uploads\/usu2395\/2025\/03\/b020ce52-e92b-442d-8115-caa88a85ba1e-1024x576.jpg 1024w, https:\/\/agora.xtec.cat\/esc-l-oreneta\/wp-content\/uploads\/usu2395\/2025\/03\/b020ce52-e92b-442d-8115-caa88a85ba1e-768x432.jpg 768w, https:\/\/agora.xtec.cat\/esc-l-oreneta\/wp-content\/uploads\/usu2395\/2025\/03\/b020ce52-e92b-442d-8115-caa88a85ba1e-1536x864.jpg 1536w, https:\/\/agora.xtec.cat\/esc-l-oreneta\/wp-content\/uploads\/usu2395\/2025\/03\/b020ce52-e92b-442d-8115-caa88a85ba1e.jpg 2048w\" sizes=\"auto, (max-width: 423px) 100vw, 423px\" \/><\/a><a href=\"https:\/\/agora.xtec.cat\/esc-l-oreneta\/wp-content\/uploads\/usu2395\/2025\/03\/0171e5f9-0a4b-4102-a82c-110db346ef20.jpg\"><img loading=\"lazy\" decoding=\"async\" class=\"wp-image-2508 size-medium alignleft\" src=\"https:\/\/agora.xtec.cat\/esc-l-oreneta\/wp-content\/uploads\/usu2395\/2025\/03\/0171e5f9-0a4b-4102-a82c-110db346ef20-300x225.jpg\" alt=\"\" width=\"300\" height=\"225\" srcset=\"https:\/\/agora.xtec.cat\/esc-l-oreneta\/wp-content\/uploads\/usu2395\/2025\/03\/0171e5f9-0a4b-4102-a82c-110db346ef20-300x225.jpg 300w, https:\/\/agora.xtec.cat\/esc-l-oreneta\/wp-content\/uploads\/usu2395\/2025\/03\/0171e5f9-0a4b-4102-a82c-110db346ef20-1024x768.jpg 1024w, https:\/\/agora.xtec.cat\/esc-l-oreneta\/wp-content\/uploads\/usu2395\/2025\/03\/0171e5f9-0a4b-4102-a82c-110db346ef20-768x576.jpg 768w, https:\/\/agora.xtec.cat\/esc-l-oreneta\/wp-content\/uploads\/usu2395\/2025\/03\/0171e5f9-0a4b-4102-a82c-110db346ef20-1536x1152.jpg 1536w, https:\/\/agora.xtec.cat\/esc-l-oreneta\/wp-content\/uploads\/usu2395\/2025\/03\/0171e5f9-0a4b-4102-a82c-110db346ef20-200x150.jpg 200w, https:\/\/agora.xtec.cat\/esc-l-oreneta\/wp-content\/uploads\/usu2395\/2025\/03\/0171e5f9-0a4b-4102-a82c-110db346ef20.jpg 1600w\" sizes=\"auto, (max-width: 300px) 100vw, 300px\" \/><\/a><a href=\"https:\/\/agora.xtec.cat\/esc-l-oreneta\/wp-content\/uploads\/usu2395\/2025\/03\/ec1d4a71-e53c-44ff-9e77-2d031afc3448.jpg\"><img loading=\"lazy\" decoding=\"async\" class=\"alignnone wp-image-2511 \" src=\"https:\/\/agora.xtec.cat\/esc-l-oreneta\/wp-content\/uploads\/usu2395\/2025\/03\/ec1d4a71-e53c-44ff-9e77-2d031afc3448-300x225.jpg\" alt=\"\" width=\"397\" height=\"298\" srcset=\"https:\/\/agora.xtec.cat\/esc-l-oreneta\/wp-content\/uploads\/usu2395\/2025\/03\/ec1d4a71-e53c-44ff-9e77-2d031afc3448-300x225.jpg 300w, https:\/\/agora.xtec.cat\/esc-l-oreneta\/wp-content\/uploads\/usu2395\/2025\/03\/ec1d4a71-e53c-44ff-9e77-2d031afc3448-1024x768.jpg 1024w, https:\/\/agora.xtec.cat\/esc-l-oreneta\/wp-content\/uploads\/usu2395\/2025\/03\/ec1d4a71-e53c-44ff-9e77-2d031afc3448-768x576.jpg 768w, https:\/\/agora.xtec.cat\/esc-l-oreneta\/wp-content\/uploads\/usu2395\/2025\/03\/ec1d4a71-e53c-44ff-9e77-2d031afc3448-1536x1152.jpg 1536w, https:\/\/agora.xtec.cat\/esc-l-oreneta\/wp-content\/uploads\/usu2395\/2025\/03\/ec1d4a71-e53c-44ff-9e77-2d031afc3448-200x150.jpg 200w, https:\/\/agora.xtec.cat\/esc-l-oreneta\/wp-content\/uploads\/usu2395\/2025\/03\/ec1d4a71-e53c-44ff-9e77-2d031afc3448.jpg 1600w\" sizes=\"auto, (max-width: 397px) 100vw, 397px\" \/><\/a><a href=\"https:\/\/agora.xtec.cat\/esc-l-oreneta\/wp-content\/uploads\/usu2395\/2025\/03\/PHOTO-2025-03-11-12-51-26.jpg\"><img loading=\"lazy\" decoding=\"async\" class=\"size-medium wp-image-2517 alignleft\" src=\"https:\/\/agora.xtec.cat\/esc-l-oreneta\/wp-content\/uploads\/usu2395\/2025\/03\/PHOTO-2025-03-11-12-51-26-225x300.jpg\" alt=\"\" width=\"225\" height=\"300\" srcset=\"https:\/\/agora.xtec.cat\/esc-l-oreneta\/wp-content\/uploads\/usu2395\/2025\/03\/PHOTO-2025-03-11-12-51-26-225x300.jpg 225w, https:\/\/agora.xtec.cat\/esc-l-oreneta\/wp-content\/uploads\/usu2395\/2025\/03\/PHOTO-2025-03-11-12-51-26-768x1024.jpg 768w, https:\/\/agora.xtec.cat\/esc-l-oreneta\/wp-content\/uploads\/usu2395\/2025\/03\/PHOTO-2025-03-11-12-51-26-1152x1536.jpg 1152w, https:\/\/agora.xtec.cat\/esc-l-oreneta\/wp-content\/uploads\/usu2395\/2025\/03\/PHOTO-2025-03-11-12-51-26.jpg 1200w\" sizes=\"auto, (max-width: 225px) 100vw, 225px\" \/><\/a><\/p>\n<p data-pm-slice=\"1 1 []\">Tamb\u00e9 compartim amb vosaltres el v\u00eddeo promocional de l&#8217;acte on podeu veure un tastet del concert: <a href=\"https:\/\/agora.xtec.cat\/esc-l-oreneta\/wp-content\/uploads\/usu2395\/2025\/03\/35YicYQUcviZCTXI3ZGE4VGFAx1l4a-metaX0RTQzI2MDZfMDIuanBn-preview-1.jpg\"><img loading=\"lazy\" decoding=\"async\" class=\"wp-image-2512 alignright\" src=\"https:\/\/agora.xtec.cat\/esc-l-oreneta\/wp-content\/uploads\/usu2395\/2025\/03\/35YicYQUcviZCTXI3ZGE4VGFAx1l4a-metaX0RTQzI2MDZfMDIuanBn-preview-1-300x225.jpg\" alt=\"\" width=\"328\" height=\"246\" srcset=\"https:\/\/agora.xtec.cat\/esc-l-oreneta\/wp-content\/uploads\/usu2395\/2025\/03\/35YicYQUcviZCTXI3ZGE4VGFAx1l4a-metaX0RTQzI2MDZfMDIuanBn-preview-1-300x225.jpg 300w, https:\/\/agora.xtec.cat\/esc-l-oreneta\/wp-content\/uploads\/usu2395\/2025\/03\/35YicYQUcviZCTXI3ZGE4VGFAx1l4a-metaX0RTQzI2MDZfMDIuanBn-preview-1-200x150.jpg 200w, https:\/\/agora.xtec.cat\/esc-l-oreneta\/wp-content\/uploads\/usu2395\/2025\/03\/35YicYQUcviZCTXI3ZGE4VGFAx1l4a-metaX0RTQzI2MDZfMDIuanBn-preview-1.jpg 400w\" sizes=\"auto, (max-width: 328px) 100vw, 328px\" \/><\/a> <a href=\"https:\/\/www.youtube.com\/watch?v=xyrr2kpb_J0\">https:\/\/www.youtube.com\/watch?v=xyrr2kpb_J0<\/a><\/p>\n<p>Us recomanem que li doneu un cop d\u2019ull a la p\u00e0gina web de l\u2019espectacle on podeu trobar els enregistraments de les can\u00e7ons que els nens i nenes van poder escoltar el dia del concert: <a href=\"https:\/\/soundcloud.com\/lauditori\/01-improvisacio-1?in=lauditori\/sets\/tutti-fan-piu\">https:\/\/soundcloud.com\/lauditori\/01-improvisacio-1?in=lauditori\/sets\/tutti-fan-piu\u00a0<\/a><\/p>\n","protected":false},"excerpt":{"rendered":"<p>El passat 7 de mar\u00e7 els alumnes d\u2019I3 vam anar a l\u2019auditori de Barcelona. Enguany el concert que vam anar veure es titula \u201cTutti fan Piu\u201d i \u00e9s un espectacle que ens apropa a altres pa\u00efsos i els seus sons a trav\u00e9s del cant dels&hellip;  <a href=\"https:\/\/agora.xtec.cat\/esc-l-oreneta\/infantil\/tutti-fan-piu-els-petits-anem-a-lauditori\/\" title=\"Read Tutti Fan Piu: els petits anem a l&#8217;Auditori!\">Llegeix m\u00e9s\u00bb<\/a><\/p>\n","protected":false},"author":65,"featured_media":2515,"comment_status":"open","ping_status":"closed","sticky":false,"template":"","format":"standard","meta":{"_bbp_topic_count":0,"_bbp_reply_count":0,"_bbp_total_topic_count":0,"_bbp_total_reply_count":0,"_bbp_voice_count":0,"_bbp_anonymous_reply_count":0,"_bbp_topic_count_hidden":0,"_bbp_reply_count_hidden":0,"_bbp_forum_subforum_count":0,"footnotes":""},"categories":[2,3,4],"tags":[103,101,102],"class_list":["post-2506","post","type-post","status-publish","format-standard","has-post-thumbnail","hentry","category-infantil","category-p3","category-portada","tag-concert","tag-musica","tag-sortida"],"post_mailing_queue_ids":[],"_links":{"self":[{"href":"https:\/\/agora.xtec.cat\/esc-l-oreneta\/wp-json\/wp\/v2\/posts\/2506","targetHints":{"allow":["GET"]}}],"collection":[{"href":"https:\/\/agora.xtec.cat\/esc-l-oreneta\/wp-json\/wp\/v2\/posts"}],"about":[{"href":"https:\/\/agora.xtec.cat\/esc-l-oreneta\/wp-json\/wp\/v2\/types\/post"}],"author":[{"embeddable":true,"href":"https:\/\/agora.xtec.cat\/esc-l-oreneta\/wp-json\/wp\/v2\/users\/65"}],"replies":[{"embeddable":true,"href":"https:\/\/agora.xtec.cat\/esc-l-oreneta\/wp-json\/wp\/v2\/comments?post=2506"}],"version-history":[{"count":3,"href":"https:\/\/agora.xtec.cat\/esc-l-oreneta\/wp-json\/wp\/v2\/posts\/2506\/revisions"}],"predecessor-version":[{"id":2519,"href":"https:\/\/agora.xtec.cat\/esc-l-oreneta\/wp-json\/wp\/v2\/posts\/2506\/revisions\/2519"}],"wp:featuredmedia":[{"embeddable":true,"href":"https:\/\/agora.xtec.cat\/esc-l-oreneta\/wp-json\/wp\/v2\/media\/2515"}],"wp:attachment":[{"href":"https:\/\/agora.xtec.cat\/esc-l-oreneta\/wp-json\/wp\/v2\/media?parent=2506"}],"wp:term":[{"taxonomy":"category","embeddable":true,"href":"https:\/\/agora.xtec.cat\/esc-l-oreneta\/wp-json\/wp\/v2\/categories?post=2506"},{"taxonomy":"post_tag","embeddable":true,"href":"https:\/\/agora.xtec.cat\/esc-l-oreneta\/wp-json\/wp\/v2\/tags?post=2506"}],"curies":[{"name":"wp","href":"https:\/\/api.w.org\/{rel}","templated":true}]}}