{"id":2271,"date":"2025-02-11T10:10:45","date_gmt":"2025-02-11T09:10:45","guid":{"rendered":"https:\/\/agora.xtec.cat\/esc-l-oreneta\/?p=2271"},"modified":"2025-02-08T12:27:12","modified_gmt":"2025-02-08T11:27:12","slug":"espais-daprenentatge-a-cicle-inicial","status":"publish","type":"post","link":"https:\/\/agora.xtec.cat\/esc-l-oreneta\/portada\/espais-daprenentatge-a-cicle-inicial\/","title":{"rendered":"Espais d&#8217;aprenentatge a Cicle inicial"},"content":{"rendered":"<p>Aquest trimestre, els dimecres a la tarda, hem comen\u00e7at a organitzar-nos per espais d&#8217;aprenentatge. Es tracta de propostes tem\u00e0tiques en grups redu\u00efts on els infants de 1r i 2n van junts i aix\u00ed poden gaudir de barrejar-se amb altres companys\/es de diferents grups i edats (dins del mateix cicle). A m\u00e9s, a cada espai hi trobem una mestra de refer\u00e8ncia i fins a final de curs, tots els nens i nenes passaran per tots els espais.<\/p>\n<p>Els diferents espais que hem preparat s\u00f3n:<\/p>\n<p>&#8211;<strong>Rob\u00f2tica.<\/strong> Una presa de contacte amb aquest m\u00f3n apassionant dels robots i les seves aplicacions en jocs diversos.<\/p>\n<p>&#8211;<strong>Mou-te<\/strong>. Una estona per connectar amb la m\u00fasica, el cos, els ritmes i el moviment.<\/p>\n<p>&#8211;<strong>Atelier<\/strong>. Un taller d&#8217;art amb diversos materials i t\u00e8cniques per desplegar la creativitat a trav\u00e9s de la pintura, el collage, el fang i altres.<\/p>\n<p>&#8211;<strong>H\u00e0bitat<\/strong>. Un m\u00f3n de racons de joc simb\u00f2lic (doctor, restaurant, house, shop) on poder ser i fer tot all\u00f2 que imaginem i on ens expressem en angl\u00e8s-catal\u00e0.<\/p>\n<p>&#8211;<strong>Cient\u00edfics<\/strong>. Un laboratori per a investigar i experimentar com aut\u00e8ntics cient\u00edfics.<\/p>\n<p>&#8211;<strong>Ens expressem<\/strong>. Un espai ple de jocs de lletres i paraules, titelles i un rac\u00f3 de teatre per crear les nostres pr\u00f2pies obres i escenificar-les.<\/p>\n<p>&#8211;<strong>Matem\u00e0tics<\/strong>. Un espai de jocs matem\u00e0tics i moments per experimentar amb balances, calculadores i altres estris del m\u00f3n de les &#8220;mates&#8221;.<\/p>\n<p>&#8211;<strong>Constru\u00efm.<\/strong> Un m\u00f3n de construccions on construir, destruir i crear amb diferents tipus de peces de fusta, cartr\u00f3 i altres materials.<\/p>\n<p>Vuit espais fant\u00e0stics per jugar aprenent i aprendre jugant! Els nens i nenes s&#8217;ho passen d&#8217;all\u00f2 m\u00e9s b\u00e9 com podeu veure a les <strong><a href=\"https:\/\/drive.google.com\/drive\/folders\/1R9GMtFnZbxwv3DGET_Io2R5bBt2pwijQ?usp=sharing\">IMATGES<\/a><\/strong>. Us seguirem informant!<\/p>\n","protected":false},"excerpt":{"rendered":"<p>Aquest trimestre, els dimecres a la tarda, hem comen\u00e7at a organitzar-nos per espais d&#8217;aprenentatge. Es tracta de propostes tem\u00e0tiques en grups redu\u00efts on els infants de 1r i 2n van junts i aix\u00ed poden gaudir de barrejar-se amb altres companys\/es de diferents grups i edats&hellip;  <a href=\"https:\/\/agora.xtec.cat\/esc-l-oreneta\/portada\/espais-daprenentatge-a-cicle-inicial\/\" title=\"Read Espais d&#8217;aprenentatge a Cicle inicial\">Llegeix m\u00e9s\u00bb<\/a><\/p>\n","protected":false},"author":4,"featured_media":2275,"comment_status":"open","ping_status":"closed","sticky":false,"template":"","format":"standard","meta":{"_bbp_topic_count":0,"_bbp_reply_count":0,"_bbp_total_topic_count":0,"_bbp_total_reply_count":0,"_bbp_voice_count":0,"_bbp_anonymous_reply_count":0,"_bbp_topic_count_hidden":0,"_bbp_reply_count_hidden":0,"_bbp_forum_subforum_count":0,"footnotes":""},"categories":[10,11,4],"tags":[],"class_list":["post-2271","post","type-post","status-publish","format-standard","has-post-thumbnail","hentry","category-1r","category-2n","category-portada"],"post_mailing_queue_ids":[],"_links":{"self":[{"href":"https:\/\/agora.xtec.cat\/esc-l-oreneta\/wp-json\/wp\/v2\/posts\/2271","targetHints":{"allow":["GET"]}}],"collection":[{"href":"https:\/\/agora.xtec.cat\/esc-l-oreneta\/wp-json\/wp\/v2\/posts"}],"about":[{"href":"https:\/\/agora.xtec.cat\/esc-l-oreneta\/wp-json\/wp\/v2\/types\/post"}],"author":[{"embeddable":true,"href":"https:\/\/agora.xtec.cat\/esc-l-oreneta\/wp-json\/wp\/v2\/users\/4"}],"replies":[{"embeddable":true,"href":"https:\/\/agora.xtec.cat\/esc-l-oreneta\/wp-json\/wp\/v2\/comments?post=2271"}],"version-history":[{"count":5,"href":"https:\/\/agora.xtec.cat\/esc-l-oreneta\/wp-json\/wp\/v2\/posts\/2271\/revisions"}],"predecessor-version":[{"id":2278,"href":"https:\/\/agora.xtec.cat\/esc-l-oreneta\/wp-json\/wp\/v2\/posts\/2271\/revisions\/2278"}],"wp:featuredmedia":[{"embeddable":true,"href":"https:\/\/agora.xtec.cat\/esc-l-oreneta\/wp-json\/wp\/v2\/media\/2275"}],"wp:attachment":[{"href":"https:\/\/agora.xtec.cat\/esc-l-oreneta\/wp-json\/wp\/v2\/media?parent=2271"}],"wp:term":[{"taxonomy":"category","embeddable":true,"href":"https:\/\/agora.xtec.cat\/esc-l-oreneta\/wp-json\/wp\/v2\/categories?post=2271"},{"taxonomy":"post_tag","embeddable":true,"href":"https:\/\/agora.xtec.cat\/esc-l-oreneta\/wp-json\/wp\/v2\/tags?post=2271"}],"curies":[{"name":"wp","href":"https:\/\/api.w.org\/{rel}","templated":true}]}}