{"id":2160,"date":"2025-01-27T08:00:48","date_gmt":"2025-01-27T07:00:48","guid":{"rendered":"https:\/\/agora.xtec.cat\/esc-l-oreneta\/?p=2160"},"modified":"2025-01-27T19:23:45","modified_gmt":"2025-01-27T18:23:45","slug":"descobrim-la-historia-amb-treball-cooperatiu-5e-e-p","status":"publish","type":"post","link":"https:\/\/agora.xtec.cat\/esc-l-oreneta\/general\/descobrim-la-historia-amb-treball-cooperatiu-5e-e-p\/","title":{"rendered":"Descobrim la hist\u00f2ria amb treball cooperatiu! (5\u00e8 E.P.)"},"content":{"rendered":"<p>Els alumnes de cinqu\u00e8 han comen\u00e7at un emocionant treball cooperatiu sobre les diferents etapes de la hist\u00f2ria: prehist\u00f2ria, edat antiga, edat mitjana, edat moderna i edat contempor\u00e0nia. Cada grup s\u2019encarrega d\u2019investigar una etapa diferent amb l\u2019ajuda de bastides, uns fulls que els orienten amb els passos a seguir per buscar informaci\u00f3 i com fer-ho, utilitzant llibres i internet com a recursos principals.<\/p>\n<p>Cada grup compta amb un quadern de grup, on han de registrar aspectes importants com el nom del grup, les funcions de cada membre, els objectius que es marquen i el seguiment de cada sessi\u00f3. Aquest quadern els ajuda a organitzar-se millor i a reflexionar sobre el seu progr\u00e9s.<\/p>\n<p>Amb aquesta activitat, aprenen hist\u00f2ria mentre desenvolupen habilitats com el treball en equip, la investigaci\u00f3 i l\u2019organitzaci\u00f3. Estem segurs que els resultats seran tan sorprenents com les ganes i l\u2019entusiasme que hi posen!<\/p>\n<p><a href=\"https:\/\/photos.app.goo.gl\/W8pQXavxcNYC6iDf8\">Descobrim la hist\u00f2ria en grups<\/a><\/p>\n","protected":false},"excerpt":{"rendered":"<p>Els alumnes de cinqu\u00e8 han comen\u00e7at un emocionant treball cooperatiu sobre les diferents etapes de la hist\u00f2ria: prehist\u00f2ria, edat antiga, edat mitjana, edat moderna i edat contempor\u00e0nia. Cada grup s\u2019encarrega d\u2019investigar una etapa diferent amb l\u2019ajuda de bastides, uns fulls que els orienten amb els&hellip;  <a href=\"https:\/\/agora.xtec.cat\/esc-l-oreneta\/general\/descobrim-la-historia-amb-treball-cooperatiu-5e-e-p\/\" title=\"Read Descobrim la hist\u00f2ria amb treball cooperatiu! (5\u00e8 E.P.)\">Llegeix m\u00e9s\u00bb<\/a><\/p>\n","protected":false},"author":13,"featured_media":2161,"comment_status":"open","ping_status":"closed","sticky":false,"template":"","format":"standard","meta":{"_bbp_topic_count":0,"_bbp_reply_count":0,"_bbp_total_topic_count":0,"_bbp_total_reply_count":0,"_bbp_voice_count":0,"_bbp_anonymous_reply_count":0,"_bbp_topic_count_hidden":0,"_bbp_reply_count_hidden":0,"_bbp_forum_subforum_count":0,"footnotes":""},"categories":[14,1,4],"tags":[],"class_list":["post-2160","post","type-post","status-publish","format-standard","has-post-thumbnail","hentry","category-5e","category-general","category-portada"],"post_mailing_queue_ids":[],"_links":{"self":[{"href":"https:\/\/agora.xtec.cat\/esc-l-oreneta\/wp-json\/wp\/v2\/posts\/2160","targetHints":{"allow":["GET"]}}],"collection":[{"href":"https:\/\/agora.xtec.cat\/esc-l-oreneta\/wp-json\/wp\/v2\/posts"}],"about":[{"href":"https:\/\/agora.xtec.cat\/esc-l-oreneta\/wp-json\/wp\/v2\/types\/post"}],"author":[{"embeddable":true,"href":"https:\/\/agora.xtec.cat\/esc-l-oreneta\/wp-json\/wp\/v2\/users\/13"}],"replies":[{"embeddable":true,"href":"https:\/\/agora.xtec.cat\/esc-l-oreneta\/wp-json\/wp\/v2\/comments?post=2160"}],"version-history":[{"count":2,"href":"https:\/\/agora.xtec.cat\/esc-l-oreneta\/wp-json\/wp\/v2\/posts\/2160\/revisions"}],"predecessor-version":[{"id":2168,"href":"https:\/\/agora.xtec.cat\/esc-l-oreneta\/wp-json\/wp\/v2\/posts\/2160\/revisions\/2168"}],"wp:featuredmedia":[{"embeddable":true,"href":"https:\/\/agora.xtec.cat\/esc-l-oreneta\/wp-json\/wp\/v2\/media\/2161"}],"wp:attachment":[{"href":"https:\/\/agora.xtec.cat\/esc-l-oreneta\/wp-json\/wp\/v2\/media?parent=2160"}],"wp:term":[{"taxonomy":"category","embeddable":true,"href":"https:\/\/agora.xtec.cat\/esc-l-oreneta\/wp-json\/wp\/v2\/categories?post=2160"},{"taxonomy":"post_tag","embeddable":true,"href":"https:\/\/agora.xtec.cat\/esc-l-oreneta\/wp-json\/wp\/v2\/tags?post=2160"}],"curies":[{"name":"wp","href":"https:\/\/api.w.org\/{rel}","templated":true}]}}