{"id":1877,"date":"2025-01-22T10:00:04","date_gmt":"2025-01-22T09:00:04","guid":{"rendered":"https:\/\/agora.xtec.cat\/esc-l-oreneta\/?p=1877"},"modified":"2025-01-06T11:43:03","modified_gmt":"2025-01-06T10:43:03","slug":"formacio-en-gestio-restaurativa-de-les-relacions-i-els-conflictes","status":"publish","type":"post","link":"https:\/\/agora.xtec.cat\/esc-l-oreneta\/portada\/formacio-en-gestio-restaurativa-de-les-relacions-i-els-conflictes\/","title":{"rendered":"Formaci\u00f3 en Gesti\u00f3 restaurativa de les relacions i els conflictes"},"content":{"rendered":"<p>Aquest curs,\u00a0 l&#8217;equip docent estem realitzant diferents formacions i una d&#8217;elles est\u00e0 vinculada a la <strong>gesti\u00f3 restaurativa<\/strong><\/p>\n<p>Les <b>pr\u00e0ctiques restauratives<\/b>\u00a0s\u00f3n un conjunt de respostes que ens permeten detectar, prevenir i resoldre\u00a0conflictes succe\u00efts entre les persones afectades per aquests, per tal de millorar la <em>conviv\u00e8ncia<\/em>. S&#8217;apliquen a qualsevol grup de persones que estiguin interessats a millorar la seva <em>conviv\u00e8ncia i les seves relacions interpersonals.<\/em><\/p>\n<p>\u00c9s un proc\u00e9s mitjan\u00e7ant el qual totes les parts mostren un inter\u00e8s a resoldre un conflicte de manera col\u00b7lectiva, ja que han d&#8217;estar oberts al di\u00e0leg, tindre una actitud participativa i fer front a les conseq\u00fc\u00e8ncies que se l&#8217;hi derivin.<sup id=\"cite_ref-3\" class=\"reference\"><\/sup><\/p>\n<p>Aquestes pr\u00e0ctiques ens permetran refor\u00e7ar valors, com ara la igualtat en tots els integrants, l&#8217;escolta, la seguretat, la confian\u00e7a, la responsabilitat compartida de la gesti\u00f3 del conflicte i la conviv\u00e8ncia mitjan\u00e7ant les connexions afectives&#8221;<sup id=\"cite_ref-:9_4-0\" class=\"reference\"><\/sup><\/p>\n<p><strong><a href=\"https:\/\/agora.xtec.cat\/esc-l-oreneta\/wp-content\/uploads\/usu2395\/2025\/01\/gr.jpg\"><img loading=\"lazy\" decoding=\"async\" class=\" wp-image-1879 alignright\" src=\"https:\/\/agora.xtec.cat\/esc-l-oreneta\/wp-content\/uploads\/usu2395\/2025\/01\/gr.jpg\" alt=\"\" width=\"314\" height=\"254\" srcset=\"https:\/\/agora.xtec.cat\/esc-l-oreneta\/wp-content\/uploads\/usu2395\/2025\/01\/gr.jpg 999w, https:\/\/agora.xtec.cat\/esc-l-oreneta\/wp-content\/uploads\/usu2395\/2025\/01\/gr-300x243.jpg 300w, https:\/\/agora.xtec.cat\/esc-l-oreneta\/wp-content\/uploads\/usu2395\/2025\/01\/gr-768x623.jpg 768w\" sizes=\"auto, (max-width: 314px) 100vw, 314px\" \/><\/a>Objectius:<\/strong><\/p>\n<p>-Restaurar la relaci\u00f3 entre alumnes i entre les persones de la comunitat educativa.<br \/>\n-Fomentar espais constructius i no reactius.<br \/>\n-Obrir-nos al di\u00e0leg per escoltar, expressar, comprendre i generar acords.<br \/>\n-Fomentar major qualitat en les relacions dins i fora l\u2019aula.<br \/>\n-Introduir les pr\u00e0ctiques proactives en el centre educatiu.<br \/>\n-Desenvolupar les habilitats i destreses necess\u00e0ries per poder afrontar i resoldre els conflictes que es produeixen en el dia a dia.<\/p>\n<p>&nbsp;<\/p>\n<p>Una formaci\u00f3 molt enriquidora a nivell professional i personal, que ens aporta un canvi de mirada i ens dota de recursos i habilitats per afrontar els reptes de la conviv\u00e8ncia en tots els \u00e0mbits de la nostra comunitat educativa.<\/p>\n","protected":false},"excerpt":{"rendered":"<p>Aquest curs,\u00a0 l&#8217;equip docent estem realitzant diferents formacions i una d&#8217;elles est\u00e0 vinculada a la gesti\u00f3 restaurativa<br \/>\nLes pr\u00e0ctiques restauratives\u00a0s\u00f3n un conjunt de respostes que ens permeten detectar, prevenir i resoldre\u00a0conflictes succe\u00efts entre les persones afectades per aquests, per tal de millorar la conviv\u00e8ncia. S&#8217;apliquen a&hellip;  <a href=\"https:\/\/agora.xtec.cat\/esc-l-oreneta\/portada\/formacio-en-gestio-restaurativa-de-les-relacions-i-els-conflictes\/\" title=\"Read Formaci\u00f3 en Gesti\u00f3 restaurativa de les relacions i els conflictes\">Llegeix m\u00e9s\u00bb<\/a><\/p>\n","protected":false},"author":4,"featured_media":1879,"comment_status":"open","ping_status":"closed","sticky":false,"template":"","format":"standard","meta":{"_bbp_topic_count":0,"_bbp_reply_count":0,"_bbp_total_topic_count":0,"_bbp_total_reply_count":0,"_bbp_voice_count":0,"_bbp_anonymous_reply_count":0,"_bbp_topic_count_hidden":0,"_bbp_reply_count_hidden":0,"_bbp_forum_subforum_count":0,"footnotes":""},"categories":[4],"tags":[],"class_list":["post-1877","post","type-post","status-publish","format-standard","has-post-thumbnail","hentry","category-portada"],"post_mailing_queue_ids":[],"_links":{"self":[{"href":"https:\/\/agora.xtec.cat\/esc-l-oreneta\/wp-json\/wp\/v2\/posts\/1877","targetHints":{"allow":["GET"]}}],"collection":[{"href":"https:\/\/agora.xtec.cat\/esc-l-oreneta\/wp-json\/wp\/v2\/posts"}],"about":[{"href":"https:\/\/agora.xtec.cat\/esc-l-oreneta\/wp-json\/wp\/v2\/types\/post"}],"author":[{"embeddable":true,"href":"https:\/\/agora.xtec.cat\/esc-l-oreneta\/wp-json\/wp\/v2\/users\/4"}],"replies":[{"embeddable":true,"href":"https:\/\/agora.xtec.cat\/esc-l-oreneta\/wp-json\/wp\/v2\/comments?post=1877"}],"version-history":[{"count":2,"href":"https:\/\/agora.xtec.cat\/esc-l-oreneta\/wp-json\/wp\/v2\/posts\/1877\/revisions"}],"predecessor-version":[{"id":1880,"href":"https:\/\/agora.xtec.cat\/esc-l-oreneta\/wp-json\/wp\/v2\/posts\/1877\/revisions\/1880"}],"wp:featuredmedia":[{"embeddable":true,"href":"https:\/\/agora.xtec.cat\/esc-l-oreneta\/wp-json\/wp\/v2\/media\/1879"}],"wp:attachment":[{"href":"https:\/\/agora.xtec.cat\/esc-l-oreneta\/wp-json\/wp\/v2\/media?parent=1877"}],"wp:term":[{"taxonomy":"category","embeddable":true,"href":"https:\/\/agora.xtec.cat\/esc-l-oreneta\/wp-json\/wp\/v2\/categories?post=1877"},{"taxonomy":"post_tag","embeddable":true,"href":"https:\/\/agora.xtec.cat\/esc-l-oreneta\/wp-json\/wp\/v2\/tags?post=1877"}],"curies":[{"name":"wp","href":"https:\/\/api.w.org\/{rel}","templated":true}]}}