{"id":1832,"date":"2024-12-18T11:43:05","date_gmt":"2024-12-18T10:43:05","guid":{"rendered":"https:\/\/agora.xtec.cat\/esc-l-oreneta\/?p=1832"},"modified":"2024-12-18T11:54:49","modified_gmt":"2024-12-18T10:54:49","slug":"construim-coneixement-a-partir-de-preguntes-que-sorgeixen-a-laula-de-4td","status":"publish","type":"post","link":"https:\/\/agora.xtec.cat\/esc-l-oreneta\/general\/construim-coneixement-a-partir-de-preguntes-que-sorgeixen-a-laula-de-4td\/","title":{"rendered":"Constru\u00efm coneixement a partir de preguntes que sorgeixen a l&#8217;aula de 4tD!"},"content":{"rendered":"<p style=\"text-align: justify;\"><span style=\"font-family: inherit; font-size: 1em;\">A l&#8217;inici de curs, a la classe va sorgir una pregunta que va cridar l\u2019atenci\u00f3 a molts infants:<\/span><\/p>\n<p style=\"text-align: justify;\"><span style=\"font-size: 14pt;\"><b><i>\u201cCom \u00e9s que inspirem aire net i expirem aire brut si els nostres pulmons estan nets?\u00a0<\/i><\/b><\/span><\/p>\n<p style=\"text-align: justify;\"><b>\u2026realment respirem aire net? Els nostre pulmons sempre estan \u201cnets\u201d? Expirem aire brut?\u00a0<\/b><\/p>\n<p style=\"text-align: justify;\"><span style=\"font-weight: 400;\">Aquesta pregunta ens ha portat a investigar de manera interdisciplinar com funciona l\u2019<strong>aparell respiratori<\/strong>, aix\u00ed com a reflexionar sobre els bons i mals h\u00e0bits que influeixen en la nostra salut.<\/span><\/p>\n<p><a href=\"https:\/\/agora.xtec.cat\/esc-l-oreneta\/wp-content\/uploads\/usu2395\/2024\/12\/Imatge-de-WhatsApp-2024-12-12-a-les-11.38.51_53e98181.jpg\"><img loading=\"lazy\" decoding=\"async\" class=\"aligncenter wp-image-1839\" src=\"https:\/\/agora.xtec.cat\/esc-l-oreneta\/wp-content\/uploads\/usu2395\/2024\/12\/Imatge-de-WhatsApp-2024-12-12-a-les-11.38.51_53e98181-300x169.jpg\" alt=\"\" width=\"348\" height=\"196\" srcset=\"https:\/\/agora.xtec.cat\/esc-l-oreneta\/wp-content\/uploads\/usu2395\/2024\/12\/Imatge-de-WhatsApp-2024-12-12-a-les-11.38.51_53e98181-300x169.jpg 300w, https:\/\/agora.xtec.cat\/esc-l-oreneta\/wp-content\/uploads\/usu2395\/2024\/12\/Imatge-de-WhatsApp-2024-12-12-a-les-11.38.51_53e98181-1024x575.jpg 1024w, https:\/\/agora.xtec.cat\/esc-l-oreneta\/wp-content\/uploads\/usu2395\/2024\/12\/Imatge-de-WhatsApp-2024-12-12-a-les-11.38.51_53e98181-768x432.jpg 768w, https:\/\/agora.xtec.cat\/esc-l-oreneta\/wp-content\/uploads\/usu2395\/2024\/12\/Imatge-de-WhatsApp-2024-12-12-a-les-11.38.51_53e98181-1536x863.jpg 1536w, https:\/\/agora.xtec.cat\/esc-l-oreneta\/wp-content\/uploads\/usu2395\/2024\/12\/Imatge-de-WhatsApp-2024-12-12-a-les-11.38.51_53e98181.jpg 1600w\" sizes=\"auto, (max-width: 348px) 100vw, 348px\" \/><\/a> <a href=\"https:\/\/agora.xtec.cat\/esc-l-oreneta\/wp-content\/uploads\/usu2395\/2024\/12\/Imatge-de-WhatsApp-2024-12-12-a-les-11.38.51_3d4a283d.jpg\"><img loading=\"lazy\" decoding=\"async\" class=\"aligncenter wp-image-1838\" src=\"https:\/\/agora.xtec.cat\/esc-l-oreneta\/wp-content\/uploads\/usu2395\/2024\/12\/Imatge-de-WhatsApp-2024-12-12-a-les-11.38.51_3d4a283d-300x169.jpg\" alt=\"\" width=\"343\" height=\"193\" srcset=\"https:\/\/agora.xtec.cat\/esc-l-oreneta\/wp-content\/uploads\/usu2395\/2024\/12\/Imatge-de-WhatsApp-2024-12-12-a-les-11.38.51_3d4a283d-300x169.jpg 300w, https:\/\/agora.xtec.cat\/esc-l-oreneta\/wp-content\/uploads\/usu2395\/2024\/12\/Imatge-de-WhatsApp-2024-12-12-a-les-11.38.51_3d4a283d-1024x575.jpg 1024w, https:\/\/agora.xtec.cat\/esc-l-oreneta\/wp-content\/uploads\/usu2395\/2024\/12\/Imatge-de-WhatsApp-2024-12-12-a-les-11.38.51_3d4a283d-768x432.jpg 768w, https:\/\/agora.xtec.cat\/esc-l-oreneta\/wp-content\/uploads\/usu2395\/2024\/12\/Imatge-de-WhatsApp-2024-12-12-a-les-11.38.51_3d4a283d-1536x863.jpg 1536w, https:\/\/agora.xtec.cat\/esc-l-oreneta\/wp-content\/uploads\/usu2395\/2024\/12\/Imatge-de-WhatsApp-2024-12-12-a-les-11.38.51_3d4a283d.jpg 1600w\" sizes=\"auto, (max-width: 343px) 100vw, 343px\" \/><\/a><\/p>\n<p style=\"text-align: justify;\"><span style=\"font-weight: 400;\">Durant aquest proc\u00e9s hem establert una relaci\u00f3 amb el programa de la <\/span><b>Marat\u00f3 de TV3<\/b><span style=\"font-weight: 400;\">, que aquest any va dedicat a investigar sobre malalties respirat\u00f2ries, fet que ens ha perm\u00e8s aprofundir en la consci\u00e8ncia sobre h\u00e0bits saludables i els reptes ambientals relacionats amb la salut respirat\u00f2ria, connectant l\u2019aprenentatge escolar amb una problem\u00e0tica global i actual.<\/span><\/p>\n<p style=\"text-align: justify;\"><span style=\"font-weight: 400;\">Dins aquest context, hem introdu\u00eft un tema molt rellevant per a <\/span><b>Badia\u00a0del Vall\u00e8s<\/b><span style=\"font-weight: 400;\">: la problem\u00e0tica de l\u2019<\/span><b>amiant<\/b><span style=\"font-weight: 400;\">.<\/span><\/p>\n<p style=\"text-align: justify;\"><span style=\"font-weight: 400;\">Hem investigat qu\u00e8 \u00e9s l\u2019amiant, on es troba i quin impacte t\u00e9 en la salut de les persones. Tamb\u00e9 hem indagat sobre el proc\u00e9s de retirada que properament es dur\u00e0 a terme al nostre municipi. Per aprofundir en aquest tema, han vingut a la classe dos membres de l\u2019<\/span><b>Associaci\u00f3 de Ve\u00efnes i Ve\u00efns de Badia del Vall\u00e8s<\/b><span style=\"font-weight: 400;\">, la Teresa i el Juan Jos\u00e9, que treballen activament per fer de Badia una ciutat millor.<\/span><\/p>\n<p><span style=\"font-weight: 400;\">Durant la xerrada, ens han explicat com es dur\u00e0 a terme el proc\u00e9s de retirada de l\u2019amiant aix\u00ed com el proc\u00e9s d\u2019encapsulament dels edificis del municipi, i els infants han aprofitat per fer preguntes molt interessants que havien preparat pr\u00e8viament.<\/span><\/p>\n<p><img loading=\"lazy\" decoding=\"async\" class=\"aligncenter size-large wp-image-1835\" src=\"https:\/\/agora.xtec.cat\/esc-l-oreneta\/wp-content\/uploads\/usu2395\/2024\/12\/Imatge-de-WhatsApp-2024-12-12-a-les-11.38.50_e5a9ed77-1024x577.jpg\" alt=\"\" width=\"1024\" height=\"577\" srcset=\"https:\/\/agora.xtec.cat\/esc-l-oreneta\/wp-content\/uploads\/usu2395\/2024\/12\/Imatge-de-WhatsApp-2024-12-12-a-les-11.38.50_e5a9ed77-1024x577.jpg 1024w, https:\/\/agora.xtec.cat\/esc-l-oreneta\/wp-content\/uploads\/usu2395\/2024\/12\/Imatge-de-WhatsApp-2024-12-12-a-les-11.38.50_e5a9ed77-300x169.jpg 300w, https:\/\/agora.xtec.cat\/esc-l-oreneta\/wp-content\/uploads\/usu2395\/2024\/12\/Imatge-de-WhatsApp-2024-12-12-a-les-11.38.50_e5a9ed77-768x432.jpg 768w, https:\/\/agora.xtec.cat\/esc-l-oreneta\/wp-content\/uploads\/usu2395\/2024\/12\/Imatge-de-WhatsApp-2024-12-12-a-les-11.38.50_e5a9ed77-1536x865.jpg 1536w, https:\/\/agora.xtec.cat\/esc-l-oreneta\/wp-content\/uploads\/usu2395\/2024\/12\/Imatge-de-WhatsApp-2024-12-12-a-les-11.38.50_e5a9ed77.jpg 1600w\" sizes=\"auto, (max-width: 1024px) 100vw, 1024px\" \/><\/p>\n<p><img loading=\"lazy\" decoding=\"async\" class=\"aligncenter size-large wp-image-1836\" src=\"https:\/\/agora.xtec.cat\/esc-l-oreneta\/wp-content\/uploads\/usu2395\/2024\/12\/Imatge-de-WhatsApp-2024-12-12-a-les-11.38.50_ecfa9f11-1024x575.jpg\" alt=\"\" width=\"1024\" height=\"575\" srcset=\"https:\/\/agora.xtec.cat\/esc-l-oreneta\/wp-content\/uploads\/usu2395\/2024\/12\/Imatge-de-WhatsApp-2024-12-12-a-les-11.38.50_ecfa9f11-1024x575.jpg 1024w, https:\/\/agora.xtec.cat\/esc-l-oreneta\/wp-content\/uploads\/usu2395\/2024\/12\/Imatge-de-WhatsApp-2024-12-12-a-les-11.38.50_ecfa9f11-300x169.jpg 300w, https:\/\/agora.xtec.cat\/esc-l-oreneta\/wp-content\/uploads\/usu2395\/2024\/12\/Imatge-de-WhatsApp-2024-12-12-a-les-11.38.50_ecfa9f11-768x432.jpg 768w, https:\/\/agora.xtec.cat\/esc-l-oreneta\/wp-content\/uploads\/usu2395\/2024\/12\/Imatge-de-WhatsApp-2024-12-12-a-les-11.38.50_ecfa9f11-1536x863.jpg 1536w, https:\/\/agora.xtec.cat\/esc-l-oreneta\/wp-content\/uploads\/usu2395\/2024\/12\/Imatge-de-WhatsApp-2024-12-12-a-les-11.38.50_ecfa9f11.jpg 1600w\" sizes=\"auto, (max-width: 1024px) 100vw, 1024px\" \/><\/p>\n<p>&nbsp;<\/p>\n<p style=\"text-align: justify;\"><span style=\"font-weight: 400;\">Les nostres investigacions encara no han acabat, aix\u00ed que us animem a continuar seguint el nostre projecte durant aquest curs!!<\/span><\/p>\n","protected":false},"excerpt":{"rendered":"<p>A l&#8217;inici de curs, a la classe va sorgir una pregunta que va cridar l\u2019atenci\u00f3 a molts infants:<br \/>\n\u201cCom \u00e9s que inspirem aire net i expirem aire brut si els nostres pulmons estan nets?\u00a0<br \/>\n\u2026realment respirem aire net? Els nostre pulmons sempre estan \u201cnets\u201d? Expirem aire brut?\u00a0<br \/>\nAquesta&hellip;  <a href=\"https:\/\/agora.xtec.cat\/esc-l-oreneta\/general\/construim-coneixement-a-partir-de-preguntes-que-sorgeixen-a-laula-de-4td\/\" title=\"Read Constru\u00efm coneixement a partir de preguntes que sorgeixen a l&#8217;aula de 4tD!\">Llegeix m\u00e9s\u00bb<\/a><\/p>\n","protected":false},"author":45,"featured_media":1836,"comment_status":"open","ping_status":"closed","sticky":false,"template":"","format":"standard","meta":{"_bbp_topic_count":0,"_bbp_reply_count":0,"_bbp_total_topic_count":0,"_bbp_total_reply_count":0,"_bbp_voice_count":0,"_bbp_anonymous_reply_count":0,"_bbp_topic_count_hidden":0,"_bbp_reply_count_hidden":0,"_bbp_forum_subforum_count":0,"footnotes":""},"categories":[13,1,4,5],"tags":[98,94,100],"class_list":["post-1832","post","type-post","status-publish","format-standard","has-post-thumbnail","hentry","category-4t","category-general","category-portada","category-primaria","tag-4t","tag-aules","tag-projecte"],"post_mailing_queue_ids":[],"_links":{"self":[{"href":"https:\/\/agora.xtec.cat\/esc-l-oreneta\/wp-json\/wp\/v2\/posts\/1832","targetHints":{"allow":["GET"]}}],"collection":[{"href":"https:\/\/agora.xtec.cat\/esc-l-oreneta\/wp-json\/wp\/v2\/posts"}],"about":[{"href":"https:\/\/agora.xtec.cat\/esc-l-oreneta\/wp-json\/wp\/v2\/types\/post"}],"author":[{"embeddable":true,"href":"https:\/\/agora.xtec.cat\/esc-l-oreneta\/wp-json\/wp\/v2\/users\/45"}],"replies":[{"embeddable":true,"href":"https:\/\/agora.xtec.cat\/esc-l-oreneta\/wp-json\/wp\/v2\/comments?post=1832"}],"version-history":[{"count":3,"href":"https:\/\/agora.xtec.cat\/esc-l-oreneta\/wp-json\/wp\/v2\/posts\/1832\/revisions"}],"predecessor-version":[{"id":1845,"href":"https:\/\/agora.xtec.cat\/esc-l-oreneta\/wp-json\/wp\/v2\/posts\/1832\/revisions\/1845"}],"wp:featuredmedia":[{"embeddable":true,"href":"https:\/\/agora.xtec.cat\/esc-l-oreneta\/wp-json\/wp\/v2\/media\/1836"}],"wp:attachment":[{"href":"https:\/\/agora.xtec.cat\/esc-l-oreneta\/wp-json\/wp\/v2\/media?parent=1832"}],"wp:term":[{"taxonomy":"category","embeddable":true,"href":"https:\/\/agora.xtec.cat\/esc-l-oreneta\/wp-json\/wp\/v2\/categories?post=1832"},{"taxonomy":"post_tag","embeddable":true,"href":"https:\/\/agora.xtec.cat\/esc-l-oreneta\/wp-json\/wp\/v2\/tags?post=1832"}],"curies":[{"name":"wp","href":"https:\/\/api.w.org\/{rel}","templated":true}]}}