{"id":1809,"date":"2024-12-18T10:17:08","date_gmt":"2024-12-18T09:17:08","guid":{"rendered":"https:\/\/agora.xtec.cat\/esc-l-oreneta\/?p=1809"},"modified":"2024-12-18T10:21:21","modified_gmt":"2024-12-18T09:21:21","slug":"us-presentem-el-projecte-el-viatge-de-lunai","status":"publish","type":"post","link":"https:\/\/agora.xtec.cat\/esc-l-oreneta\/portada\/us-presentem-el-projecte-el-viatge-de-lunai\/","title":{"rendered":"Us presentem el projecte &#8220;El viatge de l&#8217;Unai&#8221;"},"content":{"rendered":"<p style=\"text-align: justify;\">L&#8217;alumnat al llarg d&#8217;aquest primer trimestre ha engegat un <strong>projecte interdisciplinari<\/strong>, \u00e9s a dir, de diferents \u00e0rees (catal\u00e0, castell\u00e0, medi, pl\u00e0stica&#8230;) a partir d&#8217;un dels seus interessos i curiositats: <strong>treballar els pa\u00efsos i el planeta Terra!<\/strong><\/p>\n<p>Aix\u00ed doncs, a principi de curs l&#8217;Unai\u00a0<span class=\"hiddenSpellError\">Canela<\/span>\u00a0ens va enviar una <strong>carta<\/strong> on ens explicava el seu documental &#8220;<strong>El viatge de l&#8217;Unai<\/strong>&#8221;\u00a0i ens proposava treballar molts continguts que tenien relaci\u00f3 amb el seu documental: animals, pa\u00efsos, continents&#8230; ENS VA INTERESSAR MOLT!<\/p>\n<p><a href=\"https:\/\/agora.xtec.cat\/esc-l-oreneta\/wp-content\/uploads\/usu2395\/2024\/12\/Captura.png\"><img loading=\"lazy\" decoding=\"async\" class=\"alignnone wp-image-1811\" src=\"https:\/\/agora.xtec.cat\/esc-l-oreneta\/wp-content\/uploads\/usu2395\/2024\/12\/Captura.png\" alt=\"\" width=\"592\" height=\"262\" srcset=\"https:\/\/agora.xtec.cat\/esc-l-oreneta\/wp-content\/uploads\/usu2395\/2024\/12\/Captura.png 868w, https:\/\/agora.xtec.cat\/esc-l-oreneta\/wp-content\/uploads\/usu2395\/2024\/12\/Captura-300x133.png 300w, https:\/\/agora.xtec.cat\/esc-l-oreneta\/wp-content\/uploads\/usu2395\/2024\/12\/Captura-768x340.png 768w\" sizes=\"auto, (max-width: 592px) 100vw, 592px\" \/><\/a><a href=\"https:\/\/agora.xtec.cat\/esc-l-oreneta\/wp-content\/uploads\/usu2395\/2024\/12\/Captura11.png\"><img loading=\"lazy\" decoding=\"async\" class=\"alignnone wp-image-1820\" src=\"https:\/\/agora.xtec.cat\/esc-l-oreneta\/wp-content\/uploads\/usu2395\/2024\/12\/Captura11-1024x613.png\" alt=\"\" width=\"434\" height=\"260\" srcset=\"https:\/\/agora.xtec.cat\/esc-l-oreneta\/wp-content\/uploads\/usu2395\/2024\/12\/Captura11-1024x613.png 1024w, https:\/\/agora.xtec.cat\/esc-l-oreneta\/wp-content\/uploads\/usu2395\/2024\/12\/Captura11-300x180.png 300w, https:\/\/agora.xtec.cat\/esc-l-oreneta\/wp-content\/uploads\/usu2395\/2024\/12\/Captura11-768x460.png 768w, https:\/\/agora.xtec.cat\/esc-l-oreneta\/wp-content\/uploads\/usu2395\/2024\/12\/Captura11.png 1118w\" sizes=\"auto, (max-width: 434px) 100vw, 434px\" \/><\/a><\/p>\n<p style=\"text-align: justify;\">Despr\u00e9s, vam veure el <strong>tr\u00e0iler<\/strong> del seu documental per veure de qu\u00e8 tractava. Vam con\u00e8ixer <strong>l&#8217;objectiu<\/strong> d&#8217;aquest viatge i vam descobrir que va fer un viatge per tots els continents per buscar animals amena\u00e7ats. Ens va saber molt de greu! L&#8217;endem\u00e0 de rebre la carta de l&#8217;Unai vam llegir la seva <strong>biografia<\/strong> i <strong>vam descobrir moltes coses<\/strong>. Per exemple, on vivia, qui \u00e9s la seva fam\u00edlia, quins s\u00f3n els seus projectes, de qu\u00e8 treballen els seus pares&#8230; Tamb\u00e9, vam omplir una fitxa t\u00e8cnica amb informaci\u00f3 sobre el documental i una altra amb &#8220;buits&#8221; que vam omplir per saber-ne m\u00e9s sobre ell i posar-nos a prova a veure si hav\u00edem ent\u00e8s la seva biografia. Aquesta feina la vam fer per parelles i vam treballar molt vocabulari en catal\u00e0!<\/p>\n<p><a href=\"https:\/\/agora.xtec.cat\/esc-l-oreneta\/wp-content\/uploads\/usu2395\/2024\/12\/Captura3.png\"><img loading=\"lazy\" decoding=\"async\" class=\"alignnone wp-image-1812\" src=\"https:\/\/agora.xtec.cat\/esc-l-oreneta\/wp-content\/uploads\/usu2395\/2024\/12\/Captura3-1024x535.png\" alt=\"\" width=\"356\" height=\"186\" srcset=\"https:\/\/agora.xtec.cat\/esc-l-oreneta\/wp-content\/uploads\/usu2395\/2024\/12\/Captura3-1024x535.png 1024w, https:\/\/agora.xtec.cat\/esc-l-oreneta\/wp-content\/uploads\/usu2395\/2024\/12\/Captura3-300x157.png 300w, https:\/\/agora.xtec.cat\/esc-l-oreneta\/wp-content\/uploads\/usu2395\/2024\/12\/Captura3-768x402.png 768w, https:\/\/agora.xtec.cat\/esc-l-oreneta\/wp-content\/uploads\/usu2395\/2024\/12\/Captura3.png 1075w\" sizes=\"auto, (max-width: 356px) 100vw, 356px\" \/><\/a> <a href=\"https:\/\/agora.xtec.cat\/esc-l-oreneta\/wp-content\/uploads\/usu2395\/2024\/12\/Captura2.png\"><img loading=\"lazy\" decoding=\"async\" class=\"alignnone wp-image-1813\" src=\"https:\/\/agora.xtec.cat\/esc-l-oreneta\/wp-content\/uploads\/usu2395\/2024\/12\/Captura2-1024x602.png\" alt=\"\" width=\"315\" height=\"185\" srcset=\"https:\/\/agora.xtec.cat\/esc-l-oreneta\/wp-content\/uploads\/usu2395\/2024\/12\/Captura2-1024x602.png 1024w, https:\/\/agora.xtec.cat\/esc-l-oreneta\/wp-content\/uploads\/usu2395\/2024\/12\/Captura2-300x176.png 300w, https:\/\/agora.xtec.cat\/esc-l-oreneta\/wp-content\/uploads\/usu2395\/2024\/12\/Captura2-768x451.png 768w, https:\/\/agora.xtec.cat\/esc-l-oreneta\/wp-content\/uploads\/usu2395\/2024\/12\/Captura2.png 1052w\" sizes=\"auto, (max-width: 315px) 100vw, 315px\" \/><\/a><a style=\"color: #2795b6;\" href=\"https:\/\/agora.xtec.cat\/esc-l-oreneta\/wp-content\/uploads\/usu2395\/2024\/12\/Captura5.png\"><img loading=\"lazy\" decoding=\"async\" class=\"wp-image-1816 alignnone\" src=\"https:\/\/agora.xtec.cat\/esc-l-oreneta\/wp-content\/uploads\/usu2395\/2024\/12\/Captura5-1024x579.png\" alt=\"\" width=\"327\" height=\"185\" srcset=\"https:\/\/agora.xtec.cat\/esc-l-oreneta\/wp-content\/uploads\/usu2395\/2024\/12\/Captura5-1024x579.png 1024w, https:\/\/agora.xtec.cat\/esc-l-oreneta\/wp-content\/uploads\/usu2395\/2024\/12\/Captura5-300x170.png 300w, https:\/\/agora.xtec.cat\/esc-l-oreneta\/wp-content\/uploads\/usu2395\/2024\/12\/Captura5-768x434.png 768w, https:\/\/agora.xtec.cat\/esc-l-oreneta\/wp-content\/uploads\/usu2395\/2024\/12\/Captura5.png 1196w\" sizes=\"auto, (max-width: 327px) 100vw, 327px\" \/><\/a><\/p>\n<p style=\"text-align: justify;\">Al llarg d&#8217;aquest trimestre <strong>hem estat veient alguns dels continents<\/strong> i de cadascun hem treballat alguna cosa diferent de <strong>llengua i medi<\/strong>. Per exemple, quan vam comen\u00e7ar a veure el documental, el primer lloc que va visitar l&#8217;Unai i la seva fam\u00edlia va ser l&#8217;\u00c0frica. All\u00e0 vam descobrir que buscaven els elefants del desert que estan en perill d&#8217;extinci\u00f3 a causa de la ca\u00e7a furtiva i de la sequera.<\/p>\n<p style=\"text-align: justify;\"><a href=\"https:\/\/agora.xtec.cat\/esc-l-oreneta\/wp-content\/uploads\/usu2395\/2024\/12\/Captura8.png\"><img loading=\"lazy\" decoding=\"async\" class=\"wp-image-1814 alignleft\" src=\"https:\/\/agora.xtec.cat\/esc-l-oreneta\/wp-content\/uploads\/usu2395\/2024\/12\/Captura8-1024x533.png\" alt=\"\" width=\"423\" height=\"220\" srcset=\"https:\/\/agora.xtec.cat\/esc-l-oreneta\/wp-content\/uploads\/usu2395\/2024\/12\/Captura8-1024x533.png 1024w, https:\/\/agora.xtec.cat\/esc-l-oreneta\/wp-content\/uploads\/usu2395\/2024\/12\/Captura8-300x156.png 300w, https:\/\/agora.xtec.cat\/esc-l-oreneta\/wp-content\/uploads\/usu2395\/2024\/12\/Captura8-768x400.png 768w, https:\/\/agora.xtec.cat\/esc-l-oreneta\/wp-content\/uploads\/usu2395\/2024\/12\/Captura8.png 1207w\" sizes=\"auto, (max-width: 423px) 100vw, 423px\" \/><\/a><\/p>\n<p style=\"text-align: justify;\">En aquest continent vam treballar saber fer <strong>apunts<\/strong>, ja que despr\u00e9s hav\u00edem de fer un <strong>resum<\/strong> del viatge per aquest continent. An\u00e0vem aturant el v\u00eddeo, pens\u00e0vem i d\u00e8iem en veu alta el que hav\u00edem ent\u00e8s. Despr\u00e9s de compartir el que hav\u00edem vist, f\u00e8iem apunts a la pissarra i nosaltres ho copi\u00e0vem individualment. M\u00e9s tard, amb un altre continent diferent, ja aquesta feina ens havia servit de model, vam fer els apunts i el resum per parelles de manera aut\u00f2noma. A m\u00e9s a m\u00e9s, als altres continents vam haver de fer <strong>comprensions orals<\/strong>, <strong>buscar els errors i corregir un text<\/strong> que era un resum del viatge per l&#8217;Ant\u00e0rtida que es volia publicar al National Geographic, entre d&#8217;altres.<\/p>\n<p style=\"text-align: justify;\">Tamb\u00e9, ens hem emportat <strong>deures<\/strong> a casa com comprensions lectores sobre els animals amena\u00e7ats, curiositats sobre la Terra, biografia de persones importants del m\u00f3n animal&#8230;<\/p>\n<p style=\"text-align: justify;\">Tota aquesta feina tamb\u00e9 es va lligar amb\u00a0<strong> l&#8217;\u00e0rea de pl\u00e0stica<\/strong> on vam haver de construir una <strong>c\u00e0mera<\/strong> amb cartolina i una <strong>carpeta d&#8217;aprenentatge<\/strong> com si fos una maleta, per guardar tot all\u00f2 del projecte de l&#8217;Unai\u00a0<span class=\"hiddenSpellError\">Canela<\/span>. Ens van quedar\u00a0superxules, com podeu veure a les fotografies!<\/p>\n<p style=\"text-align: justify;\"><a href=\"https:\/\/agora.xtec.cat\/esc-l-oreneta\/wp-content\/uploads\/usu2395\/2024\/12\/Captura10.png\"><img loading=\"lazy\" decoding=\"async\" class=\"wp-image-1818 alignnone\" src=\"https:\/\/agora.xtec.cat\/esc-l-oreneta\/wp-content\/uploads\/usu2395\/2024\/12\/Captura10-1024x573.png\" alt=\"\" width=\"493\" height=\"276\" srcset=\"https:\/\/agora.xtec.cat\/esc-l-oreneta\/wp-content\/uploads\/usu2395\/2024\/12\/Captura10-1024x573.png 1024w, https:\/\/agora.xtec.cat\/esc-l-oreneta\/wp-content\/uploads\/usu2395\/2024\/12\/Captura10-300x168.png 300w, https:\/\/agora.xtec.cat\/esc-l-oreneta\/wp-content\/uploads\/usu2395\/2024\/12\/Captura10-768x430.png 768w, https:\/\/agora.xtec.cat\/esc-l-oreneta\/wp-content\/uploads\/usu2395\/2024\/12\/Captura10.png 1196w\" sizes=\"auto, (max-width: 493px) 100vw, 493px\" \/><\/a><a href=\"https:\/\/agora.xtec.cat\/esc-l-oreneta\/wp-content\/uploads\/usu2395\/2024\/12\/Captura9.png\"><img loading=\"lazy\" decoding=\"async\" class=\"wp-image-1819 alignnone\" src=\"https:\/\/agora.xtec.cat\/esc-l-oreneta\/wp-content\/uploads\/usu2395\/2024\/12\/Captura9-1024x540.png\" alt=\"\" width=\"523\" height=\"276\" srcset=\"https:\/\/agora.xtec.cat\/esc-l-oreneta\/wp-content\/uploads\/usu2395\/2024\/12\/Captura9-1024x540.png 1024w, https:\/\/agora.xtec.cat\/esc-l-oreneta\/wp-content\/uploads\/usu2395\/2024\/12\/Captura9-300x158.png 300w, https:\/\/agora.xtec.cat\/esc-l-oreneta\/wp-content\/uploads\/usu2395\/2024\/12\/Captura9-768x405.png 768w, https:\/\/agora.xtec.cat\/esc-l-oreneta\/wp-content\/uploads\/usu2395\/2024\/12\/Captura9.png 1190w\" sizes=\"auto, (max-width: 523px) 100vw, 523px\" \/><\/a><\/p>\n<p><a href=\"https:\/\/agora.xtec.cat\/esc-l-oreneta\/wp-content\/uploads\/usu2395\/2024\/12\/aa.png\"><img loading=\"lazy\" decoding=\"async\" class=\"wp-image-1823 alignnone\" src=\"https:\/\/agora.xtec.cat\/esc-l-oreneta\/wp-content\/uploads\/usu2395\/2024\/12\/aa.png\" alt=\"\" width=\"1011\" height=\"414\" srcset=\"https:\/\/agora.xtec.cat\/esc-l-oreneta\/wp-content\/uploads\/usu2395\/2024\/12\/aa.png 908w, https:\/\/agora.xtec.cat\/esc-l-oreneta\/wp-content\/uploads\/usu2395\/2024\/12\/aa-300x123.png 300w, https:\/\/agora.xtec.cat\/esc-l-oreneta\/wp-content\/uploads\/usu2395\/2024\/12\/aa-768x315.png 768w\" sizes=\"auto, (max-width: 1011px) 100vw, 1011px\" \/><\/a><\/p>\n<p style=\"text-align: justify;\">Finalment, tal com sabeu, i aviat tindreu la not\u00edcia al bloc, aquest primer trimestre vam anar a la <strong>Fundaci\u00f3\u00a0<span class=\"hiddenGreenError\" style=\"padding-bottom: 2px; background-image: url('..\/..\/..\/..\/..\/images\/squiggle_green.png'); background-repeat: repeat-x; background-position: left bottom; cursor: default; color: #000000; font-family: 'Open Sans', Helvetica, Arial, sans-serif; font-size: 16px; font-style: normal; font-variant-ligatures: normal; font-variant-caps: normal; letter-spacing: normal; orphans: 2; text-align: start; text-indent: 0px; text-transform: none; widows: 2; word-spacing: 0px; -webkit-text-stroke-width: 0px; white-space: normal; text-decoration-thickness: initial; text-decoration-style: initial; text-decoration-color: initial;\">MONA<\/span>\u00a0<\/strong>per tal que tot l&#8217;alumnat vivenci\u00e9s en primera persona algunes de les causes que amenacen els primats i els posen en perill a causa dels humans.<\/p>\n<p><strong>Esperem que us hagi agradat con\u00e8ixer el nostre projecte i us hagi entusiasmat tant com a nosaltres!!!!\u00a0<\/strong><\/p>\n","protected":false},"excerpt":{"rendered":"<p>L&#8217;alumnat al llarg d&#8217;aquest primer trimestre ha engegat un projecte interdisciplinari, \u00e9s a dir, de diferents \u00e0rees (catal\u00e0, castell\u00e0, medi, pl\u00e0stica&#8230;) a partir d&#8217;un dels seus interessos i curiositats: treballar els pa\u00efsos i el planeta Terra!<br \/>\nAix\u00ed doncs, a principi de curs l&#8217;Unai\u00a0Canela\u00a0ens va enviar una&hellip;  <a href=\"https:\/\/agora.xtec.cat\/esc-l-oreneta\/portada\/us-presentem-el-projecte-el-viatge-de-lunai\/\" title=\"Read Us presentem el projecte &#8220;El viatge de l&#8217;Unai&#8221;\">Llegeix m\u00e9s\u00bb<\/a><\/p>\n","protected":false},"author":6,"featured_media":1819,"comment_status":"closed","ping_status":"closed","sticky":false,"template":"","format":"standard","meta":{"_bbp_topic_count":0,"_bbp_reply_count":0,"_bbp_total_topic_count":0,"_bbp_total_reply_count":0,"_bbp_voice_count":0,"_bbp_anonymous_reply_count":0,"_bbp_topic_count_hidden":0,"_bbp_reply_count_hidden":0,"_bbp_forum_subforum_count":0,"footnotes":""},"categories":[15,4,5],"tags":[],"class_list":["post-1809","post","type-post","status-publish","format-standard","has-post-thumbnail","hentry","category-6e","category-portada","category-primaria"],"post_mailing_queue_ids":[],"_links":{"self":[{"href":"https:\/\/agora.xtec.cat\/esc-l-oreneta\/wp-json\/wp\/v2\/posts\/1809","targetHints":{"allow":["GET"]}}],"collection":[{"href":"https:\/\/agora.xtec.cat\/esc-l-oreneta\/wp-json\/wp\/v2\/posts"}],"about":[{"href":"https:\/\/agora.xtec.cat\/esc-l-oreneta\/wp-json\/wp\/v2\/types\/post"}],"author":[{"embeddable":true,"href":"https:\/\/agora.xtec.cat\/esc-l-oreneta\/wp-json\/wp\/v2\/users\/6"}],"replies":[{"embeddable":true,"href":"https:\/\/agora.xtec.cat\/esc-l-oreneta\/wp-json\/wp\/v2\/comments?post=1809"}],"version-history":[{"count":6,"href":"https:\/\/agora.xtec.cat\/esc-l-oreneta\/wp-json\/wp\/v2\/posts\/1809\/revisions"}],"predecessor-version":[{"id":1831,"href":"https:\/\/agora.xtec.cat\/esc-l-oreneta\/wp-json\/wp\/v2\/posts\/1809\/revisions\/1831"}],"wp:featuredmedia":[{"embeddable":true,"href":"https:\/\/agora.xtec.cat\/esc-l-oreneta\/wp-json\/wp\/v2\/media\/1819"}],"wp:attachment":[{"href":"https:\/\/agora.xtec.cat\/esc-l-oreneta\/wp-json\/wp\/v2\/media?parent=1809"}],"wp:term":[{"taxonomy":"category","embeddable":true,"href":"https:\/\/agora.xtec.cat\/esc-l-oreneta\/wp-json\/wp\/v2\/categories?post=1809"},{"taxonomy":"post_tag","embeddable":true,"href":"https:\/\/agora.xtec.cat\/esc-l-oreneta\/wp-json\/wp\/v2\/tags?post=1809"}],"curies":[{"name":"wp","href":"https:\/\/api.w.org\/{rel}","templated":true}]}}