{"id":1792,"date":"2024-12-16T20:09:25","date_gmt":"2024-12-16T19:09:25","guid":{"rendered":"https:\/\/agora.xtec.cat\/esc-l-oreneta\/?p=1792"},"modified":"2024-12-16T20:11:43","modified_gmt":"2024-12-16T19:11:43","slug":"aparell-respiratori-que-sabem-sobre-els-pulmons","status":"publish","type":"post","link":"https:\/\/agora.xtec.cat\/esc-l-oreneta\/general\/aparell-respiratori-que-sabem-sobre-els-pulmons\/","title":{"rendered":"Aparell respiratori. Qu\u00e8 sabem sobre els pulmons?"},"content":{"rendered":"<p>El sistema respiratori \u00e9s essencial per a la nostra vida, ja que permet l&#8217;intercanvi d&#8217;oxigen i di\u00f2xid de carboni entre el cos i l&#8217;ambient. Per\u00f2, com funcionen realment els nostres pulmons? Aquesta \u00e9s una de moltes preguntes que s\u2019han fet les i els alumnes de 4t A. Durant aquest primer trimestre, hem investigat sobre aquest tema i hem buscat resposta a aquelles preguntes que ens intrigaven. Despr\u00e9s d\u2019aprofundir en aquest projecte i ser una mica m\u00e9s experts sobre com funciona l\u2019aparell respiratori, quines parts el formen i m\u00e9s curiositats sobre aquest tema, ho hem traslladat a una activitat m\u00e9s vivencial. Com? A trav\u00e9s de l\u2019experimentaci\u00f3 d\u2019un pulm\u00f3 d\u2019animal, que han realitzat gr\u00e0cies a la col\u00b7laboraci\u00f3 d\u2019una fam\u00edlia. Tot una experi\u00e8ncia en la que hem apr\u00e9s a la perfecci\u00f3 com funciona l\u2019aparell respiratori. Ho han gaudit molt!<\/p>\n<p><a href=\"https:\/\/agora.xtec.cat\/esc-l-oreneta\/wp-content\/uploads\/usu2395\/2024\/12\/2.png\"><img loading=\"lazy\" decoding=\"async\" class=\"alignnone size-full wp-image-1795\" src=\"https:\/\/agora.xtec.cat\/esc-l-oreneta\/wp-content\/uploads\/usu2395\/2024\/12\/2.png\" alt=\"\" width=\"702\" height=\"874\" srcset=\"https:\/\/agora.xtec.cat\/esc-l-oreneta\/wp-content\/uploads\/usu2395\/2024\/12\/2.png 702w, https:\/\/agora.xtec.cat\/esc-l-oreneta\/wp-content\/uploads\/usu2395\/2024\/12\/2-241x300.png 241w\" sizes=\"auto, (max-width: 702px) 100vw, 702px\" \/><\/a><a href=\"https:\/\/agora.xtec.cat\/esc-l-oreneta\/wp-content\/uploads\/usu2395\/2024\/12\/1.png\"><img loading=\"lazy\" decoding=\"async\" class=\"alignnone size-full wp-image-1794\" src=\"https:\/\/agora.xtec.cat\/esc-l-oreneta\/wp-content\/uploads\/usu2395\/2024\/12\/1.png\" alt=\"\" width=\"711\" height=\"875\" srcset=\"https:\/\/agora.xtec.cat\/esc-l-oreneta\/wp-content\/uploads\/usu2395\/2024\/12\/1.png 711w, https:\/\/agora.xtec.cat\/esc-l-oreneta\/wp-content\/uploads\/usu2395\/2024\/12\/1-244x300.png 244w\" sizes=\"auto, (max-width: 711px) 100vw, 711px\" \/><\/a><a href=\"https:\/\/agora.xtec.cat\/esc-l-oreneta\/wp-content\/uploads\/usu2395\/2024\/12\/1000044022.jpg\"><img loading=\"lazy\" decoding=\"async\" class=\"alignnone size-large wp-image-1793\" src=\"https:\/\/agora.xtec.cat\/esc-l-oreneta\/wp-content\/uploads\/usu2395\/2024\/12\/1000044022-777x1024.jpg\" alt=\"\" width=\"777\" height=\"1024\" srcset=\"https:\/\/agora.xtec.cat\/esc-l-oreneta\/wp-content\/uploads\/usu2395\/2024\/12\/1000044022-777x1024.jpg 777w, https:\/\/agora.xtec.cat\/esc-l-oreneta\/wp-content\/uploads\/usu2395\/2024\/12\/1000044022-228x300.jpg 228w, https:\/\/agora.xtec.cat\/esc-l-oreneta\/wp-content\/uploads\/usu2395\/2024\/12\/1000044022-768x1012.jpg 768w, https:\/\/agora.xtec.cat\/esc-l-oreneta\/wp-content\/uploads\/usu2395\/2024\/12\/1000044022.jpg 1080w\" sizes=\"auto, (max-width: 777px) 100vw, 777px\" \/><\/a><a href=\"https:\/\/agora.xtec.cat\/esc-l-oreneta\/wp-content\/uploads\/usu2395\/2024\/12\/0-1.png\"><img loading=\"lazy\" decoding=\"async\" class=\"alignnone size-full wp-image-1798\" src=\"https:\/\/agora.xtec.cat\/esc-l-oreneta\/wp-content\/uploads\/usu2395\/2024\/12\/0-1.png\" alt=\"\" width=\"688\" height=\"656\" srcset=\"https:\/\/agora.xtec.cat\/esc-l-oreneta\/wp-content\/uploads\/usu2395\/2024\/12\/0-1.png 688w, https:\/\/agora.xtec.cat\/esc-l-oreneta\/wp-content\/uploads\/usu2395\/2024\/12\/0-1-300x286.png 300w\" sizes=\"auto, (max-width: 688px) 100vw, 688px\" \/><\/a><\/p>\n","protected":false},"excerpt":{"rendered":"<p>El sistema respiratori \u00e9s essencial per a la nostra vida, ja que permet l&#8217;intercanvi d&#8217;oxigen i di\u00f2xid de carboni entre el cos i l&#8217;ambient. Per\u00f2, com funcionen realment els nostres pulmons? Aquesta \u00e9s una de moltes preguntes que s\u2019han fet les i els alumnes de&hellip;  <a href=\"https:\/\/agora.xtec.cat\/esc-l-oreneta\/general\/aparell-respiratori-que-sabem-sobre-els-pulmons\/\" title=\"Read Aparell respiratori. Qu\u00e8 sabem sobre els pulmons?\">Llegeix m\u00e9s\u00bb<\/a><\/p>\n","protected":false},"author":59,"featured_media":1794,"comment_status":"open","ping_status":"closed","sticky":false,"template":"","format":"standard","meta":{"_bbp_topic_count":0,"_bbp_reply_count":0,"_bbp_total_topic_count":0,"_bbp_total_reply_count":0,"_bbp_voice_count":0,"_bbp_anonymous_reply_count":0,"_bbp_topic_count_hidden":0,"_bbp_reply_count_hidden":0,"_bbp_forum_subforum_count":0,"footnotes":""},"categories":[13,1,4,5],"tags":[],"class_list":["post-1792","post","type-post","status-publish","format-standard","has-post-thumbnail","hentry","category-4t","category-general","category-portada","category-primaria"],"post_mailing_queue_ids":[],"_links":{"self":[{"href":"https:\/\/agora.xtec.cat\/esc-l-oreneta\/wp-json\/wp\/v2\/posts\/1792","targetHints":{"allow":["GET"]}}],"collection":[{"href":"https:\/\/agora.xtec.cat\/esc-l-oreneta\/wp-json\/wp\/v2\/posts"}],"about":[{"href":"https:\/\/agora.xtec.cat\/esc-l-oreneta\/wp-json\/wp\/v2\/types\/post"}],"author":[{"embeddable":true,"href":"https:\/\/agora.xtec.cat\/esc-l-oreneta\/wp-json\/wp\/v2\/users\/59"}],"replies":[{"embeddable":true,"href":"https:\/\/agora.xtec.cat\/esc-l-oreneta\/wp-json\/wp\/v2\/comments?post=1792"}],"version-history":[{"count":2,"href":"https:\/\/agora.xtec.cat\/esc-l-oreneta\/wp-json\/wp\/v2\/posts\/1792\/revisions"}],"predecessor-version":[{"id":1799,"href":"https:\/\/agora.xtec.cat\/esc-l-oreneta\/wp-json\/wp\/v2\/posts\/1792\/revisions\/1799"}],"wp:featuredmedia":[{"embeddable":true,"href":"https:\/\/agora.xtec.cat\/esc-l-oreneta\/wp-json\/wp\/v2\/media\/1794"}],"wp:attachment":[{"href":"https:\/\/agora.xtec.cat\/esc-l-oreneta\/wp-json\/wp\/v2\/media?parent=1792"}],"wp:term":[{"taxonomy":"category","embeddable":true,"href":"https:\/\/agora.xtec.cat\/esc-l-oreneta\/wp-json\/wp\/v2\/categories?post=1792"},{"taxonomy":"post_tag","embeddable":true,"href":"https:\/\/agora.xtec.cat\/esc-l-oreneta\/wp-json\/wp\/v2\/tags?post=1792"}],"curies":[{"name":"wp","href":"https:\/\/api.w.org\/{rel}","templated":true}]}}