{"id":1636,"date":"2024-11-21T17:00:54","date_gmt":"2024-11-21T16:00:54","guid":{"rendered":"https:\/\/agora.xtec.cat\/esc-l-oreneta\/?p=1636"},"modified":"2024-11-24T20:50:27","modified_gmt":"2024-11-24T19:50:27","slug":"visita-de-la-directora-dels-serveis-territorials-deducacio","status":"publish","type":"post","link":"https:\/\/agora.xtec.cat\/esc-l-oreneta\/portada\/visita-de-la-directora-dels-serveis-territorials-deducacio\/","title":{"rendered":"Visita de la Directora dels Serveis Territorials d&#8217;Educaci\u00f3."},"content":{"rendered":"<p>El passat dimarts ens va visitar la Montserrat Capdevila acompanyada de la Marta Viad\u00e9 , l&#8217;alcalde Josep Mart\u00ednez, l&#8217;Iv\u00e1n Sanz i la Mar Bayona<\/p>\n<p>Amb motiu dels resultats electorals d&#8217;aquest any s&#8217;han produ\u00eft canvis en el Departament. Aquesta ha estat la primera presa de contacte per con\u00e8ixer de primera m\u00e0 quina \u00e9s la situaci\u00f3 actual dels centres educatius de Badia del Vall\u00e8s, que segueixen en proc\u00e9s de transformaci\u00f3 degut a la nova planificaci\u00f3 educativa del nostre territori.<\/p>\n<p>Una oportunitat doncs per transmetre les nostres necessitats tant a nivell d&#8217;infraestructures com de recursos humans i la necessitat d&#8217;un recolzament davant el gran repte que estem duent a terme.<\/p>\n<p><a href=\"https:\/\/agora.xtec.cat\/esc-l-oreneta\/wp-content\/uploads\/usu2395\/2024\/11\/d.jpg\"><img loading=\"lazy\" decoding=\"async\" class=\" wp-image-1637 aligncenter\" src=\"https:\/\/agora.xtec.cat\/esc-l-oreneta\/wp-content\/uploads\/usu2395\/2024\/11\/d.jpg\" alt=\"\" width=\"407\" height=\"308\" srcset=\"https:\/\/agora.xtec.cat\/esc-l-oreneta\/wp-content\/uploads\/usu2395\/2024\/11\/d.jpg 554w, https:\/\/agora.xtec.cat\/esc-l-oreneta\/wp-content\/uploads\/usu2395\/2024\/11\/d-300x227.jpg 300w, https:\/\/agora.xtec.cat\/esc-l-oreneta\/wp-content\/uploads\/usu2395\/2024\/11\/d-200x150.jpg 200w\" sizes=\"auto, (max-width: 407px) 100vw, 407px\" \/><\/a><\/p>\n","protected":false},"excerpt":{"rendered":"<p>El passat dimarts ens va visitar la Montserrat Capdevila acompanyada de la Marta Viad\u00e9 , l&#8217;alcalde Josep Mart\u00ednez, l&#8217;Iv\u00e1n Sanz i la Mar Bayona<br \/>\nAmb motiu dels resultats electorals d&#8217;aquest any s&#8217;han produ\u00eft canvis en el Departament. Aquesta ha estat la primera presa de contacte per&hellip;  <a href=\"https:\/\/agora.xtec.cat\/esc-l-oreneta\/portada\/visita-de-la-directora-dels-serveis-territorials-deducacio\/\" title=\"Read Visita de la Directora dels Serveis Territorials d&#8217;Educaci\u00f3.\">Llegeix m\u00e9s\u00bb<\/a><\/p>\n","protected":false},"author":4,"featured_media":1637,"comment_status":"open","ping_status":"closed","sticky":false,"template":"","format":"standard","meta":{"_bbp_topic_count":0,"_bbp_reply_count":0,"_bbp_total_topic_count":0,"_bbp_total_reply_count":0,"_bbp_voice_count":0,"_bbp_anonymous_reply_count":0,"_bbp_topic_count_hidden":0,"_bbp_reply_count_hidden":0,"_bbp_forum_subforum_count":0,"footnotes":""},"categories":[4],"tags":[],"class_list":["post-1636","post","type-post","status-publish","format-standard","has-post-thumbnail","hentry","category-portada"],"post_mailing_queue_ids":[],"_links":{"self":[{"href":"https:\/\/agora.xtec.cat\/esc-l-oreneta\/wp-json\/wp\/v2\/posts\/1636","targetHints":{"allow":["GET"]}}],"collection":[{"href":"https:\/\/agora.xtec.cat\/esc-l-oreneta\/wp-json\/wp\/v2\/posts"}],"about":[{"href":"https:\/\/agora.xtec.cat\/esc-l-oreneta\/wp-json\/wp\/v2\/types\/post"}],"author":[{"embeddable":true,"href":"https:\/\/agora.xtec.cat\/esc-l-oreneta\/wp-json\/wp\/v2\/users\/4"}],"replies":[{"embeddable":true,"href":"https:\/\/agora.xtec.cat\/esc-l-oreneta\/wp-json\/wp\/v2\/comments?post=1636"}],"version-history":[{"count":1,"href":"https:\/\/agora.xtec.cat\/esc-l-oreneta\/wp-json\/wp\/v2\/posts\/1636\/revisions"}],"predecessor-version":[{"id":1638,"href":"https:\/\/agora.xtec.cat\/esc-l-oreneta\/wp-json\/wp\/v2\/posts\/1636\/revisions\/1638"}],"wp:featuredmedia":[{"embeddable":true,"href":"https:\/\/agora.xtec.cat\/esc-l-oreneta\/wp-json\/wp\/v2\/media\/1637"}],"wp:attachment":[{"href":"https:\/\/agora.xtec.cat\/esc-l-oreneta\/wp-json\/wp\/v2\/media?parent=1636"}],"wp:term":[{"taxonomy":"category","embeddable":true,"href":"https:\/\/agora.xtec.cat\/esc-l-oreneta\/wp-json\/wp\/v2\/categories?post=1636"},{"taxonomy":"post_tag","embeddable":true,"href":"https:\/\/agora.xtec.cat\/esc-l-oreneta\/wp-json\/wp\/v2\/tags?post=1636"}],"curies":[{"name":"wp","href":"https:\/\/api.w.org\/{rel}","templated":true}]}}