{"id":1582,"date":"2024-11-13T11:40:25","date_gmt":"2024-11-13T10:40:25","guid":{"rendered":"https:\/\/agora.xtec.cat\/esc-l-oreneta\/?p=1582"},"modified":"2024-11-16T14:17:00","modified_gmt":"2024-11-16T13:17:00","slug":"1a-entrega-del-programa-de-consum-de-fruita-i-hortalisses-a-les-escoles","status":"publish","type":"post","link":"https:\/\/agora.xtec.cat\/esc-l-oreneta\/portada\/1a-entrega-del-programa-de-consum-de-fruita-i-hortalisses-a-les-escoles\/","title":{"rendered":"1\u00aa entrega del Programa de consum de fruita i hortalisses a les escoles"},"content":{"rendered":"<p><span lang=\"CA\"><a href=\"https:\/\/agora.xtec.cat\/esc-l-oreneta\/wp-content\/uploads\/usu2395\/2024\/11\/pla-fruita.png\"><img loading=\"lazy\" decoding=\"async\" class=\" wp-image-1584 alignleft\" src=\"https:\/\/agora.xtec.cat\/esc-l-oreneta\/wp-content\/uploads\/usu2395\/2024\/11\/pla-fruita.png\" alt=\"\" width=\"267\" height=\"344\" srcset=\"https:\/\/agora.xtec.cat\/esc-l-oreneta\/wp-content\/uploads\/usu2395\/2024\/11\/pla-fruita.png 622w, https:\/\/agora.xtec.cat\/esc-l-oreneta\/wp-content\/uploads\/usu2395\/2024\/11\/pla-fruita-233x300.png 233w\" sizes=\"auto, (max-width: 267px) 100vw, 267px\" \/><\/a>L&#8217;Escola L&#8217;Oreneta participa en el <strong>Pla de consum de fruita<\/strong>. La finalitat \u00e9s promoure el consum de fruites i hortalisses entre la poblaci\u00f3 escolar i contribuir a la promoci\u00f3 d&#8217;h\u00e0bits de consum saludables, una iniciativa de la Uni\u00f3 Europea que es fa efectiva per una acci\u00f3 coordinada dels Departaments d&#8217;Agricultura, Salut i Educaci\u00f3.<\/span><\/p>\n<p><span lang=\"CA\">Aquest pla consisteix en un cop al mes distribuir gratu\u00eftament fruita fresca als escolars d&#8217;Educaci\u00f3 infantil i prim\u00e0ria.<\/span><\/p>\n<p>Dem\u00e0 dijous es far\u00e0 la 1\u00aa entrega de totes les peces de fruita fresca assignades del repartiment del mes de novembre: <em>poma Golden, pl\u00e0tan, mandarina o poma vermella.<\/em><\/p>\n<p>\u00c9s important que <em><strong>el vostre fill\/a porti dem\u00e0 dijous una bosseta per poder guardar-les i endur-les a casa.<\/strong><\/em><\/p>\n<p><span lang=\"CA\">A<\/span><b><span lang=\"CA\"> la p\u00e0gina web: <\/span><\/b><a href=\"https:\/\/fruita.cat\/receptes\/\"><span lang=\"CA\"><b>www.fruita.cat<\/b><\/span><\/a><b>\u00a0<\/b><span lang=\"CA\">hi podeu trobar receptes!<\/span><\/p>\n<p>Per saber-ne m\u00e9s, clica en <a href=\"https:\/\/agricultura.gencat.cat\/ca\/ambits\/alimentacio\/promocio-agroalimentaria\/fruita-llet-escoles\/fruita-escoles\/\">aquest enlla\u00e7<\/a>.<\/p>\n","protected":false},"excerpt":{"rendered":"<p><a href=\"https:\/\/agora.xtec.cat\/esc-l-oreneta\/wp-content\/uploads\/usu2395\/2024\/11\/pla-fruita.png\"><\/a>L&#8217;Escola L&#8217;Oreneta participa en el Pla de consum de fruita. La finalitat \u00e9s promoure el consum de fruites i hortalisses entre la poblaci\u00f3 escolar i contribuir a la promoci\u00f3 d&#8217;h\u00e0bits de consum saludables, una iniciativa de la Uni\u00f3 Europea que es fa efectiva per&hellip;  <a href=\"https:\/\/agora.xtec.cat\/esc-l-oreneta\/portada\/1a-entrega-del-programa-de-consum-de-fruita-i-hortalisses-a-les-escoles\/\" title=\"Read 1\u00aa entrega del Programa de consum de fruita i hortalisses a les escoles\">Llegeix m\u00e9s\u00bb<\/a><\/p>\n","protected":false},"author":4,"featured_media":1584,"comment_status":"open","ping_status":"closed","sticky":false,"template":"","format":"standard","meta":{"_bbp_topic_count":0,"_bbp_reply_count":0,"_bbp_total_topic_count":0,"_bbp_total_reply_count":0,"_bbp_voice_count":0,"_bbp_anonymous_reply_count":0,"_bbp_topic_count_hidden":0,"_bbp_reply_count_hidden":0,"_bbp_forum_subforum_count":0,"footnotes":""},"categories":[97,4],"tags":[],"class_list":["post-1582","post","type-post","status-publish","format-standard","has-post-thumbnail","hentry","category-escola-verda","category-portada"],"post_mailing_queue_ids":[],"_links":{"self":[{"href":"https:\/\/agora.xtec.cat\/esc-l-oreneta\/wp-json\/wp\/v2\/posts\/1582","targetHints":{"allow":["GET"]}}],"collection":[{"href":"https:\/\/agora.xtec.cat\/esc-l-oreneta\/wp-json\/wp\/v2\/posts"}],"about":[{"href":"https:\/\/agora.xtec.cat\/esc-l-oreneta\/wp-json\/wp\/v2\/types\/post"}],"author":[{"embeddable":true,"href":"https:\/\/agora.xtec.cat\/esc-l-oreneta\/wp-json\/wp\/v2\/users\/4"}],"replies":[{"embeddable":true,"href":"https:\/\/agora.xtec.cat\/esc-l-oreneta\/wp-json\/wp\/v2\/comments?post=1582"}],"version-history":[{"count":2,"href":"https:\/\/agora.xtec.cat\/esc-l-oreneta\/wp-json\/wp\/v2\/posts\/1582\/revisions"}],"predecessor-version":[{"id":1585,"href":"https:\/\/agora.xtec.cat\/esc-l-oreneta\/wp-json\/wp\/v2\/posts\/1582\/revisions\/1585"}],"wp:featuredmedia":[{"embeddable":true,"href":"https:\/\/agora.xtec.cat\/esc-l-oreneta\/wp-json\/wp\/v2\/media\/1584"}],"wp:attachment":[{"href":"https:\/\/agora.xtec.cat\/esc-l-oreneta\/wp-json\/wp\/v2\/media?parent=1582"}],"wp:term":[{"taxonomy":"category","embeddable":true,"href":"https:\/\/agora.xtec.cat\/esc-l-oreneta\/wp-json\/wp\/v2\/categories?post=1582"},{"taxonomy":"post_tag","embeddable":true,"href":"https:\/\/agora.xtec.cat\/esc-l-oreneta\/wp-json\/wp\/v2\/tags?post=1582"}],"curies":[{"name":"wp","href":"https:\/\/api.w.org\/{rel}","templated":true}]}}