{"id":1462,"date":"2024-10-09T10:00:06","date_gmt":"2024-10-09T08:00:06","guid":{"rendered":"https:\/\/agora.xtec.cat\/esc-l-oreneta\/?p=1462"},"modified":"2024-10-10T12:12:00","modified_gmt":"2024-10-10T10:12:00","slug":"lafa-obsequia-a-tots-els-infants-amb-un-nou-bcnroll","status":"publish","type":"post","link":"https:\/\/agora.xtec.cat\/esc-l-oreneta\/portada\/lafa-obsequia-a-tots-els-infants-amb-un-nou-bcnroll\/","title":{"rendered":"L&#8217;AFA obsequia a tots els infants amb un nou Bc&#8217;n&#8217;roll!"},"content":{"rendered":"<p><a href=\"https:\/\/agora.xtec.cat\/esc-l-oreneta\/wp-content\/uploads\/usu2395\/2024\/10\/bcnroll.jpg\"><img loading=\"lazy\" decoding=\"async\" class=\" wp-image-1463 alignleft\" src=\"https:\/\/agora.xtec.cat\/esc-l-oreneta\/wp-content\/uploads\/usu2395\/2024\/10\/bcnroll-768x1024.jpg\" alt=\"\" width=\"125\" height=\"167\" srcset=\"https:\/\/agora.xtec.cat\/esc-l-oreneta\/wp-content\/uploads\/usu2395\/2024\/10\/bcnroll-768x1024.jpg 768w, https:\/\/agora.xtec.cat\/esc-l-oreneta\/wp-content\/uploads\/usu2395\/2024\/10\/bcnroll-225x300.jpg 225w, https:\/\/agora.xtec.cat\/esc-l-oreneta\/wp-content\/uploads\/usu2395\/2024\/10\/bcnroll-1152x1536.jpg 1152w, https:\/\/agora.xtec.cat\/esc-l-oreneta\/wp-content\/uploads\/usu2395\/2024\/10\/bcnroll.jpg 1536w\" sizes=\"auto, (max-width: 125px) 100vw, 125px\" \/><\/a>Aquest nou curs escolar l\u2019AFA\u00a0 entreguem un obsequi de benvinguda a tots els infants de l&#8217;escola.<\/p>\n<p>Els vostres fills i filles portaran un <em><strong>boc&#8217;n&#8217;roll<\/strong> amb el logotip de l&#8217;AFA<\/em> per convidar-vos a portar l\u2019esmorzar o el berenar.<\/p>\n<p>Com que <em><strong>Som<\/strong><\/em> <strong><em>Escola Verda<\/em><\/strong>, volem ajudar a reduir residus i intentem posar m\u00e9s f\u00e0cil aquest objectiu com\u00fa a les fam\u00edlies.<\/p>\n<p>Us informem que disposem de m\u00e9s unitats a la venda a la Sala de l&#8217;AFA al preu de 10\u20ac, per si voleu adquirir-ne algun m\u00e9s.<\/p>\n<p>&nbsp;<\/p>\n<p>AFA Escola L&#8217;Oreneta<\/p>\n","protected":false},"excerpt":{"rendered":"<p><a href=\"https:\/\/agora.xtec.cat\/esc-l-oreneta\/wp-content\/uploads\/usu2395\/2024\/10\/bcnroll.jpg\"><\/a>Aquest nou curs escolar l\u2019AFA\u00a0 entreguem un obsequi de benvinguda a tots els infants de l&#8217;escola.<br \/>\nEls vostres fills i filles portaran un boc&#8217;n&#8217;roll amb el logotip de l&#8217;AFA per convidar-vos a portar l\u2019esmorzar o el berenar.<br \/>\nCom que Som Escola Verda, volem ajudar a reduir&hellip;  <a href=\"https:\/\/agora.xtec.cat\/esc-l-oreneta\/portada\/lafa-obsequia-a-tots-els-infants-amb-un-nou-bcnroll\/\" title=\"Read L&#8217;AFA obsequia a tots els infants amb un nou Bc&#8217;n&#8217;roll!\">Llegeix m\u00e9s\u00bb<\/a><\/p>\n","protected":false},"author":4,"featured_media":1463,"comment_status":"open","ping_status":"closed","sticky":false,"template":"","format":"standard","meta":{"_bbp_topic_count":0,"_bbp_reply_count":0,"_bbp_total_topic_count":0,"_bbp_total_reply_count":0,"_bbp_voice_count":0,"_bbp_anonymous_reply_count":0,"_bbp_topic_count_hidden":0,"_bbp_reply_count_hidden":0,"_bbp_forum_subforum_count":0,"footnotes":""},"categories":[97,4],"tags":[],"class_list":["post-1462","post","type-post","status-publish","format-standard","has-post-thumbnail","hentry","category-escola-verda","category-portada"],"post_mailing_queue_ids":[],"_links":{"self":[{"href":"https:\/\/agora.xtec.cat\/esc-l-oreneta\/wp-json\/wp\/v2\/posts\/1462","targetHints":{"allow":["GET"]}}],"collection":[{"href":"https:\/\/agora.xtec.cat\/esc-l-oreneta\/wp-json\/wp\/v2\/posts"}],"about":[{"href":"https:\/\/agora.xtec.cat\/esc-l-oreneta\/wp-json\/wp\/v2\/types\/post"}],"author":[{"embeddable":true,"href":"https:\/\/agora.xtec.cat\/esc-l-oreneta\/wp-json\/wp\/v2\/users\/4"}],"replies":[{"embeddable":true,"href":"https:\/\/agora.xtec.cat\/esc-l-oreneta\/wp-json\/wp\/v2\/comments?post=1462"}],"version-history":[{"count":3,"href":"https:\/\/agora.xtec.cat\/esc-l-oreneta\/wp-json\/wp\/v2\/posts\/1462\/revisions"}],"predecessor-version":[{"id":1475,"href":"https:\/\/agora.xtec.cat\/esc-l-oreneta\/wp-json\/wp\/v2\/posts\/1462\/revisions\/1475"}],"wp:featuredmedia":[{"embeddable":true,"href":"https:\/\/agora.xtec.cat\/esc-l-oreneta\/wp-json\/wp\/v2\/media\/1463"}],"wp:attachment":[{"href":"https:\/\/agora.xtec.cat\/esc-l-oreneta\/wp-json\/wp\/v2\/media?parent=1462"}],"wp:term":[{"taxonomy":"category","embeddable":true,"href":"https:\/\/agora.xtec.cat\/esc-l-oreneta\/wp-json\/wp\/v2\/categories?post=1462"},{"taxonomy":"post_tag","embeddable":true,"href":"https:\/\/agora.xtec.cat\/esc-l-oreneta\/wp-json\/wp\/v2\/tags?post=1462"}],"curies":[{"name":"wp","href":"https:\/\/api.w.org\/{rel}","templated":true}]}}