{"id":1272,"date":"2024-06-17T17:06:41","date_gmt":"2024-06-17T15:06:41","guid":{"rendered":"https:\/\/agora.xtec.cat\/esc-l-oreneta\/?p=1272"},"modified":"2024-07-09T13:07:16","modified_gmt":"2024-07-09T11:07:16","slug":"ja-tenim-nou-logo-descola-verda","status":"publish","type":"post","link":"https:\/\/agora.xtec.cat\/esc-l-oreneta\/portada\/ja-tenim-nou-logo-descola-verda\/","title":{"rendered":"Ja tenim nou Logo d&#8217;Escola Verda!"},"content":{"rendered":"<p><a href=\"https:\/\/agora.xtec.cat\/esc-l-oreneta\/wp-content\/uploads\/usu2395\/2024\/06\/logoEV.png\"><img loading=\"lazy\" decoding=\"async\" class=\" wp-image-1277 alignright\" src=\"https:\/\/agora.xtec.cat\/esc-l-oreneta\/wp-content\/uploads\/usu2395\/2024\/06\/logoEV.png\" alt=\"\" width=\"369\" height=\"293\" srcset=\"https:\/\/agora.xtec.cat\/esc-l-oreneta\/wp-content\/uploads\/usu2395\/2024\/06\/logoEV.png 439w, https:\/\/agora.xtec.cat\/esc-l-oreneta\/wp-content\/uploads\/usu2395\/2024\/06\/logoEV-300x238.png 300w\" sizes=\"auto, (max-width: 369px) 100vw, 369px\" \/><\/a>El passat mes de mar\u00e7 els nenes i nenes de l&#8217;escola L&#8217;Oreneta, dins de les activitats vinculades a la celebraci\u00f3 de les Jornades d&#8217;escola verda van participar en el concurs per la creaci\u00f3 del nou logo.<\/p>\n<p>Despr\u00e9s d&#8217;un bonic proc\u00e9s de selecci\u00f3 i un debat intern com a claustre es va decidir que el nou logo havia de ser una composici\u00f3 de 4 creacions realitzades per infants representants dels 4 cicles.<\/p>\n<p>Aquest passat divendres, aprofitant que tots els nens i nenes de l&#8217;escola ens vam trobar per realitzar l&#8217;assaig conjunt i la mostra de danses vam fer p\u00fablic el nom dels afortunats i vam fer entrega dels diplomes als infants que finalment han estat els creadors del nou logo.<\/p>\n<p>Educaci\u00f3 infantil: Mateo Baus d&#8217;I4<\/p>\n<p>Cicle inicial: Alejandro Ferrer de 2n,<\/p>\n<p>Cicle mitj\u00e0: treball conjunt dels infants de 3rB<\/p>\n<p>Cicle superior: composici\u00f3 de la Yasmina Serrano i Sheila\u00a0 Fern\u00e1ndez de 6\u00e8B.<\/p>\n<p><a href=\"https:\/\/agora.xtec.cat\/esc-l-oreneta\/wp-content\/uploads\/usu2395\/2024\/06\/6cea084b-940a-4642-8066-1052a79e8e68.jpg\"><img loading=\"lazy\" decoding=\"async\" class=\" wp-image-1276 aligncenter\" src=\"https:\/\/agora.xtec.cat\/esc-l-oreneta\/wp-content\/uploads\/usu2395\/2024\/06\/6cea084b-940a-4642-8066-1052a79e8e68-1024x768.jpg\" alt=\"\" width=\"577\" height=\"433\" srcset=\"https:\/\/agora.xtec.cat\/esc-l-oreneta\/wp-content\/uploads\/usu2395\/2024\/06\/6cea084b-940a-4642-8066-1052a79e8e68-1024x768.jpg 1024w, https:\/\/agora.xtec.cat\/esc-l-oreneta\/wp-content\/uploads\/usu2395\/2024\/06\/6cea084b-940a-4642-8066-1052a79e8e68-300x225.jpg 300w, https:\/\/agora.xtec.cat\/esc-l-oreneta\/wp-content\/uploads\/usu2395\/2024\/06\/6cea084b-940a-4642-8066-1052a79e8e68-768x576.jpg 768w, https:\/\/agora.xtec.cat\/esc-l-oreneta\/wp-content\/uploads\/usu2395\/2024\/06\/6cea084b-940a-4642-8066-1052a79e8e68-1536x1152.jpg 1536w, https:\/\/agora.xtec.cat\/esc-l-oreneta\/wp-content\/uploads\/usu2395\/2024\/06\/6cea084b-940a-4642-8066-1052a79e8e68-200x150.jpg 200w, https:\/\/agora.xtec.cat\/esc-l-oreneta\/wp-content\/uploads\/usu2395\/2024\/06\/6cea084b-940a-4642-8066-1052a79e8e68.jpg 2048w\" sizes=\"auto, (max-width: 577px) 100vw, 577px\" \/><\/a><\/p>\n<p>&nbsp;<\/p>\n","protected":false},"excerpt":{"rendered":"<p><a href=\"https:\/\/agora.xtec.cat\/esc-l-oreneta\/wp-content\/uploads\/usu2395\/2024\/06\/logoEV.png\"><\/a>El passat mes de mar\u00e7 els nenes i nenes de l&#8217;escola L&#8217;Oreneta, dins de les activitats vinculades a la celebraci\u00f3 de les Jornades d&#8217;escola verda van participar en el concurs per la creaci\u00f3 del nou logo.<br \/>\nDespr\u00e9s d&#8217;un bonic proc\u00e9s de selecci\u00f3 i un debat&hellip;  <a href=\"https:\/\/agora.xtec.cat\/esc-l-oreneta\/portada\/ja-tenim-nou-logo-descola-verda\/\" title=\"Read Ja tenim nou Logo d&#8217;Escola Verda!\">Llegeix m\u00e9s\u00bb<\/a><\/p>\n","protected":false},"author":4,"featured_media":1277,"comment_status":"open","ping_status":"closed","sticky":false,"template":"","format":"standard","meta":{"_bbp_topic_count":0,"_bbp_reply_count":0,"_bbp_total_topic_count":0,"_bbp_total_reply_count":0,"_bbp_voice_count":0,"_bbp_anonymous_reply_count":0,"_bbp_topic_count_hidden":0,"_bbp_reply_count_hidden":0,"_bbp_forum_subforum_count":0,"footnotes":""},"categories":[97,4],"tags":[],"class_list":["post-1272","post","type-post","status-publish","format-standard","has-post-thumbnail","hentry","category-escola-verda","category-portada"],"post_mailing_queue_ids":[],"_links":{"self":[{"href":"https:\/\/agora.xtec.cat\/esc-l-oreneta\/wp-json\/wp\/v2\/posts\/1272","targetHints":{"allow":["GET"]}}],"collection":[{"href":"https:\/\/agora.xtec.cat\/esc-l-oreneta\/wp-json\/wp\/v2\/posts"}],"about":[{"href":"https:\/\/agora.xtec.cat\/esc-l-oreneta\/wp-json\/wp\/v2\/types\/post"}],"author":[{"embeddable":true,"href":"https:\/\/agora.xtec.cat\/esc-l-oreneta\/wp-json\/wp\/v2\/users\/4"}],"replies":[{"embeddable":true,"href":"https:\/\/agora.xtec.cat\/esc-l-oreneta\/wp-json\/wp\/v2\/comments?post=1272"}],"version-history":[{"count":2,"href":"https:\/\/agora.xtec.cat\/esc-l-oreneta\/wp-json\/wp\/v2\/posts\/1272\/revisions"}],"predecessor-version":[{"id":1278,"href":"https:\/\/agora.xtec.cat\/esc-l-oreneta\/wp-json\/wp\/v2\/posts\/1272\/revisions\/1278"}],"wp:featuredmedia":[{"embeddable":true,"href":"https:\/\/agora.xtec.cat\/esc-l-oreneta\/wp-json\/wp\/v2\/media\/1277"}],"wp:attachment":[{"href":"https:\/\/agora.xtec.cat\/esc-l-oreneta\/wp-json\/wp\/v2\/media?parent=1272"}],"wp:term":[{"taxonomy":"category","embeddable":true,"href":"https:\/\/agora.xtec.cat\/esc-l-oreneta\/wp-json\/wp\/v2\/categories?post=1272"},{"taxonomy":"post_tag","embeddable":true,"href":"https:\/\/agora.xtec.cat\/esc-l-oreneta\/wp-json\/wp\/v2\/tags?post=1272"}],"curies":[{"name":"wp","href":"https:\/\/api.w.org\/{rel}","templated":true}]}}