{"id":900,"date":"2017-11-22T13:01:39","date_gmt":"2017-11-22T12:01:39","guid":{"rendered":"http:\/\/agora.xtec.cat\/esc-jverdaguer\/?p=900"},"modified":"2017-11-22T13:02:45","modified_gmt":"2017-11-22T12:02:45","slug":"taller-de-families","status":"publish","type":"post","link":"https:\/\/agora.xtec.cat\/esc-jverdaguer\/portada\/taller-de-families\/","title":{"rendered":"TALLER DE FAM\u00cdLIES"},"content":{"rendered":"<p>El taller est\u00e0 adre\u00e7at a tots\/es les mares i pares de l\u2019escola que vulgueu compartir un espai de reflexi\u00f3 i aprenentatge en relaci\u00f3 a<u> \u201cqu\u00e8 <\/u><u>educar\u201d, \u201cqu<\/u><u>\u00e8 <\/u><u>fem\u201d i \u201ccom fer-ho\u201d<\/u>.<\/p>\n<p>Aprendrem eines per tal de desenvolupar una bona compet\u00e8ncia social\/emocional.<\/p>\n<p>Els temes a tractar, de forma amena i divertida,\u2026. I si, primer, mirem d\u2019entendre\u2019ls\/ Ser-hi sense que es noti!\/ Tenir conflictes no \u00e9s tenir problemes\/ Tots els actes tenen conseq\u00fc\u00e8ncies!\/ Es passa hores davant el mirall!\/\u2026\u2026 i un gran, etc\u00e8tera.\u2026\u2026<\/p>\n<p>Entre tots i totes trobarem la resposta a aquests i d\u2019altres reptes que ens planteja l\u2019educaci\u00f3 dels nostres fills i filles.<\/p>\n<p><strong>NO HI FALTEU!!! PER INFORMACI\u00d3 A SECRET\u00c0RIA a partir de les 16\u201930h<\/strong><\/p>\n<p><a href=\"http:\/\/agora.xtec.cat\/esc-jverdaguer\/wp-content\/uploads\/usu831\/2017\/11\/Cr\u00e9ixer-fam\u00edlia.jpg\"><img loading=\"lazy\" decoding=\"async\" class=\"aligncenter size-full wp-image-901\" src=\"http:\/\/agora.xtec.cat\/esc-jverdaguer\/wp-content\/uploads\/usu831\/2017\/11\/Cr\u00e9ixer-fam\u00edlia.jpg\" alt=\"\" width=\"441\" height=\"444\" srcset=\"https:\/\/agora.xtec.cat\/esc-jverdaguer\/wp-content\/uploads\/usu831\/2017\/11\/Cr\u00e9ixer-fam\u00edlia.jpg 441w, https:\/\/agora.xtec.cat\/esc-jverdaguer\/wp-content\/uploads\/usu831\/2017\/11\/Cr\u00e9ixer-fam\u00edlia-150x150.jpg 150w, https:\/\/agora.xtec.cat\/esc-jverdaguer\/wp-content\/uploads\/usu831\/2017\/11\/Cr\u00e9ixer-fam\u00edlia-298x300.jpg 298w\" sizes=\"auto, (max-width: 441px) 100vw, 441px\" \/><\/a><\/p>\n","protected":false},"excerpt":{"rendered":"<p>El taller est\u00e0 adre\u00e7at a tots\/es les mares i pares de l\u2019escola que vulgueu compartir un espai de reflexi\u00f3 i aprenentatge en relaci\u00f3 a \u201cqu\u00e8 educar\u201d, \u201cqu\u00e8 fem\u201d i \u201ccom fer-ho\u201d. Aprendrem eines per tal de desenvolupar una bona compet\u00e8ncia social\/emocional. Els temes a tractar, de forma amena i divertida,\u2026. I si, primer, mirem d\u2019entendre\u2019ls\/ [&hellip;]<\/p>\n","protected":false},"author":1,"featured_media":901,"comment_status":"closed","ping_status":"closed","sticky":false,"template":"","format":"standard","meta":{"_bbp_topic_count":0,"_bbp_reply_count":0,"_bbp_total_topic_count":0,"_bbp_total_reply_count":0,"_bbp_voice_count":0,"_bbp_anonymous_reply_count":0,"_bbp_topic_count_hidden":0,"_bbp_reply_count_hidden":0,"_bbp_forum_subforum_count":0,"site-sidebar-layout":"default","site-content-layout":"","ast-site-content-layout":"","site-content-style":"default","site-sidebar-style":"default","ast-global-header-display":"","ast-banner-title-visibility":"","ast-main-header-display":"","ast-hfb-above-header-display":"","ast-hfb-below-header-display":"","ast-hfb-mobile-header-display":"","site-post-title":"","ast-breadcrumbs-content":"","ast-featured-img":"","footer-sml-layout":"","theme-transparent-header-meta":"","adv-header-id-meta":"","stick-header-meta":"","header-above-stick-meta":"","header-main-stick-meta":"","header-below-stick-meta":"","astra-migrate-meta-layouts":"default","ast-page-background-enabled":"default","ast-page-background-meta":{"desktop":{"background-color":"var(--ast-global-color-4)","background-image":"","background-repeat":"repeat","background-position":"center center","background-size":"auto","background-attachment":"scroll","background-type":"","background-media":"","overlay-type":"","overlay-color":"","overlay-opacity":"","overlay-gradient":""},"tablet":{"background-color":"","background-image":"","background-repeat":"repeat","background-position":"center center","background-size":"auto","background-attachment":"scroll","background-type":"","background-media":"","overlay-type":"","overlay-color":"","overlay-opacity":"","overlay-gradient":""},"mobile":{"background-color":"","background-image":"","background-repeat":"repeat","background-position":"center center","background-size":"auto","background-attachment":"scroll","background-type":"","background-media":"","overlay-type":"","overlay-color":"","overlay-opacity":"","overlay-gradient":""}},"ast-content-background-meta":{"desktop":{"background-color":"var(--ast-global-color-5)","background-image":"","background-repeat":"repeat","background-position":"center center","background-size":"auto","background-attachment":"scroll","background-type":"","background-media":"","overlay-type":"","overlay-color":"","overlay-opacity":"","overlay-gradient":""},"tablet":{"background-color":"var(--ast-global-color-5)","background-image":"","background-repeat":"repeat","background-position":"center center","background-size":"auto","background-attachment":"scroll","background-type":"","background-media":"","overlay-type":"","overlay-color":"","overlay-opacity":"","overlay-gradient":""},"mobile":{"background-color":"var(--ast-global-color-5)","background-image":"","background-repeat":"repeat","background-position":"center center","background-size":"auto","background-attachment":"scroll","background-type":"","background-media":"","overlay-type":"","overlay-color":"","overlay-opacity":"","overlay-gradient":""}},"footnotes":""},"categories":[4],"tags":[],"class_list":["post-900","post","type-post","status-publish","format-standard","has-post-thumbnail","hentry","category-portada"],"post_mailing_queue_ids":[],"_links":{"self":[{"href":"https:\/\/agora.xtec.cat\/esc-jverdaguer\/wp-json\/wp\/v2\/posts\/900","targetHints":{"allow":["GET"]}}],"collection":[{"href":"https:\/\/agora.xtec.cat\/esc-jverdaguer\/wp-json\/wp\/v2\/posts"}],"about":[{"href":"https:\/\/agora.xtec.cat\/esc-jverdaguer\/wp-json\/wp\/v2\/types\/post"}],"author":[{"embeddable":true,"href":"https:\/\/agora.xtec.cat\/esc-jverdaguer\/wp-json\/wp\/v2\/users\/1"}],"replies":[{"embeddable":true,"href":"https:\/\/agora.xtec.cat\/esc-jverdaguer\/wp-json\/wp\/v2\/comments?post=900"}],"version-history":[{"count":2,"href":"https:\/\/agora.xtec.cat\/esc-jverdaguer\/wp-json\/wp\/v2\/posts\/900\/revisions"}],"predecessor-version":[{"id":903,"href":"https:\/\/agora.xtec.cat\/esc-jverdaguer\/wp-json\/wp\/v2\/posts\/900\/revisions\/903"}],"wp:featuredmedia":[{"embeddable":true,"href":"https:\/\/agora.xtec.cat\/esc-jverdaguer\/wp-json\/wp\/v2\/media\/901"}],"wp:attachment":[{"href":"https:\/\/agora.xtec.cat\/esc-jverdaguer\/wp-json\/wp\/v2\/media?parent=900"}],"wp:term":[{"taxonomy":"category","embeddable":true,"href":"https:\/\/agora.xtec.cat\/esc-jverdaguer\/wp-json\/wp\/v2\/categories?post=900"},{"taxonomy":"post_tag","embeddable":true,"href":"https:\/\/agora.xtec.cat\/esc-jverdaguer\/wp-json\/wp\/v2\/tags?post=900"}],"curies":[{"name":"wp","href":"https:\/\/api.w.org\/{rel}","templated":true}]}}