{"id":635,"date":"2016-12-12T13:47:39","date_gmt":"2016-12-12T12:47:39","guid":{"rendered":"http:\/\/agora.xtec.cat\/esc-jverdaguer\/?p=635"},"modified":"2016-12-12T13:48:39","modified_gmt":"2016-12-12T12:48:39","slug":"explicam-una-historia-taller-de-families","status":"publish","type":"post","link":"https:\/\/agora.xtec.cat\/esc-jverdaguer\/general\/explicam-una-historia-taller-de-families\/","title":{"rendered":"&#8220;Explica&#8217;m una Hist\u00f2ria&#8221;   Taller de fam\u00edlies"},"content":{"rendered":"<h2><span style=\"font-size: 14pt; background-color: #00ffff;\">PLA EDUCATIU D\u2019ENTORN \/ TALLER DE FAM\u00cdLIES : <em><span style=\"font-size: 18pt;\">&#8220;Explica&#8217;m una hist\u00f2ria&#8221;<\/span><\/em><\/span><\/h2>\n<p><em>El proper mes de gener de l\u2019any 2017, dins del Pla Educatiu d\u2019Entorn, iniciarem el Taller de Fam\u00edlies.<\/em><\/p>\n<p>El taller est\u00e0 adre\u00e7at a mares i pares d\u2019origen estranger, i als altres mares i pares que vulguin compartir les Hist\u00f2ries de la seva cultura, aix\u00ed com donar a con\u00e8ixer altres aspectes com costums, manualitats, artesania &#8230;<\/p>\n<p>El taller tindr\u00e0 lloc els dimecres de les 15h.\u00a0 les 16:30h.<\/p>\n<p>Ens prepararem per explicar, escoltar, i llegir hist\u00f2ries i contes de diferents or\u00edgens . Coneixerem els contes i hist\u00f2ries que llegeixen els nens i nenes de l\u2019escola. Tamb\u00e9 gaudirem i aprendrem\u00a0 a fer manualitats que les\/els participants ens ensenyin. Aquestes activitats ens serviran alhora per iniciar-nos en l\u2019aprenentatge de la llengua catalana.<\/p>\n<p>T\u2019hi apuntes?<\/p>\n<p>Demana la butlleta d\u2019inscripci\u00f3 a secretaria<\/p>\n","protected":false},"excerpt":{"rendered":"<p>PLA EDUCATIU D\u2019ENTORN \/ TALLER DE FAM\u00cdLIES : &#8220;Explica&#8217;m una hist\u00f2ria&#8221; El proper mes de gener de l\u2019any 2017, dins del Pla Educatiu d\u2019Entorn, iniciarem el Taller de Fam\u00edlies. El taller est\u00e0 adre\u00e7at a mares i pares d\u2019origen estranger, i als altres mares i pares que vulguin compartir les Hist\u00f2ries de la seva cultura, aix\u00ed [&hellip;]<\/p>\n","protected":false},"author":1,"featured_media":637,"comment_status":"closed","ping_status":"open","sticky":false,"template":"","format":"standard","meta":{"_bbp_topic_count":0,"_bbp_reply_count":0,"_bbp_total_topic_count":0,"_bbp_total_reply_count":0,"_bbp_voice_count":0,"_bbp_anonymous_reply_count":0,"_bbp_topic_count_hidden":0,"_bbp_reply_count_hidden":0,"_bbp_forum_subforum_count":0,"site-sidebar-layout":"default","site-content-layout":"","ast-site-content-layout":"","site-content-style":"default","site-sidebar-style":"default","ast-global-header-display":"","ast-banner-title-visibility":"","ast-main-header-display":"","ast-hfb-above-header-display":"","ast-hfb-below-header-display":"","ast-hfb-mobile-header-display":"","site-post-title":"","ast-breadcrumbs-content":"","ast-featured-img":"","footer-sml-layout":"","theme-transparent-header-meta":"","adv-header-id-meta":"","stick-header-meta":"","header-above-stick-meta":"","header-main-stick-meta":"","header-below-stick-meta":"","astra-migrate-meta-layouts":"default","ast-page-background-enabled":"default","ast-page-background-meta":{"desktop":{"background-color":"var(--ast-global-color-4)","background-image":"","background-repeat":"repeat","background-position":"center center","background-size":"auto","background-attachment":"scroll","background-type":"","background-media":"","overlay-type":"","overlay-color":"","overlay-opacity":"","overlay-gradient":""},"tablet":{"background-color":"","background-image":"","background-repeat":"repeat","background-position":"center center","background-size":"auto","background-attachment":"scroll","background-type":"","background-media":"","overlay-type":"","overlay-color":"","overlay-opacity":"","overlay-gradient":""},"mobile":{"background-color":"","background-image":"","background-repeat":"repeat","background-position":"center center","background-size":"auto","background-attachment":"scroll","background-type":"","background-media":"","overlay-type":"","overlay-color":"","overlay-opacity":"","overlay-gradient":""}},"ast-content-background-meta":{"desktop":{"background-color":"var(--ast-global-color-5)","background-image":"","background-repeat":"repeat","background-position":"center center","background-size":"auto","background-attachment":"scroll","background-type":"","background-media":"","overlay-type":"","overlay-color":"","overlay-opacity":"","overlay-gradient":""},"tablet":{"background-color":"var(--ast-global-color-5)","background-image":"","background-repeat":"repeat","background-position":"center center","background-size":"auto","background-attachment":"scroll","background-type":"","background-media":"","overlay-type":"","overlay-color":"","overlay-opacity":"","overlay-gradient":""},"mobile":{"background-color":"var(--ast-global-color-5)","background-image":"","background-repeat":"repeat","background-position":"center center","background-size":"auto","background-attachment":"scroll","background-type":"","background-media":"","overlay-type":"","overlay-color":"","overlay-opacity":"","overlay-gradient":""}},"footnotes":""},"categories":[1,4],"tags":[],"class_list":["post-635","post","type-post","status-publish","format-standard","has-post-thumbnail","hentry","category-general","category-portada"],"post_mailing_queue_ids":[],"_links":{"self":[{"href":"https:\/\/agora.xtec.cat\/esc-jverdaguer\/wp-json\/wp\/v2\/posts\/635","targetHints":{"allow":["GET"]}}],"collection":[{"href":"https:\/\/agora.xtec.cat\/esc-jverdaguer\/wp-json\/wp\/v2\/posts"}],"about":[{"href":"https:\/\/agora.xtec.cat\/esc-jverdaguer\/wp-json\/wp\/v2\/types\/post"}],"author":[{"embeddable":true,"href":"https:\/\/agora.xtec.cat\/esc-jverdaguer\/wp-json\/wp\/v2\/users\/1"}],"replies":[{"embeddable":true,"href":"https:\/\/agora.xtec.cat\/esc-jverdaguer\/wp-json\/wp\/v2\/comments?post=635"}],"version-history":[{"count":1,"href":"https:\/\/agora.xtec.cat\/esc-jverdaguer\/wp-json\/wp\/v2\/posts\/635\/revisions"}],"predecessor-version":[{"id":638,"href":"https:\/\/agora.xtec.cat\/esc-jverdaguer\/wp-json\/wp\/v2\/posts\/635\/revisions\/638"}],"wp:featuredmedia":[{"embeddable":true,"href":"https:\/\/agora.xtec.cat\/esc-jverdaguer\/wp-json\/wp\/v2\/media\/637"}],"wp:attachment":[{"href":"https:\/\/agora.xtec.cat\/esc-jverdaguer\/wp-json\/wp\/v2\/media?parent=635"}],"wp:term":[{"taxonomy":"category","embeddable":true,"href":"https:\/\/agora.xtec.cat\/esc-jverdaguer\/wp-json\/wp\/v2\/categories?post=635"},{"taxonomy":"post_tag","embeddable":true,"href":"https:\/\/agora.xtec.cat\/esc-jverdaguer\/wp-json\/wp\/v2\/tags?post=635"}],"curies":[{"name":"wp","href":"https:\/\/api.w.org\/{rel}","templated":true}]}}