{"id":575,"date":"2016-10-25T11:12:53","date_gmt":"2016-10-25T09:12:53","guid":{"rendered":"http:\/\/agora.xtec.cat\/esc-jverdaguer\/?p=575"},"modified":"2017-02-01T16:33:54","modified_gmt":"2017-02-01T15:33:54","slug":"guia-per-un-infant-que-creix","status":"publish","type":"post","link":"https:\/\/agora.xtec.cat\/esc-jverdaguer\/general\/guia-per-un-infant-que-creix\/","title":{"rendered":"Guia per les fam\u00edlies, &#8220;Un Infant que Creix&#8221;"},"content":{"rendered":"<p><em><strong>Avui \u00a0repartim als nens i nenes de P3 UN INFANT QUE CREIX (guia per les fam\u00edlies)<\/strong><\/em><\/p>\n<p><a href=\"http:\/\/agora.xtec.cat\/esc-jverdaguer\/wp-content\/uploads\/usu831\/2016\/10\/2015.10.26_Un-infant-que-creix.jpg\"><img loading=\"lazy\" decoding=\"async\" class=\"alignright size-medium wp-image-576\" src=\"http:\/\/agora.xtec.cat\/esc-jverdaguer\/wp-content\/uploads\/usu831\/2016\/10\/2015.10.26_Un-infant-que-creix-300x298.jpg\" alt=\"2015-10-26_un-infant-que-creix\" width=\"300\" height=\"298\" srcset=\"https:\/\/agora.xtec.cat\/esc-jverdaguer\/wp-content\/uploads\/usu831\/2016\/10\/2015.10.26_Un-infant-que-creix-300x298.jpg 300w, https:\/\/agora.xtec.cat\/esc-jverdaguer\/wp-content\/uploads\/usu831\/2016\/10\/2015.10.26_Un-infant-que-creix-150x150.jpg 150w, https:\/\/agora.xtec.cat\/esc-jverdaguer\/wp-content\/uploads\/usu831\/2016\/10\/2015.10.26_Un-infant-que-creix.jpg 400w\" sizes=\"auto, (max-width: 300px) 100vw, 300px\" \/><\/a><\/p>\n<p>La Direcci\u00f3 General de Pol\u00edtica Ling\u00fc\u00edstica ha col\u00b7laborat en la creaci\u00f3 de continguts per a la publicaci\u00f3 <em>Un<\/em><em> infant que creix<\/em>, una guia editada per la Secretaria de Fam\u00edlia del Departament de Benestar Social i Fam\u00edlia, que durant un per\u00edode de 4 anys es distribuir\u00e0 gratu\u00eftament entre els nens que comencin P3 a qualsevol escola de Catalunya.<\/p>\n<p>La guia, que t\u00e9 format de conte i inclou il\u00b7lustracions de Roser Capdevila, ofereix informaci\u00f3 i orientacions a fam\u00edlies amb infants de3 a 6 anys.<\/p>\n<p>&nbsp;<\/p>\n","protected":false},"excerpt":{"rendered":"<p>Avui \u00a0repartim als nens i nenes de P3 UN INFANT QUE CREIX (guia per les fam\u00edlies) La Direcci\u00f3 General de Pol\u00edtica Ling\u00fc\u00edstica ha col\u00b7laborat en la creaci\u00f3 de continguts per a la publicaci\u00f3 Un infant que creix, una guia editada per la Secretaria de Fam\u00edlia del Departament de Benestar Social i Fam\u00edlia, que durant un [&hellip;]<\/p>\n","protected":false},"author":1,"featured_media":576,"comment_status":"open","ping_status":"open","sticky":false,"template":"","format":"standard","meta":{"_bbp_topic_count":0,"_bbp_reply_count":0,"_bbp_total_topic_count":0,"_bbp_total_reply_count":0,"_bbp_voice_count":0,"_bbp_anonymous_reply_count":0,"_bbp_topic_count_hidden":0,"_bbp_reply_count_hidden":0,"_bbp_forum_subforum_count":0,"site-sidebar-layout":"default","site-content-layout":"","ast-site-content-layout":"","site-content-style":"default","site-sidebar-style":"default","ast-global-header-display":"","ast-banner-title-visibility":"","ast-main-header-display":"","ast-hfb-above-header-display":"","ast-hfb-below-header-display":"","ast-hfb-mobile-header-display":"","site-post-title":"","ast-breadcrumbs-content":"","ast-featured-img":"","footer-sml-layout":"","theme-transparent-header-meta":"","adv-header-id-meta":"","stick-header-meta":"","header-above-stick-meta":"","header-main-stick-meta":"","header-below-stick-meta":"","astra-migrate-meta-layouts":"default","ast-page-background-enabled":"default","ast-page-background-meta":{"desktop":{"background-color":"var(--ast-global-color-4)","background-image":"","background-repeat":"repeat","background-position":"center center","background-size":"auto","background-attachment":"scroll","background-type":"","background-media":"","overlay-type":"","overlay-color":"","overlay-opacity":"","overlay-gradient":""},"tablet":{"background-color":"","background-image":"","background-repeat":"repeat","background-position":"center center","background-size":"auto","background-attachment":"scroll","background-type":"","background-media":"","overlay-type":"","overlay-color":"","overlay-opacity":"","overlay-gradient":""},"mobile":{"background-color":"","background-image":"","background-repeat":"repeat","background-position":"center center","background-size":"auto","background-attachment":"scroll","background-type":"","background-media":"","overlay-type":"","overlay-color":"","overlay-opacity":"","overlay-gradient":""}},"ast-content-background-meta":{"desktop":{"background-color":"var(--ast-global-color-5)","background-image":"","background-repeat":"repeat","background-position":"center center","background-size":"auto","background-attachment":"scroll","background-type":"","background-media":"","overlay-type":"","overlay-color":"","overlay-opacity":"","overlay-gradient":""},"tablet":{"background-color":"var(--ast-global-color-5)","background-image":"","background-repeat":"repeat","background-position":"center center","background-size":"auto","background-attachment":"scroll","background-type":"","background-media":"","overlay-type":"","overlay-color":"","overlay-opacity":"","overlay-gradient":""},"mobile":{"background-color":"var(--ast-global-color-5)","background-image":"","background-repeat":"repeat","background-position":"center center","background-size":"auto","background-attachment":"scroll","background-type":"","background-media":"","overlay-type":"","overlay-color":"","overlay-opacity":"","overlay-gradient":""}},"footnotes":""},"categories":[45,1,4],"tags":[],"class_list":["post-575","post","type-post","status-publish","format-standard","has-post-thumbnail","hentry","category-escola-que-llegeix","category-general","category-portada"],"post_mailing_queue_ids":[],"_links":{"self":[{"href":"https:\/\/agora.xtec.cat\/esc-jverdaguer\/wp-json\/wp\/v2\/posts\/575","targetHints":{"allow":["GET"]}}],"collection":[{"href":"https:\/\/agora.xtec.cat\/esc-jverdaguer\/wp-json\/wp\/v2\/posts"}],"about":[{"href":"https:\/\/agora.xtec.cat\/esc-jverdaguer\/wp-json\/wp\/v2\/types\/post"}],"author":[{"embeddable":true,"href":"https:\/\/agora.xtec.cat\/esc-jverdaguer\/wp-json\/wp\/v2\/users\/1"}],"replies":[{"embeddable":true,"href":"https:\/\/agora.xtec.cat\/esc-jverdaguer\/wp-json\/wp\/v2\/comments?post=575"}],"version-history":[{"count":2,"href":"https:\/\/agora.xtec.cat\/esc-jverdaguer\/wp-json\/wp\/v2\/posts\/575\/revisions"}],"predecessor-version":[{"id":578,"href":"https:\/\/agora.xtec.cat\/esc-jverdaguer\/wp-json\/wp\/v2\/posts\/575\/revisions\/578"}],"wp:featuredmedia":[{"embeddable":true,"href":"https:\/\/agora.xtec.cat\/esc-jverdaguer\/wp-json\/wp\/v2\/media\/576"}],"wp:attachment":[{"href":"https:\/\/agora.xtec.cat\/esc-jverdaguer\/wp-json\/wp\/v2\/media?parent=575"}],"wp:term":[{"taxonomy":"category","embeddable":true,"href":"https:\/\/agora.xtec.cat\/esc-jverdaguer\/wp-json\/wp\/v2\/categories?post=575"},{"taxonomy":"post_tag","embeddable":true,"href":"https:\/\/agora.xtec.cat\/esc-jverdaguer\/wp-json\/wp\/v2\/tags?post=575"}],"curies":[{"name":"wp","href":"https:\/\/api.w.org\/{rel}","templated":true}]}}