{"id":3526,"date":"2026-03-03T12:29:38","date_gmt":"2026-03-03T11:29:38","guid":{"rendered":"https:\/\/agora.xtec.cat\/esc-jverdaguer\/?p=3526"},"modified":"2026-03-03T12:29:39","modified_gmt":"2026-03-03T11:29:39","slug":"publicacio-de-loferta-inicial-de-places","status":"publish","type":"post","link":"https:\/\/agora.xtec.cat\/esc-jverdaguer\/general\/publicacio-de-loferta-inicial-de-places\/","title":{"rendered":"Publicaci\u00f3 de l\u2019oferta inicial de places"},"content":{"rendered":"\n<p><strong>Preinscripci\u00f3 curs 2026-2027<\/strong><\/p>\n\n\n\n<p>Avui s\u2019ha fet p\u00fablica l\u2019oferta inicial de places de l\u2019<strong>Escola Jacint Verdaguer<\/strong> per al curs 2026-2027, d\u2019acord amb la planificaci\u00f3 del Departament d\u2019Educaci\u00f3 i Formaci\u00f3 Professional.<\/p>\n\n\n\n<figure class=\"wp-block-image size-full is-resized\"><a href=\"https:\/\/agora.xtec.cat\/esc-jverdaguer\/wp-content\/uploads\/usu831\/2026\/03\/INFORME_OFERTA_OME_INFORME_OFERTA_page-0001-2.jpg\"><img loading=\"lazy\" decoding=\"async\" width=\"1012\" height=\"759\" src=\"https:\/\/agora.xtec.cat\/esc-jverdaguer\/wp-content\/uploads\/usu831\/2026\/03\/INFORME_OFERTA_OME_INFORME_OFERTA_page-0001-2.jpg\" alt=\"\" class=\"wp-image-3528\" style=\"width:732px;height:auto\" srcset=\"https:\/\/agora.xtec.cat\/esc-jverdaguer\/wp-content\/uploads\/usu831\/2026\/03\/INFORME_OFERTA_OME_INFORME_OFERTA_page-0001-2.jpg 1012w, https:\/\/agora.xtec.cat\/esc-jverdaguer\/wp-content\/uploads\/usu831\/2026\/03\/INFORME_OFERTA_OME_INFORME_OFERTA_page-0001-2-300x225.jpg 300w, https:\/\/agora.xtec.cat\/esc-jverdaguer\/wp-content\/uploads\/usu831\/2026\/03\/INFORME_OFERTA_OME_INFORME_OFERTA_page-0001-2-768x576.jpg 768w\" sizes=\"auto, (max-width: 1012px) 100vw, 1012px\" \/><\/a><\/figure>\n\n\n\n<p>Aquesta oferta determina el nombre de places disponibles per a cada nivell educatiu de cara al proc\u00e9s de preinscripci\u00f3.<\/p>\n\n\n\n<p><strong>El per\u00edode de preinscripci\u00f3 comen\u00e7ar\u00e0 dem\u00e0, 4 de mar\u00e7, i finalitzar\u00e0 el 18 de mar\u00e7 de 2026.<\/strong><\/p>\n\n\n\n<p>Les fam\u00edlies poden presentar la sol\u00b7licitud:<\/p>\n\n\n\n<p> <strong>Telem\u00e0ticament<\/strong>, a trav\u00e9s del web oficial: <a href=\"https:\/\/preinscripcio.gencat.cat\/ca\/inici\">https:\/\/preinscripcio.gencat.cat\/ca\/inici<\/a><\/p>\n\n\n\n<p>o b\u00e9<\/p>\n\n\n\n<p><strong>Amb el nostre acompanyament<\/strong>, demanant cita pr\u00e8via:<br>Correu electr\u00f2nic: <a>a8015351@xtec.cat<\/a><br>Tel\u00e8fon: 938 49 20 49<\/p>\n\n\n\n<p>Al Verdaguer sabem que la preinscripci\u00f3 no \u00e9s nom\u00e9s un tr\u00e0mit administratiu. \u00c9s una decisi\u00f3 important. Per aix\u00f2, si alguna fam\u00edlia necessita suport, orientaci\u00f3 o simplement resoldre dubtes, hi som. No dubteu en contactar-nos! <\/p>\n\n\n\n<p>#elVerdaguerBatega \ud83d\udc9a<\/p>\n\n\n\n<p><\/p>\n","protected":false},"excerpt":{"rendered":"<p>Preinscripci\u00f3 curs 2026-2027 Avui s\u2019ha fet p\u00fablica l\u2019oferta inicial de places de l\u2019Escola Jacint Verdaguer per al curs 2026-2027, d\u2019acord amb la planificaci\u00f3 del Departament d\u2019Educaci\u00f3 i Formaci\u00f3 Professional. Aquesta oferta determina el nombre de places disponibles per a cada nivell educatiu de cara al proc\u00e9s de preinscripci\u00f3. El per\u00edode de preinscripci\u00f3 comen\u00e7ar\u00e0 dem\u00e0, 4 [&hellip;]<\/p>\n","protected":false},"author":1,"featured_media":3529,"comment_status":"closed","ping_status":"open","sticky":false,"template":"","format":"standard","meta":{"_bbp_topic_count":0,"_bbp_reply_count":0,"_bbp_total_topic_count":0,"_bbp_total_reply_count":0,"_bbp_voice_count":0,"_bbp_anonymous_reply_count":0,"_bbp_topic_count_hidden":0,"_bbp_reply_count_hidden":0,"_bbp_forum_subforum_count":0,"site-sidebar-layout":"default","site-content-layout":"","ast-site-content-layout":"default","site-content-style":"default","site-sidebar-style":"default","ast-global-header-display":"","ast-banner-title-visibility":"","ast-main-header-display":"","ast-hfb-above-header-display":"","ast-hfb-below-header-display":"","ast-hfb-mobile-header-display":"","site-post-title":"","ast-breadcrumbs-content":"","ast-featured-img":"","footer-sml-layout":"","theme-transparent-header-meta":"","adv-header-id-meta":"","stick-header-meta":"","header-above-stick-meta":"","header-main-stick-meta":"","header-below-stick-meta":"","astra-migrate-meta-layouts":"set","ast-page-background-enabled":"default","ast-page-background-meta":{"desktop":{"background-color":"var(--ast-global-color-4)","background-image":"","background-repeat":"repeat","background-position":"center center","background-size":"auto","background-attachment":"scroll","background-type":"","background-media":"","overlay-type":"","overlay-color":"","overlay-opacity":"","overlay-gradient":""},"tablet":{"background-color":"","background-image":"","background-repeat":"repeat","background-position":"center center","background-size":"auto","background-attachment":"scroll","background-type":"","background-media":"","overlay-type":"","overlay-color":"","overlay-opacity":"","overlay-gradient":""},"mobile":{"background-color":"","background-image":"","background-repeat":"repeat","background-position":"center center","background-size":"auto","background-attachment":"scroll","background-type":"","background-media":"","overlay-type":"","overlay-color":"","overlay-opacity":"","overlay-gradient":""}},"ast-content-background-meta":{"desktop":{"background-color":"var(--ast-global-color-5)","background-image":"","background-repeat":"repeat","background-position":"center center","background-size":"auto","background-attachment":"scroll","background-type":"","background-media":"","overlay-type":"","overlay-color":"","overlay-opacity":"","overlay-gradient":""},"tablet":{"background-color":"var(--ast-global-color-5)","background-image":"","background-repeat":"repeat","background-position":"center center","background-size":"auto","background-attachment":"scroll","background-type":"","background-media":"","overlay-type":"","overlay-color":"","overlay-opacity":"","overlay-gradient":""},"mobile":{"background-color":"var(--ast-global-color-5)","background-image":"","background-repeat":"repeat","background-position":"center center","background-size":"auto","background-attachment":"scroll","background-type":"","background-media":"","overlay-type":"","overlay-color":"","overlay-opacity":"","overlay-gradient":""}},"footnotes":""},"categories":[63,62,61,1,4],"tags":[],"class_list":["post-3526","post","type-post","status-publish","format-standard","has-post-thumbnail","hentry","category-comunitat-de-grans","category-comunitat-de-mitjans","category-comunitat-de-petits","category-general","category-portada"],"post_mailing_queue_ids":[],"_links":{"self":[{"href":"https:\/\/agora.xtec.cat\/esc-jverdaguer\/wp-json\/wp\/v2\/posts\/3526","targetHints":{"allow":["GET"]}}],"collection":[{"href":"https:\/\/agora.xtec.cat\/esc-jverdaguer\/wp-json\/wp\/v2\/posts"}],"about":[{"href":"https:\/\/agora.xtec.cat\/esc-jverdaguer\/wp-json\/wp\/v2\/types\/post"}],"author":[{"embeddable":true,"href":"https:\/\/agora.xtec.cat\/esc-jverdaguer\/wp-json\/wp\/v2\/users\/1"}],"replies":[{"embeddable":true,"href":"https:\/\/agora.xtec.cat\/esc-jverdaguer\/wp-json\/wp\/v2\/comments?post=3526"}],"version-history":[{"count":1,"href":"https:\/\/agora.xtec.cat\/esc-jverdaguer\/wp-json\/wp\/v2\/posts\/3526\/revisions"}],"predecessor-version":[{"id":3530,"href":"https:\/\/agora.xtec.cat\/esc-jverdaguer\/wp-json\/wp\/v2\/posts\/3526\/revisions\/3530"}],"wp:featuredmedia":[{"embeddable":true,"href":"https:\/\/agora.xtec.cat\/esc-jverdaguer\/wp-json\/wp\/v2\/media\/3529"}],"wp:attachment":[{"href":"https:\/\/agora.xtec.cat\/esc-jverdaguer\/wp-json\/wp\/v2\/media?parent=3526"}],"wp:term":[{"taxonomy":"category","embeddable":true,"href":"https:\/\/agora.xtec.cat\/esc-jverdaguer\/wp-json\/wp\/v2\/categories?post=3526"},{"taxonomy":"post_tag","embeddable":true,"href":"https:\/\/agora.xtec.cat\/esc-jverdaguer\/wp-json\/wp\/v2\/tags?post=3526"}],"curies":[{"name":"wp","href":"https:\/\/api.w.org\/{rel}","templated":true}]}}