{"id":3301,"date":"2025-12-12T17:07:31","date_gmt":"2025-12-12T16:07:31","guid":{"rendered":"https:\/\/agora.xtec.cat\/esc-jverdaguer\/?p=3301"},"modified":"2025-12-12T17:08:14","modified_gmt":"2025-12-12T16:08:14","slug":"el-verdaguer-batega-per-lhivern","status":"publish","type":"post","link":"https:\/\/agora.xtec.cat\/esc-jverdaguer\/general\/el-verdaguer-batega-per-lhivern\/","title":{"rendered":"El Verdaguer batega per l&#8217;hivern!"},"content":{"rendered":"\n<figure class=\"wp-block-image size-large is-resized\"><a href=\"https:\/\/agora.xtec.cat\/esc-jverdaguer\/wp-content\/uploads\/usu831\/2025\/12\/Documento-A4-Hoja-de-Navidad-Ilustrado-Navideno-Rojo-y-Verde.jpg\"><img loading=\"lazy\" decoding=\"async\" width=\"724\" height=\"1024\" src=\"https:\/\/agora.xtec.cat\/esc-jverdaguer\/wp-content\/uploads\/usu831\/2025\/12\/Documento-A4-Hoja-de-Navidad-Ilustrado-Navideno-Rojo-y-Verde-724x1024.jpg\" alt=\"\" class=\"wp-image-3302\" style=\"width:494px;height:auto\" srcset=\"https:\/\/agora.xtec.cat\/esc-jverdaguer\/wp-content\/uploads\/usu831\/2025\/12\/Documento-A4-Hoja-de-Navidad-Ilustrado-Navideno-Rojo-y-Verde-724x1024.jpg 724w, https:\/\/agora.xtec.cat\/esc-jverdaguer\/wp-content\/uploads\/usu831\/2025\/12\/Documento-A4-Hoja-de-Navidad-Ilustrado-Navideno-Rojo-y-Verde-212x300.jpg 212w, https:\/\/agora.xtec.cat\/esc-jverdaguer\/wp-content\/uploads\/usu831\/2025\/12\/Documento-A4-Hoja-de-Navidad-Ilustrado-Navideno-Rojo-y-Verde-768x1086.jpg 768w, https:\/\/agora.xtec.cat\/esc-jverdaguer\/wp-content\/uploads\/usu831\/2025\/12\/Documento-A4-Hoja-de-Navidad-Ilustrado-Navideno-Rojo-y-Verde-1086x1536.jpg 1086w, https:\/\/agora.xtec.cat\/esc-jverdaguer\/wp-content\/uploads\/usu831\/2025\/12\/Documento-A4-Hoja-de-Navidad-Ilustrado-Navideno-Rojo-y-Verde.jpg 1414w\" sizes=\"auto, (max-width: 724px) 100vw, 724px\" \/><\/a><\/figure>\n\n\n\n<p>Del <strong>dilluns 15 al divendres 19 de desembre<\/strong>, l\u2019Escola Jacint Verdaguer dur\u00e0 a terme la <strong>Setmana de celebraci\u00f3 d\u2019hivern<\/strong>, un conjunt d\u2019activitats culturals i comunit\u00e0ries que ja formen part de la vida del centre! <\/p>\n\n\n\n<h3 class=\"wp-block-heading\">Concert d\u2019Hivern. Dimarts 16 de desembre (al Campanar)<\/h3>\n\n\n\n<p>L\u2019acte central de la setmana ser\u00e0 el <strong>Concert d\u2019Hivern<\/strong>, que tindr\u00e0 lloc al <strong>Campanar<\/strong> i en el qual participar\u00e0 tot l\u2019alumnat del centre, organitzat per comunitats.<\/p>\n\n\n\n<p><strong>Horaris del concert:<\/strong><\/p>\n\n\n\n<p>&#8211;<strong>Comunitat de petits<\/strong> (I3, I4, I5): de <strong>9.30 a 10.15 h<\/strong><\/p>\n\n\n\n<p>&#8211;<strong>Comunitat de mitjans<\/strong> (1r, 2n, 3r): de <strong>10.30 a 11.15 h<\/strong><\/p>\n\n\n\n<p>&#8211;<strong>Comunitat de grans<\/strong> (4t, 5\u00e8, 6\u00e8): de <strong>11.30 a 12.15 h<\/strong><\/p>\n\n\n\n<p>A m\u00e9s&#8230; Podeu consultar l&#8217;agenda de la setmana m\u00e9s m\u00e0gica de l&#8217;any: <\/p>\n\n\n\n<figure class=\"wp-block-image size-large is-resized\"><a href=\"https:\/\/agora.xtec.cat\/esc-jverdaguer\/wp-content\/uploads\/usu831\/2025\/12\/Setmana-de-celebracio.png\"><img loading=\"lazy\" decoding=\"async\" width=\"724\" height=\"1024\" src=\"https:\/\/agora.xtec.cat\/esc-jverdaguer\/wp-content\/uploads\/usu831\/2025\/12\/Setmana-de-celebracio-724x1024.png\" alt=\"\" class=\"wp-image-3303\" style=\"width:432px;height:auto\" srcset=\"https:\/\/agora.xtec.cat\/esc-jverdaguer\/wp-content\/uploads\/usu831\/2025\/12\/Setmana-de-celebracio-724x1024.png 724w, https:\/\/agora.xtec.cat\/esc-jverdaguer\/wp-content\/uploads\/usu831\/2025\/12\/Setmana-de-celebracio-212x300.png 212w, https:\/\/agora.xtec.cat\/esc-jverdaguer\/wp-content\/uploads\/usu831\/2025\/12\/Setmana-de-celebracio-768x1086.png 768w, https:\/\/agora.xtec.cat\/esc-jverdaguer\/wp-content\/uploads\/usu831\/2025\/12\/Setmana-de-celebracio-1086x1536.png 1086w, https:\/\/agora.xtec.cat\/esc-jverdaguer\/wp-content\/uploads\/usu831\/2025\/12\/Setmana-de-celebracio.png 1414w\" sizes=\"auto, (max-width: 724px) 100vw, 724px\" \/><\/a><\/figure>\n\n\n\n<h3 class=\"wp-block-heading\">Dilluns 15 de desembre: Assaig general<\/h3>\n\n\n\n<p>El dilluns es dur\u00e0 a terme l\u2019<strong>assaig general del concert<\/strong> al Campanar. <\/p>\n\n\n\n<h3 class=\"wp-block-heading\">Dimecres 17 de desembre: activitats de Nadal<\/h3>\n\n\n\n<p>-L\u2019alumnat d\u2019<strong>I4<\/strong> oferir\u00e0 <strong>can\u00e7ons nadalenques a l\u2019Escola Bressol<\/strong> Marta Mata. <\/p>\n\n\n\n<p>-A la tarda, tindr\u00e0 lloc l\u2019<strong>arribada dels Patges Reials a l\u2019escola<\/strong>, una activitat adre\u00e7ada a l\u2019alumnat de la Comunitat Petits i Mitjans. <\/p>\n\n\n\n<h3 class=\"wp-block-heading\">Dijous 18 de desembre: representaci\u00f3 tradicional<\/h3>\n\n\n\n<p>Es realitzar\u00e0 una <strong>representaci\u00f3 tradicional a la biblioteca del centre<\/strong>, amb l\u2019objectiu de treballar la cultura popular i la tradici\u00f3! <\/p>\n\n\n\n<h3 class=\"wp-block-heading\">Divendres 19 de desembre: tancament del trimestre<\/h3>\n\n\n\n<p>&#8211;<strong>Educaci\u00f3 infantil (1r, 2n i 3r)<\/strong>: activitat de <strong>cagar el Ti\u00f3<\/strong>.<\/p>\n\n\n\n<p>&#8211;<strong>Cicle mitj\u00e0 i superior (4t, 5\u00e8 i 6\u00e8)<\/strong>: <strong>pica-pica<\/strong> de tancament.<\/p>\n\n\n\n<p>La Setmana de celebraci\u00f3 d\u2019hivern forma part del projecte educatiu del centre i contribueix al desenvolupament de compet\u00e8ncies socials, comunicatives i art\u00edstiques, alhora que refor\u00e7a el sentiment de pertinen\u00e7a i la conviv\u00e8ncia entre els diferents grups d\u2019edat.<\/p>\n\n\n\n<p>Agra\u00efm la implicaci\u00f3 de l\u2019equip docent, del personal del centre i de les fam\u00edlies per fer possible una setmana que combina <strong>organitzaci\u00f3, sentit educatiu i viv\u00e8ncia comunit\u00e0ria<\/strong>.<\/p>\n\n\n\n<p>Units per construir, junts per cr\u00e9ixer! <\/p>\n","protected":false},"excerpt":{"rendered":"<p>Del dilluns 15 al divendres 19 de desembre, l\u2019Escola Jacint Verdaguer dur\u00e0 a terme la Setmana de celebraci\u00f3 d\u2019hivern, un conjunt d\u2019activitats culturals i comunit\u00e0ries que ja formen part de la vida del centre! Concert d\u2019Hivern. Dimarts 16 de desembre (al Campanar) L\u2019acte central de la setmana ser\u00e0 el Concert d\u2019Hivern, que tindr\u00e0 lloc al [&hellip;]<\/p>\n","protected":false},"author":1,"featured_media":3304,"comment_status":"closed","ping_status":"open","sticky":false,"template":"","format":"standard","meta":{"_bbp_topic_count":0,"_bbp_reply_count":0,"_bbp_total_topic_count":0,"_bbp_total_reply_count":0,"_bbp_voice_count":0,"_bbp_anonymous_reply_count":0,"_bbp_topic_count_hidden":0,"_bbp_reply_count_hidden":0,"_bbp_forum_subforum_count":0,"site-sidebar-layout":"default","site-content-layout":"","ast-site-content-layout":"default","site-content-style":"default","site-sidebar-style":"default","ast-global-header-display":"","ast-banner-title-visibility":"","ast-main-header-display":"","ast-hfb-above-header-display":"","ast-hfb-below-header-display":"","ast-hfb-mobile-header-display":"","site-post-title":"","ast-breadcrumbs-content":"","ast-featured-img":"","footer-sml-layout":"","theme-transparent-header-meta":"","adv-header-id-meta":"","stick-header-meta":"","header-above-stick-meta":"","header-main-stick-meta":"","header-below-stick-meta":"","astra-migrate-meta-layouts":"set","ast-page-background-enabled":"default","ast-page-background-meta":{"desktop":{"background-color":"var(--ast-global-color-4)","background-image":"","background-repeat":"repeat","background-position":"center center","background-size":"auto","background-attachment":"scroll","background-type":"","background-media":"","overlay-type":"","overlay-color":"","overlay-opacity":"","overlay-gradient":""},"tablet":{"background-color":"","background-image":"","background-repeat":"repeat","background-position":"center center","background-size":"auto","background-attachment":"scroll","background-type":"","background-media":"","overlay-type":"","overlay-color":"","overlay-opacity":"","overlay-gradient":""},"mobile":{"background-color":"","background-image":"","background-repeat":"repeat","background-position":"center center","background-size":"auto","background-attachment":"scroll","background-type":"","background-media":"","overlay-type":"","overlay-color":"","overlay-opacity":"","overlay-gradient":""}},"ast-content-background-meta":{"desktop":{"background-color":"var(--ast-global-color-5)","background-image":"","background-repeat":"repeat","background-position":"center center","background-size":"auto","background-attachment":"scroll","background-type":"","background-media":"","overlay-type":"","overlay-color":"","overlay-opacity":"","overlay-gradient":""},"tablet":{"background-color":"var(--ast-global-color-5)","background-image":"","background-repeat":"repeat","background-position":"center center","background-size":"auto","background-attachment":"scroll","background-type":"","background-media":"","overlay-type":"","overlay-color":"","overlay-opacity":"","overlay-gradient":""},"mobile":{"background-color":"var(--ast-global-color-5)","background-image":"","background-repeat":"repeat","background-position":"center center","background-size":"auto","background-attachment":"scroll","background-type":"","background-media":"","overlay-type":"","overlay-color":"","overlay-opacity":"","overlay-gradient":""}},"footnotes":""},"categories":[1,4],"tags":[],"class_list":["post-3301","post","type-post","status-publish","format-standard","has-post-thumbnail","hentry","category-general","category-portada"],"post_mailing_queue_ids":[],"_links":{"self":[{"href":"https:\/\/agora.xtec.cat\/esc-jverdaguer\/wp-json\/wp\/v2\/posts\/3301","targetHints":{"allow":["GET"]}}],"collection":[{"href":"https:\/\/agora.xtec.cat\/esc-jverdaguer\/wp-json\/wp\/v2\/posts"}],"about":[{"href":"https:\/\/agora.xtec.cat\/esc-jverdaguer\/wp-json\/wp\/v2\/types\/post"}],"author":[{"embeddable":true,"href":"https:\/\/agora.xtec.cat\/esc-jverdaguer\/wp-json\/wp\/v2\/users\/1"}],"replies":[{"embeddable":true,"href":"https:\/\/agora.xtec.cat\/esc-jverdaguer\/wp-json\/wp\/v2\/comments?post=3301"}],"version-history":[{"count":1,"href":"https:\/\/agora.xtec.cat\/esc-jverdaguer\/wp-json\/wp\/v2\/posts\/3301\/revisions"}],"predecessor-version":[{"id":3305,"href":"https:\/\/agora.xtec.cat\/esc-jverdaguer\/wp-json\/wp\/v2\/posts\/3301\/revisions\/3305"}],"wp:featuredmedia":[{"embeddable":true,"href":"https:\/\/agora.xtec.cat\/esc-jverdaguer\/wp-json\/wp\/v2\/media\/3304"}],"wp:attachment":[{"href":"https:\/\/agora.xtec.cat\/esc-jverdaguer\/wp-json\/wp\/v2\/media?parent=3301"}],"wp:term":[{"taxonomy":"category","embeddable":true,"href":"https:\/\/agora.xtec.cat\/esc-jverdaguer\/wp-json\/wp\/v2\/categories?post=3301"},{"taxonomy":"post_tag","embeddable":true,"href":"https:\/\/agora.xtec.cat\/esc-jverdaguer\/wp-json\/wp\/v2\/tags?post=3301"}],"curies":[{"name":"wp","href":"https:\/\/api.w.org\/{rel}","templated":true}]}}