{"id":3132,"date":"2025-11-21T09:28:57","date_gmt":"2025-11-21T08:28:57","guid":{"rendered":"https:\/\/agora.xtec.cat\/esc-jverdaguer\/?p=3132"},"modified":"2025-11-21T22:58:50","modified_gmt":"2025-11-21T21:58:50","slug":"renovacio-del-consell-escolar-del-verdaguer","status":"publish","type":"post","link":"https:\/\/agora.xtec.cat\/esc-jverdaguer\/general\/renovacio-del-consell-escolar-del-verdaguer\/","title":{"rendered":"Renovaci\u00f3 del Consell Escolar del Verdaguer"},"content":{"rendered":"\n<p>Aquest mes de novembre hem celebrat les eleccions al Consell Escolar, l\u2019\u00f2rgan de representaci\u00f3 i participaci\u00f3 que garanteix que l\u2019escola avanci amb la mirada, la veu i el criteri de tota la comunitat educativa.<br>Enguany s\u2019han renovat els sectors <strong>docent<\/strong>, <strong>fam\u00edlies<\/strong> i <strong>PAS,<\/strong> ho hem fet amb una participaci\u00f3 responsable i transparent que volem agrair sincerament.<\/p>\n\n\n\n<h2 class=\"wp-block-heading has-medium-font-size\">1. <strong>Resultats del sector docent<\/strong><\/h2>\n\n\n\n<p>Despr\u00e9s d\u2019un proc\u00e9s de votaci\u00f3, han estat escollides:<\/p>\n\n\n\n<ul class=\"wp-block-list\">\n<li><strong>Adriana Bel<\/strong><\/li>\n\n\n\n<li><strong>Raquel Guerrero<\/strong><\/li>\n\n\n\n<li><strong>Raquel Blanco<\/strong><\/li>\n<\/ul>\n\n\n\n<p>El nostre agra\u00efment per la seva disponibilitat i comprom\u00eds, aix\u00ed com per la feina realitzada fins ara pels membres sortints del sector docent.<\/p>\n\n\n\n<h2 class=\"wp-block-heading has-medium-font-size\">2. <strong>Resultats del sector fam\u00edlies<\/strong><\/h2>\n\n\n\n<p>Pel que fa al sector fam\u00edlies, s\u2019hi han presentat tres candidatures per a les tres vacants existents. Les persones escollides han estat:<\/p>\n\n\n\n<ul class=\"wp-block-list\">\n<li><strong>Cynthia Gonz\u00e1lez Pinte\u00f1o<\/strong><\/li>\n\n\n\n<li><strong>Alba Ortega i Humet<\/strong><\/li>\n\n\n\n<li><strong>Ath\u00e9n\u00e9a Valera Casta\u00f1o<\/strong><\/li>\n<\/ul>\n\n\n\n<p>Volem recon\u00e8ixer l\u2019esfor\u00e7 i la implicaci\u00f3 de totes les fam\u00edlies que han participat en el proc\u00e9s electoral, aix\u00ed com la dedicaci\u00f3 de les representants que tanquen etapa al Consell Escolar.<\/p>\n\n\n\n<h2 class=\"wp-block-heading has-medium-font-size\">3. <strong>Composici\u00f3 del nou Consell Escolar<\/strong><\/h2>\n\n\n\n<p>El Consell Escolar queda configurat de la seg\u00fcent manera:<\/p>\n\n\n\n<h3 class=\"wp-block-heading has-medium-font-size\"><strong>\u00d2rgans unipersonals i membres nats<\/strong><\/h3>\n\n\n\n<ul class=\"wp-block-list\">\n<li><strong>President:<\/strong>&nbsp;Pau Gait\u00e1n<\/li>\n\n\n\n<li><strong>Cap d\u2019Estudis:<\/strong>&nbsp;Merc\u00e8 Nadal<\/li>\n\n\n\n<li><strong>Secret\u00e0ria:<\/strong>&nbsp;Pilar Vicioso<\/li>\n<\/ul>\n\n\n\n<h3 class=\"wp-block-heading has-medium-font-size\"><strong>Sector mestres<\/strong><\/h3>\n\n\n\n<ul class=\"wp-block-list\">\n<li>Noelia Alcalde<\/li>\n\n\n\n<li>Raquel Blanco<\/li>\n\n\n\n<li>Montserrat Ma\u00f1osa<\/li>\n\n\n\n<li>Patricia Mill\u00e1n<\/li>\n\n\n\n<li>Adriana Bel<\/li>\n\n\n\n<li>Raquel Guerrero<\/li>\n<\/ul>\n\n\n\n<h3 class=\"wp-block-heading has-medium-font-size\"><strong>Sector fam\u00edlies<\/strong><\/h3>\n\n\n\n<ul class=\"wp-block-list\">\n<li>Yolanda P\u00e9rez<\/li>\n\n\n\n<li>Raquel Naveros<\/li>\n\n\n\n<li>Cynthia Gonz\u00e1lez Pinte\u00f1o<\/li>\n\n\n\n<li>Alba Ortega i Humet<\/li>\n\n\n\n<li>Ath\u00e9n\u00e9a Valera Casta\u00f1o<\/li>\n<\/ul>\n\n\n\n<h3 class=\"wp-block-heading has-medium-font-size\"><strong>Representant de l\u2019AFA<\/strong><\/h3>\n\n\n\n<ul class=\"wp-block-list\">\n<li>Macarena G\u00f3mez<\/li>\n<\/ul>\n\n\n\n<h3 class=\"wp-block-heading has-medium-font-size\"><strong>Representant del PAS<\/strong><\/h3>\n\n\n\n<ul class=\"wp-block-list\">\n<li>Joan Carles Tarradellas<\/li>\n<\/ul>\n\n\n\n<h3 class=\"wp-block-heading has-medium-font-size\"><strong>Sector PAE<\/strong><\/h3>\n\n\n\n<ul class=\"wp-block-list\">\n<li>Susana G\u00e1lvez<\/li>\n<\/ul>\n\n\n\n<h3 class=\"wp-block-heading has-medium-font-size\"><strong>Representant de l\u2019Ajuntament<\/strong><\/h3>\n\n\n\n<ul class=\"wp-block-list\">\n<li>Laura Santano<\/li>\n<\/ul>\n\n\n\n<h2 class=\"wp-block-heading has-medium-font-size\">4. <strong>Un Consell Escolar al servei del projecte educatiu<\/strong><\/h2>\n\n\n\n<p>Amb la renovaci\u00f3 dels diferents sectors, encetem una nova etapa de treball compartit. El Consell Escolar \u00e9s, i ha de continuar sent, un espai de mirada \u00e0mplia, de debat i de presa de decisions que ajudin a fer cr\u00e9ixer el Verdaguer amb coher\u00e8ncia.<\/p>\n\n\n\n<p>Agra\u00efm, de nou, la participaci\u00f3 de tota la comunitat educativa i el comprom\u00eds de les persones que assumeixen aquesta responsabilitat per als propers anys.<\/p>\n\n\n\n<p><strong>Seguim construint una escola que batega<\/strong>!<\/p>\n\n\n\n<figure class=\"wp-block-image size-large is-resized\"><a href=\"https:\/\/agora.xtec.cat\/esc-jverdaguer\/wp-content\/uploads\/usu831\/2025\/11\/20251121_0837_Eleccions-Consell-Escolar-2025_remix_01kajndgcbfhj9gqhre299bepq1-1.png\"><img loading=\"lazy\" decoding=\"async\" width=\"1024\" height=\"683\" src=\"https:\/\/agora.xtec.cat\/esc-jverdaguer\/wp-content\/uploads\/usu831\/2025\/11\/20251121_0837_Eleccions-Consell-Escolar-2025_remix_01kajndgcbfhj9gqhre299bepq1-1-1024x683.png\" alt=\"\" class=\"wp-image-3133\" style=\"width:588px;height:auto\" srcset=\"https:\/\/agora.xtec.cat\/esc-jverdaguer\/wp-content\/uploads\/usu831\/2025\/11\/20251121_0837_Eleccions-Consell-Escolar-2025_remix_01kajndgcbfhj9gqhre299bepq1-1-1024x683.png 1024w, https:\/\/agora.xtec.cat\/esc-jverdaguer\/wp-content\/uploads\/usu831\/2025\/11\/20251121_0837_Eleccions-Consell-Escolar-2025_remix_01kajndgcbfhj9gqhre299bepq1-1-300x200.png 300w, https:\/\/agora.xtec.cat\/esc-jverdaguer\/wp-content\/uploads\/usu831\/2025\/11\/20251121_0837_Eleccions-Consell-Escolar-2025_remix_01kajndgcbfhj9gqhre299bepq1-1-768x512.png 768w, https:\/\/agora.xtec.cat\/esc-jverdaguer\/wp-content\/uploads\/usu831\/2025\/11\/20251121_0837_Eleccions-Consell-Escolar-2025_remix_01kajndgcbfhj9gqhre299bepq1-1.png 1536w\" sizes=\"auto, (max-width: 1024px) 100vw, 1024px\" \/><\/a><\/figure>\n\n\n\n<p><\/p>\n","protected":false},"excerpt":{"rendered":"<p>Aquest mes de novembre hem celebrat les eleccions al Consell Escolar, l\u2019\u00f2rgan de representaci\u00f3 i participaci\u00f3 que garanteix que l\u2019escola avanci amb la mirada, la veu i el criteri de tota la comunitat educativa.Enguany s\u2019han renovat els sectors docent, fam\u00edlies i PAS, ho hem fet amb una participaci\u00f3 responsable i transparent que volem agrair sincerament. [&hellip;]<\/p>\n","protected":false},"author":1,"featured_media":3133,"comment_status":"closed","ping_status":"open","sticky":false,"template":"","format":"standard","meta":{"_bbp_topic_count":0,"_bbp_reply_count":0,"_bbp_total_topic_count":0,"_bbp_total_reply_count":0,"_bbp_voice_count":0,"_bbp_anonymous_reply_count":0,"_bbp_topic_count_hidden":0,"_bbp_reply_count_hidden":0,"_bbp_forum_subforum_count":0,"site-sidebar-layout":"default","site-content-layout":"","ast-site-content-layout":"default","site-content-style":"default","site-sidebar-style":"default","ast-global-header-display":"","ast-banner-title-visibility":"","ast-main-header-display":"","ast-hfb-above-header-display":"","ast-hfb-below-header-display":"","ast-hfb-mobile-header-display":"","site-post-title":"","ast-breadcrumbs-content":"","ast-featured-img":"","footer-sml-layout":"","theme-transparent-header-meta":"","adv-header-id-meta":"","stick-header-meta":"","header-above-stick-meta":"","header-main-stick-meta":"","header-below-stick-meta":"","astra-migrate-meta-layouts":"set","ast-page-background-enabled":"default","ast-page-background-meta":{"desktop":{"background-color":"var(--ast-global-color-4)","background-image":"","background-repeat":"repeat","background-position":"center center","background-size":"auto","background-attachment":"scroll","background-type":"","background-media":"","overlay-type":"","overlay-color":"","overlay-opacity":"","overlay-gradient":""},"tablet":{"background-color":"","background-image":"","background-repeat":"repeat","background-position":"center center","background-size":"auto","background-attachment":"scroll","background-type":"","background-media":"","overlay-type":"","overlay-color":"","overlay-opacity":"","overlay-gradient":""},"mobile":{"background-color":"","background-image":"","background-repeat":"repeat","background-position":"center center","background-size":"auto","background-attachment":"scroll","background-type":"","background-media":"","overlay-type":"","overlay-color":"","overlay-opacity":"","overlay-gradient":""}},"ast-content-background-meta":{"desktop":{"background-color":"var(--ast-global-color-5)","background-image":"","background-repeat":"repeat","background-position":"center center","background-size":"auto","background-attachment":"scroll","background-type":"","background-media":"","overlay-type":"","overlay-color":"","overlay-opacity":"","overlay-gradient":""},"tablet":{"background-color":"var(--ast-global-color-5)","background-image":"","background-repeat":"repeat","background-position":"center center","background-size":"auto","background-attachment":"scroll","background-type":"","background-media":"","overlay-type":"","overlay-color":"","overlay-opacity":"","overlay-gradient":""},"mobile":{"background-color":"var(--ast-global-color-5)","background-image":"","background-repeat":"repeat","background-position":"center center","background-size":"auto","background-attachment":"scroll","background-type":"","background-media":"","overlay-type":"","overlay-color":"","overlay-opacity":"","overlay-gradient":""}},"footnotes":""},"categories":[1,4],"tags":[],"class_list":["post-3132","post","type-post","status-publish","format-standard","has-post-thumbnail","hentry","category-general","category-portada"],"post_mailing_queue_ids":[],"_links":{"self":[{"href":"https:\/\/agora.xtec.cat\/esc-jverdaguer\/wp-json\/wp\/v2\/posts\/3132","targetHints":{"allow":["GET"]}}],"collection":[{"href":"https:\/\/agora.xtec.cat\/esc-jverdaguer\/wp-json\/wp\/v2\/posts"}],"about":[{"href":"https:\/\/agora.xtec.cat\/esc-jverdaguer\/wp-json\/wp\/v2\/types\/post"}],"author":[{"embeddable":true,"href":"https:\/\/agora.xtec.cat\/esc-jverdaguer\/wp-json\/wp\/v2\/users\/1"}],"replies":[{"embeddable":true,"href":"https:\/\/agora.xtec.cat\/esc-jverdaguer\/wp-json\/wp\/v2\/comments?post=3132"}],"version-history":[{"count":3,"href":"https:\/\/agora.xtec.cat\/esc-jverdaguer\/wp-json\/wp\/v2\/posts\/3132\/revisions"}],"predecessor-version":[{"id":3142,"href":"https:\/\/agora.xtec.cat\/esc-jverdaguer\/wp-json\/wp\/v2\/posts\/3132\/revisions\/3142"}],"wp:featuredmedia":[{"embeddable":true,"href":"https:\/\/agora.xtec.cat\/esc-jverdaguer\/wp-json\/wp\/v2\/media\/3133"}],"wp:attachment":[{"href":"https:\/\/agora.xtec.cat\/esc-jverdaguer\/wp-json\/wp\/v2\/media?parent=3132"}],"wp:term":[{"taxonomy":"category","embeddable":true,"href":"https:\/\/agora.xtec.cat\/esc-jverdaguer\/wp-json\/wp\/v2\/categories?post=3132"},{"taxonomy":"post_tag","embeddable":true,"href":"https:\/\/agora.xtec.cat\/esc-jverdaguer\/wp-json\/wp\/v2\/tags?post=3132"}],"curies":[{"name":"wp","href":"https:\/\/api.w.org\/{rel}","templated":true}]}}