{"id":2557,"date":"2025-09-17T12:13:37","date_gmt":"2025-09-17T10:13:37","guid":{"rendered":"https:\/\/agora.xtec.cat\/esc-jverdaguer\/?p=2557"},"modified":"2025-11-06T19:22:16","modified_gmt":"2025-11-06T18:22:16","slug":"benvinguda-a-les-families-de-la-comunitat-de-mitjans","status":"publish","type":"post","link":"https:\/\/agora.xtec.cat\/esc-jverdaguer\/portada\/benvinguda-a-les-families-de-la-comunitat-de-mitjans\/","title":{"rendered":"Benvinguda a les fam\u00edlies de la Comunitat de Mitjans"},"content":{"rendered":"<p data-start=\"224\" data-end=\"460\">Aquesta setmana hem celebrat les reunions d\u2019inici de curs amb les fam\u00edlies de 1r, 2n i 3r. Van anar molt b\u00e9 i ens van permetre explicar de prop com volem treballar aquest curs i quins s\u00f3n els objectius que ens hem marcat com a centre.<\/p>\n<p data-start=\"462\" data-end=\"771\">L\u2019Ana, la Patr\u00edcia i la Saray van presentar les principals novetats i van compartir amb les fam\u00edlies la il\u00b7lusi\u00f3 i l\u2019energia amb qu\u00e8 l\u2019equip enceta el curs. Tamb\u00e9 va ser una bona oportunitat per presentar les l\u00ednies estrat\u00e8giques del centre i per refor\u00e7ar la idea que l\u2019escola i les fam\u00edlies fem cam\u00ed junts.<\/p>\n<p data-start=\"773\" data-end=\"942\">Gr\u00e0cies a totes les fam\u00edlies per l\u2019assist\u00e8ncia i per la confian\u00e7a. La vostra participaci\u00f3 \u00e9s clau perqu\u00e8 els infants se sentin acompanyats i valorats en aquesta etapa.<\/p>\n<p data-start=\"944\" data-end=\"985\">Aqu\u00ed podeu recuperar les presentacions:<\/p>\n<p data-start=\"944\" data-end=\"985\"><a href=\"https:\/\/agora.xtec.cat\/esc-jverdaguer\/wp-content\/uploads\/usu831\/2025\/09\/1r.PRIMARIA-REUNIO-INICI-DE-CURS.-25-26.pdf\">1r.PRIM\u00c0RIA REUNI\u00d3 INICI DE CURS. 25-26<\/a><\/p>\n<p data-start=\"944\" data-end=\"985\"><a href=\"https:\/\/agora.xtec.cat\/esc-jverdaguer\/wp-content\/uploads\/usu831\/2025\/09\/2n.-PRIMARIA-REUNIO-INICI-DE-CURS.-25-26.pdf\">2n. PRIM\u00c0RIA REUNI\u00d3 INICI DE CURS. 25-26<\/a><\/p>\n<p data-start=\"944\" data-end=\"985\"><a href=\"https:\/\/agora.xtec.cat\/esc-jverdaguer\/wp-content\/uploads\/usu831\/2025\/09\/3r.-PRIMARIA-REUNIO-INICI-DE-CURS.-25-26.pdf\">3r. PRIM\u00c0RIA REUNI\u00d3 INICI DE CURS. 25-26<\/a><\/p>\n<p data-start=\"944\" data-end=\"985\">\u00a0<\/p>\n\n\n<div class=\"wp-block-getwid-images-slider has-arrows-inside has-dots-inside is-carousel has-slides-gap-small has-images-center has-cropped-images alignwide\"><div class=\"wp-block-getwid-images-slider__wrapper\" data-effect=\"slide\" data-slides-show=\"2\" data-slides-show-laptop=\"2\" data-slides-show-tablet=\"1\" data-slides-show-mobile=\"1\" data-slides-scroll=\"1\" data-autoplay=\"true\" data-pause-hover=\"false\" data-autoplay-speed=\"6000\" data-infinite=\"true\" data-animation-speed=\"800\" data-center-mode=\"false\" data-variable-width=\"false\" data-arrows=\"inside\" data-dots=\"inside\" data-spacing=\"small\"><div class=\"wp-block-getwid-images-slider__item\"><figure><img loading=\"lazy\" decoding=\"async\" width=\"2560\" height=\"1920\" src=\"https:\/\/agora.xtec.cat\/esc-jverdaguer\/wp-content\/uploads\/usu831\/2025\/09\/IMG_6909-scaled.jpg\" alt=\"\" data-id=\"2564\" data-link=\"https:\/\/agora.xtec.cat\/esc-jverdaguer\/portada\/benvinguda-a-les-families-de-la-comunitat-de-mitjans\/attachment\/img_6909\/\" data-original-link=\"https:\/\/agora.xtec.cat\/esc-jverdaguer\/wp-content\/uploads\/usu831\/2025\/09\/IMG_6909-scaled.jpg\" class=\"wp-block-getwid-images-slider__image wp-image-2564\" srcset=\"https:\/\/agora.xtec.cat\/esc-jverdaguer\/wp-content\/uploads\/usu831\/2025\/09\/IMG_6909-scaled.jpg 2560w, https:\/\/agora.xtec.cat\/esc-jverdaguer\/wp-content\/uploads\/usu831\/2025\/09\/IMG_6909-300x225.jpg 300w, https:\/\/agora.xtec.cat\/esc-jverdaguer\/wp-content\/uploads\/usu831\/2025\/09\/IMG_6909-1024x768.jpg 1024w, https:\/\/agora.xtec.cat\/esc-jverdaguer\/wp-content\/uploads\/usu831\/2025\/09\/IMG_6909-768x576.jpg 768w, https:\/\/agora.xtec.cat\/esc-jverdaguer\/wp-content\/uploads\/usu831\/2025\/09\/IMG_6909-1536x1152.jpg 1536w, https:\/\/agora.xtec.cat\/esc-jverdaguer\/wp-content\/uploads\/usu831\/2025\/09\/IMG_6909-2048x1536.jpg 2048w, https:\/\/agora.xtec.cat\/esc-jverdaguer\/wp-content\/uploads\/usu831\/2025\/09\/IMG_6909-200x150.jpg 200w\" sizes=\"auto, (max-width: 2560px) 100vw, 2560px\" \/><\/figure><\/div><div class=\"wp-block-getwid-images-slider__item\"><figure><img loading=\"lazy\" decoding=\"async\" width=\"2560\" height=\"1920\" src=\"https:\/\/agora.xtec.cat\/esc-jverdaguer\/wp-content\/uploads\/usu831\/2025\/09\/IMG_6906-scaled.jpg\" alt=\"\" data-id=\"2563\" data-link=\"https:\/\/agora.xtec.cat\/esc-jverdaguer\/portada\/benvinguda-a-les-families-de-la-comunitat-de-mitjans\/attachment\/img_6906\/\" data-original-link=\"https:\/\/agora.xtec.cat\/esc-jverdaguer\/wp-content\/uploads\/usu831\/2025\/09\/IMG_6906-scaled.jpg\" class=\"wp-block-getwid-images-slider__image wp-image-2563\" srcset=\"https:\/\/agora.xtec.cat\/esc-jverdaguer\/wp-content\/uploads\/usu831\/2025\/09\/IMG_6906-scaled.jpg 2560w, https:\/\/agora.xtec.cat\/esc-jverdaguer\/wp-content\/uploads\/usu831\/2025\/09\/IMG_6906-300x225.jpg 300w, https:\/\/agora.xtec.cat\/esc-jverdaguer\/wp-content\/uploads\/usu831\/2025\/09\/IMG_6906-1024x768.jpg 1024w, https:\/\/agora.xtec.cat\/esc-jverdaguer\/wp-content\/uploads\/usu831\/2025\/09\/IMG_6906-768x576.jpg 768w, https:\/\/agora.xtec.cat\/esc-jverdaguer\/wp-content\/uploads\/usu831\/2025\/09\/IMG_6906-1536x1152.jpg 1536w, https:\/\/agora.xtec.cat\/esc-jverdaguer\/wp-content\/uploads\/usu831\/2025\/09\/IMG_6906-2048x1536.jpg 2048w, https:\/\/agora.xtec.cat\/esc-jverdaguer\/wp-content\/uploads\/usu831\/2025\/09\/IMG_6906-200x150.jpg 200w\" sizes=\"auto, (max-width: 2560px) 100vw, 2560px\" \/><\/figure><\/div><div class=\"wp-block-getwid-images-slider__item\"><figure><img loading=\"lazy\" decoding=\"async\" width=\"2560\" height=\"1920\" src=\"https:\/\/agora.xtec.cat\/esc-jverdaguer\/wp-content\/uploads\/usu831\/2025\/09\/IMG_6905-scaled.jpg\" alt=\"\" data-id=\"2562\" data-link=\"https:\/\/agora.xtec.cat\/esc-jverdaguer\/portada\/benvinguda-a-les-families-de-la-comunitat-de-mitjans\/attachment\/img_6905\/\" data-original-link=\"https:\/\/agora.xtec.cat\/esc-jverdaguer\/wp-content\/uploads\/usu831\/2025\/09\/IMG_6905-scaled.jpg\" class=\"wp-block-getwid-images-slider__image wp-image-2562\" srcset=\"https:\/\/agora.xtec.cat\/esc-jverdaguer\/wp-content\/uploads\/usu831\/2025\/09\/IMG_6905-scaled.jpg 2560w, https:\/\/agora.xtec.cat\/esc-jverdaguer\/wp-content\/uploads\/usu831\/2025\/09\/IMG_6905-300x225.jpg 300w, https:\/\/agora.xtec.cat\/esc-jverdaguer\/wp-content\/uploads\/usu831\/2025\/09\/IMG_6905-1024x768.jpg 1024w, https:\/\/agora.xtec.cat\/esc-jverdaguer\/wp-content\/uploads\/usu831\/2025\/09\/IMG_6905-768x576.jpg 768w, https:\/\/agora.xtec.cat\/esc-jverdaguer\/wp-content\/uploads\/usu831\/2025\/09\/IMG_6905-1536x1152.jpg 1536w, https:\/\/agora.xtec.cat\/esc-jverdaguer\/wp-content\/uploads\/usu831\/2025\/09\/IMG_6905-2048x1536.jpg 2048w, https:\/\/agora.xtec.cat\/esc-jverdaguer\/wp-content\/uploads\/usu831\/2025\/09\/IMG_6905-200x150.jpg 200w\" sizes=\"auto, (max-width: 2560px) 100vw, 2560px\" \/><\/figure><\/div><\/div><\/div>\n","protected":false},"excerpt":{"rendered":"<p>Aquesta setmana hem celebrat les reunions d\u2019inici de curs amb les fam\u00edlies de 1r, 2n i 3r. Van anar molt b\u00e9 i ens van permetre explicar de prop com volem treballar aquest curs i quins s\u00f3n els objectius que ens hem marcat com a centre. L\u2019Ana, la Patr\u00edcia i la Saray van presentar les principals [&hellip;]<\/p>\n","protected":false},"author":1,"featured_media":2562,"comment_status":"closed","ping_status":"open","sticky":false,"template":"","format":"standard","meta":{"_bbp_topic_count":0,"_bbp_reply_count":0,"_bbp_total_topic_count":0,"_bbp_total_reply_count":0,"_bbp_voice_count":0,"_bbp_anonymous_reply_count":0,"_bbp_topic_count_hidden":0,"_bbp_reply_count_hidden":0,"_bbp_forum_subforum_count":0,"site-sidebar-layout":"no-sidebar","site-content-layout":"","ast-site-content-layout":"default","site-content-style":"default","site-sidebar-style":"default","ast-global-header-display":"","ast-banner-title-visibility":"","ast-main-header-display":"","ast-hfb-above-header-display":"","ast-hfb-below-header-display":"","ast-hfb-mobile-header-display":"","site-post-title":"","ast-breadcrumbs-content":"","ast-featured-img":"","footer-sml-layout":"","theme-transparent-header-meta":"","adv-header-id-meta":"","stick-header-meta":"","header-above-stick-meta":"","header-main-stick-meta":"","header-below-stick-meta":"","astra-migrate-meta-layouts":"set","ast-page-background-enabled":"default","ast-page-background-meta":{"desktop":{"background-color":"var(--ast-global-color-4)","background-image":"","background-repeat":"repeat","background-position":"center center","background-size":"auto","background-attachment":"scroll","background-type":"","background-media":"","overlay-type":"","overlay-color":"","overlay-opacity":"","overlay-gradient":""},"tablet":{"background-color":"","background-image":"","background-repeat":"repeat","background-position":"center center","background-size":"auto","background-attachment":"scroll","background-type":"","background-media":"","overlay-type":"","overlay-color":"","overlay-opacity":"","overlay-gradient":""},"mobile":{"background-color":"","background-image":"","background-repeat":"repeat","background-position":"center center","background-size":"auto","background-attachment":"scroll","background-type":"","background-media":"","overlay-type":"","overlay-color":"","overlay-opacity":"","overlay-gradient":""}},"ast-content-background-meta":{"desktop":{"background-color":"var(--ast-global-color-5)","background-image":"","background-repeat":"repeat","background-position":"center center","background-size":"auto","background-attachment":"scroll","background-type":"","background-media":"","overlay-type":"","overlay-color":"","overlay-opacity":"","overlay-gradient":""},"tablet":{"background-color":"var(--ast-global-color-5)","background-image":"","background-repeat":"repeat","background-position":"center center","background-size":"auto","background-attachment":"scroll","background-type":"","background-media":"","overlay-type":"","overlay-color":"","overlay-opacity":"","overlay-gradient":""},"mobile":{"background-color":"var(--ast-global-color-5)","background-image":"","background-repeat":"repeat","background-position":"center center","background-size":"auto","background-attachment":"scroll","background-type":"","background-media":"","overlay-type":"","overlay-color":"","overlay-opacity":"","overlay-gradient":""}},"footnotes":""},"categories":[62,4],"tags":[],"class_list":["post-2557","post","type-post","status-publish","format-standard","has-post-thumbnail","hentry","category-comunitat-de-mitjans","category-portada"],"post_mailing_queue_ids":[],"_links":{"self":[{"href":"https:\/\/agora.xtec.cat\/esc-jverdaguer\/wp-json\/wp\/v2\/posts\/2557","targetHints":{"allow":["GET"]}}],"collection":[{"href":"https:\/\/agora.xtec.cat\/esc-jverdaguer\/wp-json\/wp\/v2\/posts"}],"about":[{"href":"https:\/\/agora.xtec.cat\/esc-jverdaguer\/wp-json\/wp\/v2\/types\/post"}],"author":[{"embeddable":true,"href":"https:\/\/agora.xtec.cat\/esc-jverdaguer\/wp-json\/wp\/v2\/users\/1"}],"replies":[{"embeddable":true,"href":"https:\/\/agora.xtec.cat\/esc-jverdaguer\/wp-json\/wp\/v2\/comments?post=2557"}],"version-history":[{"count":4,"href":"https:\/\/agora.xtec.cat\/esc-jverdaguer\/wp-json\/wp\/v2\/posts\/2557\/revisions"}],"predecessor-version":[{"id":2940,"href":"https:\/\/agora.xtec.cat\/esc-jverdaguer\/wp-json\/wp\/v2\/posts\/2557\/revisions\/2940"}],"wp:featuredmedia":[{"embeddable":true,"href":"https:\/\/agora.xtec.cat\/esc-jverdaguer\/wp-json\/wp\/v2\/media\/2562"}],"wp:attachment":[{"href":"https:\/\/agora.xtec.cat\/esc-jverdaguer\/wp-json\/wp\/v2\/media?parent=2557"}],"wp:term":[{"taxonomy":"category","embeddable":true,"href":"https:\/\/agora.xtec.cat\/esc-jverdaguer\/wp-json\/wp\/v2\/categories?post=2557"},{"taxonomy":"post_tag","embeddable":true,"href":"https:\/\/agora.xtec.cat\/esc-jverdaguer\/wp-json\/wp\/v2\/tags?post=2557"}],"curies":[{"name":"wp","href":"https:\/\/api.w.org\/{rel}","templated":true}]}}